{"id":11155,"date":"2022-12-19T21:44:15","date_gmt":"2022-12-19T21:44:15","guid":{"rendered":"https:\/\/whatsappmexico.com\/?p=11155"},"modified":"2022-12-19T21:44:15","modified_gmt":"2022-12-19T21:44:15","slug":"el-festival-de-cannes-pide-la-liberacion-inmediata-de-la-actriz-irani-detenida","status":"publish","type":"post","link":"https:\/\/whatsappmexico.com\/?p=11155","title":{"rendered":"El Festival de Cannes pide la \u2018liberaci\u00f3n inmediata\u2019 de la actriz iran\u00ed detenida"},"content":{"rendered":"<h4>El Festival de Cannes pidi\u00f3 este lunes la \u201cliberaci\u00f3n inmediata\u201d de la actriz iran\u00ed Taraneh Alidoosti.<\/h4>\n<p>El Festival de Cannes: La cual est\u00e1 detenida el s\u00e1bado en su pa\u00eds por apoyar las protestas de los \u00faltimos tres meses contra el r\u00e9gimen isl\u00e1mico.<\/p>\n<p>En un comunicado divulgado en redes sociales, el festival subray\u00f3 su \u201ccondena firme\u201d.<\/p>\n<p>As\u00ed como de\u00a0\u201ctodo su apoyo\u201d a Alidoosti que, seg\u00fan medios iran\u00edes, fue arrestada bajo la acusaci\u00f3n de incitar a los disturbios de su pa\u00eds.<\/p>\n<p>\u201cEn solidaridad con la lucha pac\u00edfica que mantiene por la libertad y los derechos de las mujeres\u201d.<\/p>\n<p>\u201cAdem\u00e1s del Festival de Cannes le muestra todo su apoyo\u201d, se\u00f1al\u00f3 el certamen franc\u00e9s.<\/p>\n<p>El delegado general del festival, Thierry Fr\u00e9maux, ratific\u00f3 posteriormente esta postura.<\/p>\n<p>Adem\u00e1s de que\u00a0asegur\u00f3 que la intenci\u00f3n del festival es que la actriz sepa que Cannes est\u00e1 con ella.<\/p>\n<p>A\u00a0trav\u00e9s de la prestigiosa cita francesa, \u201ctoda la comunidad internacional\u201d, seg\u00fan explic\u00f3 en declaraciones a la radio p\u00fablica FranceInfo.<\/p>\n<p>Fr\u00e9maux hizo hincapi\u00e9 en que Alidoosti, pudiendo permanecer callada.<\/p>\n<h4>Al igual de que\u00a0no ces\u00f3 de comprometerse con las reivindicaciones en su pa\u00eds y que, como all\u00ed \u201ces tan popular\u201d.<\/h4>\n<p>As\u00ed como que se volvi\u00f3 \u201cpeligrosa para el r\u00e9gimen\u201d.<\/p>\n<p>\u201cForma parte de la gente que se queda en el pa\u00eds y que intenta luchar all\u00ed donde est\u00e1. Es a la vez formidable y preocupante para ella\u201d.<\/p>\n<p>As\u00ed como que\u00a0asever\u00f3 el delegado general del festival.<\/p>\n<p>De acuerdo con las informaciones publicadas en Ir\u00e1n, Alidoosti public\u00f3 contenidos considerados por las autoridades de Teher\u00e1n falsos y distorsionadores.<\/p>\n<p>Adem\u00e1s de haber promovido disturbios y apoyado a movimientos anti-iran\u00edes.<\/p>\n<p>Tarane Alidoosti (Teher\u00e1n, 1984) ha conseguido varios premios a lo largo de su carrera.<\/p>\n<p>Adem\u00e1s de que\u00a0fue la protagonista de la pel\u00edcula \u201cThe Salesman\u201d (\u201cEl viajante\u201d y \u201cForushandeh\u201d en persa).<\/p>\n<p>La cual est\u00e1 dirigida en 2016 por su compatriota Asghar Farhadi y que en 2017 obtuvo el \u00d3scar a la Mejor Pel\u00edcula de Lengua Extranjera.<\/p>\n<p>En julio pasado, el Festival de Cannes ya pidi\u00f3 la liberaci\u00f3n de tres cineastas iran\u00edes detenidos en su pa\u00eds:<\/p>\n<p>Mostafa Aleahmad, Mohammad Rasoulof y Jafar Panahi.<\/p>\n","protected":false},"excerpt":{"rendered":"<p>El Festival de Cannes pidi\u00f3 este lunes la \u201cliberaci\u00f3n inmediata\u201d de la actriz iran\u00ed Taraneh Alidoosti. El Festival de Cannes: La cual est\u00e1 detenida el s\u00e1bado en su pa\u00eds por apoyar las protestas de los \u00faltimos tres meses contra el&#8230;<\/p>\n","protected":false},"author":1,"featured_media":11156,"comment_status":"open","ping_status":"open","sticky":false,"template":"","format":"standard","meta":{"footnotes":""},"categories":[2],"tags":[],"class_list":["post-11155","post","type-post","status-publish","format-standard","has-post-thumbnail","hentry","category-cultural"],"yoast_head":"<!-- This site is optimized with the Yoast SEO plugin v27.4 - https:\/\/yoast.com\/product\/yoast-seo-wordpress\/ -->\n<title>El Festival de Cannes pide la \u2018liberaci\u00f3n inmediata\u2019 de la actriz iran\u00ed<\/title>\n<meta name=\"description\" content=\"El Festival de Cannes pide la \u2018liberaci\u00f3n inmediata\u2019 de la actriz iran\u00ed detenida; est\u00e1 detenida el s\u00e1bado en su pa\u00eds por apoyar las protestas\" \/>\n<meta name=\"robots\" content=\"index, follow, max-snippet:-1, max-image-preview:large, max-video-preview:-1\" \/>\n<link rel=\"canonical\" href=\"https:\/\/whatsappmexico.com\/?p=11155\" \/>\n<meta property=\"og:locale\" content=\"es_ES\" \/>\n<meta property=\"og:type\" content=\"article\" \/>\n<meta property=\"og:title\" content=\"El Festival de Cannes pide la \u2018liberaci\u00f3n inmediata\u2019 de la actriz iran\u00ed\" \/>\n<meta property=\"og:description\" content=\"El Festival de Cannes pide la \u2018liberaci\u00f3n inmediata\u2019 de la actriz iran\u00ed detenida; est\u00e1 detenida el s\u00e1bado en su pa\u00eds por apoyar las protestas\" \/>\n<meta property=\"og:url\" content=\"https:\/\/whatsappmexico.com\/?p=11155\" \/>\n<meta property=\"article:published_time\" content=\"2022-12-19T21:44:15+00:00\" \/>\n<meta property=\"og:image\" content=\"https:\/\/whatsappmexico.com\/wp-content\/uploads\/2022\/12\/2-12.jpg\" \/>\n\t<meta property=\"og:image:width\" content=\"259\" \/>\n\t<meta property=\"og:image:height\" content=\"194\" \/>\n\t<meta property=\"og:image:type\" content=\"image\/jpeg\" \/>\n<meta name=\"author\" content=\"admin\" \/>\n<meta name=\"twitter:card\" content=\"summary_large_image\" \/>\n<meta name=\"twitter:label1\" content=\"Escrito por\" \/>\n\t<meta name=\"twitter:data1\" content=\"admin\" \/>\n\t<meta name=\"twitter:label2\" content=\"Tiempo de lectura\" \/>\n\t<meta name=\"twitter:data2\" content=\"2 minutos\" \/>\n<script type=\"application\/ld+json\" class=\"yoast-schema-graph\">{\"@context\":\"https:\\\/\\\/schema.org\",\"@graph\":[{\"@type\":\"Article\",\"@id\":\"https:\\\/\\\/whatsappmexico.com\\\/?p=11155#article\",\"isPartOf\":{\"@id\":\"https:\\\/\\\/whatsappmexico.com\\\/?p=11155\"},\"author\":{\"name\":\"admin\",\"@id\":\"https:\\\/\\\/whatsappmexico.com\\\/#\\\/schema\\\/person\\\/082b02d197e5c0d9eeef91cf10d3643e\"},\"headline\":\"El Festival de Cannes pide la \u2018liberaci\u00f3n inmediata\u2019 de la actriz iran\u00ed detenida\",\"datePublished\":\"2022-12-19T21:44:15+00:00\",\"mainEntityOfPage\":{\"@id\":\"https:\\\/\\\/whatsappmexico.com\\\/?p=11155\"},\"wordCount\":393,\"commentCount\":0,\"image\":{\"@id\":\"https:\\\/\\\/whatsappmexico.com\\\/?p=11155#primaryimage\"},\"thumbnailUrl\":\"https:\\\/\\\/whatsappmexico.com\\\/wp-content\\\/uploads\\\/2022\\\/12\\\/2-12.jpg\",\"articleSection\":[\"Cultural\"],\"inLanguage\":\"es\",\"potentialAction\":[{\"@type\":\"CommentAction\",\"name\":\"Comment\",\"target\":[\"https:\\\/\\\/whatsappmexico.com\\\/?p=11155#respond\"]}]},{\"@type\":\"WebPage\",\"@id\":\"https:\\\/\\\/whatsappmexico.com\\\/?p=11155\",\"url\":\"https:\\\/\\\/whatsappmexico.com\\\/?p=11155\",\"name\":\"El Festival de Cannes pide la \u2018liberaci\u00f3n inmediata\u2019 de la actriz iran\u00ed\",\"isPartOf\":{\"@id\":\"https:\\\/\\\/whatsappmexico.com\\\/#website\"},\"primaryImageOfPage\":{\"@id\":\"https:\\\/\\\/whatsappmexico.com\\\/?p=11155#primaryimage\"},\"image\":{\"@id\":\"https:\\\/\\\/whatsappmexico.com\\\/?p=11155#primaryimage\"},\"thumbnailUrl\":\"https:\\\/\\\/whatsappmexico.com\\\/wp-content\\\/uploads\\\/2022\\\/12\\\/2-12.jpg\",\"datePublished\":\"2022-12-19T21:44:15+00:00\",\"author\":{\"@id\":\"https:\\\/\\\/whatsappmexico.com\\\/#\\\/schema\\\/person\\\/082b02d197e5c0d9eeef91cf10d3643e\"},\"description\":\"El Festival de Cannes pide la \u2018liberaci\u00f3n inmediata\u2019 de la actriz iran\u00ed detenida; est\u00e1 detenida el s\u00e1bado en su pa\u00eds por apoyar las protestas\",\"breadcrumb\":{\"@id\":\"https:\\\/\\\/whatsappmexico.com\\\/?p=11155#breadcrumb\"},\"inLanguage\":\"es\",\"potentialAction\":[{\"@type\":\"ReadAction\",\"target\":[\"https:\\\/\\\/whatsappmexico.com\\\/?p=11155\"]}]},{\"@type\":\"ImageObject\",\"inLanguage\":\"es\",\"@id\":\"https:\\\/\\\/whatsappmexico.com\\\/?p=11155#primaryimage\",\"url\":\"https:\\\/\\\/whatsappmexico.com\\\/wp-content\\\/uploads\\\/2022\\\/12\\\/2-12.jpg\",\"contentUrl\":\"https:\\\/\\\/whatsappmexico.com\\\/wp-content\\\/uploads\\\/2022\\\/12\\\/2-12.jpg\",\"width\":259,\"height\":194,\"caption\":\"El Festival de Cannes pide la \u2018liberaci\u00f3n inmediata\u2019 de la actriz iran\u00ed detenida\"},{\"@type\":\"BreadcrumbList\",\"@id\":\"https:\\\/\\\/whatsappmexico.com\\\/?p=11155#breadcrumb\",\"itemListElement\":[{\"@type\":\"ListItem\",\"position\":1,\"name\":\"Portada\",\"item\":\"https:\\\/\\\/whatsappmexico.com\\\/\"},{\"@type\":\"ListItem\",\"position\":2,\"name\":\"El Festival de Cannes pide la \u2018liberaci\u00f3n inmediata\u2019 de la actriz iran\u00ed detenida\"}]},{\"@type\":\"WebSite\",\"@id\":\"https:\\\/\\\/whatsappmexico.com\\\/#website\",\"url\":\"https:\\\/\\\/whatsappmexico.com\\\/\",\"name\":\"\",\"description\":\"La Noticia M\u00e1s R\u00e1pida\",\"potentialAction\":[{\"@type\":\"SearchAction\",\"target\":{\"@type\":\"EntryPoint\",\"urlTemplate\":\"https:\\\/\\\/whatsappmexico.com\\\/?s={search_term_string}\"},\"query-input\":{\"@type\":\"PropertyValueSpecification\",\"valueRequired\":true,\"valueName\":\"search_term_string\"}}],\"inLanguage\":\"es\"},{\"@type\":\"Person\",\"@id\":\"https:\\\/\\\/whatsappmexico.com\\\/#\\\/schema\\\/person\\\/082b02d197e5c0d9eeef91cf10d3643e\",\"name\":\"admin\",\"image\":{\"@type\":\"ImageObject\",\"inLanguage\":\"es\",\"@id\":\"https:\\\/\\\/secure.gravatar.com\\\/avatar\\\/c2e50278fd314cf93ecf18c6171760d6d7972373780a207099fd11e86caef7a0?s=96&d=mm&r=g\",\"url\":\"https:\\\/\\\/secure.gravatar.com\\\/avatar\\\/c2e50278fd314cf93ecf18c6171760d6d7972373780a207099fd11e86caef7a0?s=96&d=mm&r=g\",\"contentUrl\":\"https:\\\/\\\/secure.gravatar.com\\\/avatar\\\/c2e50278fd314cf93ecf18c6171760d6d7972373780a207099fd11e86caef7a0?s=96&d=mm&r=g\",\"caption\":\"admin\"},\"sameAs\":[\"https:\\\/\\\/whatsappmexico.com\"],\"url\":\"https:\\\/\\\/whatsappmexico.com\\\/?author=1\"}]}<\/script>\n<!-- \/ Yoast SEO plugin. -->","yoast_head_json":{"title":"El Festival de Cannes pide la \u2018liberaci\u00f3n inmediata\u2019 de la actriz iran\u00ed","description":"El Festival de Cannes pide la \u2018liberaci\u00f3n inmediata\u2019 de la actriz iran\u00ed detenida; est\u00e1 detenida el s\u00e1bado en su pa\u00eds por apoyar las protestas","robots":{"index":"index","follow":"follow","max-snippet":"max-snippet:-1","max-image-preview":"max-image-preview:large","max-video-preview":"max-video-preview:-1"},"canonical":"https:\/\/whatsappmexico.com\/?p=11155","og_locale":"es_ES","og_type":"article","og_title":"El Festival de Cannes pide la \u2018liberaci\u00f3n inmediata\u2019 de la actriz iran\u00ed","og_description":"El Festival de Cannes pide la \u2018liberaci\u00f3n inmediata\u2019 de la actriz iran\u00ed detenida; est\u00e1 detenida el s\u00e1bado en su pa\u00eds por apoyar las protestas","og_url":"https:\/\/whatsappmexico.com\/?p=11155","article_published_time":"2022-12-19T21:44:15+00:00","og_image":[{"width":259,"height":194,"url":"https:\/\/whatsappmexico.com\/wp-content\/uploads\/2022\/12\/2-12.jpg","type":"image\/jpeg"}],"author":"admin","twitter_card":"summary_large_image","twitter_misc":{"Escrito por":"admin","Tiempo de lectura":"2 minutos"},"schema":{"@context":"https:\/\/schema.org","@graph":[{"@type":"Article","@id":"https:\/\/whatsappmexico.com\/?p=11155#article","isPartOf":{"@id":"https:\/\/whatsappmexico.com\/?p=11155"},"author":{"name":"admin","@id":"https:\/\/whatsappmexico.com\/#\/schema\/person\/082b02d197e5c0d9eeef91cf10d3643e"},"headline":"El Festival de Cannes pide la \u2018liberaci\u00f3n inmediata\u2019 de la actriz iran\u00ed detenida","datePublished":"2022-12-19T21:44:15+00:00","mainEntityOfPage":{"@id":"https:\/\/whatsappmexico.com\/?p=11155"},"wordCount":393,"commentCount":0,"image":{"@id":"https:\/\/whatsappmexico.com\/?p=11155#primaryimage"},"thumbnailUrl":"https:\/\/whatsappmexico.com\/wp-content\/uploads\/2022\/12\/2-12.jpg","articleSection":["Cultural"],"inLanguage":"es","potentialAction":[{"@type":"CommentAction","name":"Comment","target":["https:\/\/whatsappmexico.com\/?p=11155#respond"]}]},{"@type":"WebPage","@id":"https:\/\/whatsappmexico.com\/?p=11155","url":"https:\/\/whatsappmexico.com\/?p=11155","name":"El Festival de Cannes pide la \u2018liberaci\u00f3n inmediata\u2019 de la actriz iran\u00ed","isPartOf":{"@id":"https:\/\/whatsappmexico.com\/#website"},"primaryImageOfPage":{"@id":"https:\/\/whatsappmexico.com\/?p=11155#primaryimage"},"image":{"@id":"https:\/\/whatsappmexico.com\/?p=11155#primaryimage"},"thumbnailUrl":"https:\/\/whatsappmexico.com\/wp-content\/uploads\/2022\/12\/2-12.jpg","datePublished":"2022-12-19T21:44:15+00:00","author":{"@id":"https:\/\/whatsappmexico.com\/#\/schema\/person\/082b02d197e5c0d9eeef91cf10d3643e"},"description":"El Festival de Cannes pide la \u2018liberaci\u00f3n inmediata\u2019 de la actriz iran\u00ed detenida; est\u00e1 detenida el s\u00e1bado en su pa\u00eds por apoyar las protestas","breadcrumb":{"@id":"https:\/\/whatsappmexico.com\/?p=11155#breadcrumb"},"inLanguage":"es","potentialAction":[{"@type":"ReadAction","target":["https:\/\/whatsappmexico.com\/?p=11155"]}]},{"@type":"ImageObject","inLanguage":"es","@id":"https:\/\/whatsappmexico.com\/?p=11155#primaryimage","url":"https:\/\/whatsappmexico.com\/wp-content\/uploads\/2022\/12\/2-12.jpg","contentUrl":"https:\/\/whatsappmexico.com\/wp-content\/uploads\/2022\/12\/2-12.jpg","width":259,"height":194,"caption":"El Festival de Cannes pide la \u2018liberaci\u00f3n inmediata\u2019 de la actriz iran\u00ed detenida"},{"@type":"BreadcrumbList","@id":"https:\/\/whatsappmexico.com\/?p=11155#breadcrumb","itemListElement":[{"@type":"ListItem","position":1,"name":"Portada","item":"https:\/\/whatsappmexico.com\/"},{"@type":"ListItem","position":2,"name":"El Festival de Cannes pide la \u2018liberaci\u00f3n inmediata\u2019 de la actriz iran\u00ed detenida"}]},{"@type":"WebSite","@id":"https:\/\/whatsappmexico.com\/#website","url":"https:\/\/whatsappmexico.com\/","name":"","description":"La Noticia M\u00e1s R\u00e1pida","potentialAction":[{"@type":"SearchAction","target":{"@type":"EntryPoint","urlTemplate":"https:\/\/whatsappmexico.com\/?s={search_term_string}"},"query-input":{"@type":"PropertyValueSpecification","valueRequired":true,"valueName":"search_term_string"}}],"inLanguage":"es"},{"@type":"Person","@id":"https:\/\/whatsappmexico.com\/#\/schema\/person\/082b02d197e5c0d9eeef91cf10d3643e","name":"admin","image":{"@type":"ImageObject","inLanguage":"es","@id":"https:\/\/secure.gravatar.com\/avatar\/c2e50278fd314cf93ecf18c6171760d6d7972373780a207099fd11e86caef7a0?s=96&d=mm&r=g","url":"https:\/\/secure.gravatar.com\/avatar\/c2e50278fd314cf93ecf18c6171760d6d7972373780a207099fd11e86caef7a0?s=96&d=mm&r=g","contentUrl":"https:\/\/secure.gravatar.com\/avatar\/c2e50278fd314cf93ecf18c6171760d6d7972373780a207099fd11e86caef7a0?s=96&d=mm&r=g","caption":"admin"},"sameAs":["https:\/\/whatsappmexico.com"],"url":"https:\/\/whatsappmexico.com\/?author=1"}]}},"_links":{"self":[{"href":"https:\/\/whatsappmexico.com\/index.php?rest_route=\/wp\/v2\/posts\/11155","targetHints":{"allow":["GET"]}}],"collection":[{"href":"https:\/\/whatsappmexico.com\/index.php?rest_route=\/wp\/v2\/posts"}],"about":[{"href":"https:\/\/whatsappmexico.com\/index.php?rest_route=\/wp\/v2\/types\/post"}],"author":[{"embeddable":true,"href":"https:\/\/whatsappmexico.com\/index.php?rest_route=\/wp\/v2\/users\/1"}],"replies":[{"embeddable":true,"href":"https:\/\/whatsappmexico.com\/index.php?rest_route=%2Fwp%2Fv2%2Fcomments&post=11155"}],"version-history":[{"count":1,"href":"https:\/\/whatsappmexico.com\/index.php?rest_route=\/wp\/v2\/posts\/11155\/revisions"}],"predecessor-version":[{"id":11157,"href":"https:\/\/whatsappmexico.com\/index.php?rest_route=\/wp\/v2\/posts\/11155\/revisions\/11157"}],"wp:featuredmedia":[{"embeddable":true,"href":"https:\/\/whatsappmexico.com\/index.php?rest_route=\/wp\/v2\/media\/11156"}],"wp:attachment":[{"href":"https:\/\/whatsappmexico.com\/index.php?rest_route=%2Fwp%2Fv2%2Fmedia&parent=11155"}],"wp:term":[{"taxonomy":"category","embeddable":true,"href":"https:\/\/whatsappmexico.com\/index.php?rest_route=%2Fwp%2Fv2%2Fcategories&post=11155"},{"taxonomy":"post_tag","embeddable":true,"href":"https:\/\/whatsappmexico.com\/index.php?rest_route=%2Fwp%2Fv2%2Ftags&post=11155"}],"curies":[{"name":"wp","href":"https:\/\/api.w.org\/{rel}","templated":true}]}}