{"id":11230,"date":"2022-12-23T23:22:13","date_gmt":"2022-12-23T23:22:13","guid":{"rendered":"https:\/\/whatsappmexico.com\/?p=11230"},"modified":"2022-12-23T23:22:13","modified_gmt":"2022-12-23T23:22:13","slug":"festival-machaca-anuncia-el-regreso-de-korn-a-mexico","status":"publish","type":"post","link":"https:\/\/whatsappmexico.com\/?p=11230","title":{"rendered":"Festival Machaca anuncia el regreso de Korn a M\u00e9xico"},"content":{"rendered":"<h4>El festival se realizar\u00e1 el pr\u00f3ximo 24 de junio en Monterrey, Nuevo Le\u00f3n.<\/h4>\n<p>Festival Machaca: Korn regresa a M\u00e9xico<\/p>\n<p>Uno de los festivales m\u00e1s importantes de Monterrey, el Machaca, ha dado un gran golpe de calidad.<\/p>\n<p>Esto luego de anunciar a su primera banda que formar\u00e1 parte de la edici\u00f3n 2023.<\/p>\n<p>As\u00ed como que pinta para ser una de las mejores en su historia.<\/p>\n<p>Fue la tarde de este jueves 22 de diciembre que a trav\u00e9s de las redes oficiales del festival se anunci\u00f3 que Korn.<\/p>\n<p>Adem\u00e1s de\u00a0la banda de un-metal regresar\u00e1 a M\u00e9xico luego de casi cuatro a\u00f1os de ausencia en M\u00e9xico.<\/p>\n<h4>Esto luego de que se presentara en la edici\u00f3n de 2019 del Vive Latino.<\/h4>\n<p>La banda liderada por Jonathan Davis har\u00e1 vibrar el festival con sus \u00e9xitos luego de presentar su m\u00e1s reciente \u00e1lbum Requiem.<\/p>\n<p>El cual fue\u00a0lanzado en febrero de 2022. Luego de algunos ajustes en la alineaci\u00f3n de la banda que signific\u00f3 la salida de Reginald Arvizu.<\/p>\n<p>As\u00ed como de\u00a0la incorporaci\u00f3n de Ra D\u00edaz como bajista, Korn se encuentra listo para nuevas aventuras.<\/p>\n<p>As\u00ed, la banda estadunidense se ha convertido en la primera banda del festival que se llevar\u00e1 a cabo el pr\u00f3ximo 24 de junio de 2023<\/p>\n<p>Esto\u00a0en el Parque Fundidora, Monterrey, Nuevo Le\u00f3n.<\/p>\n<p>El Festival Machaca se distingue por contar con artistas de diferentes g\u00e9neros musicales.<\/p>\n<h4>\u00bfCu\u00e1ntos cuestan los boletos del Festival Machaca?<\/h4>\n<p>La venta general para el p\u00fablico ser\u00e1 habilitada desde el pr\u00f3ximo lunes 26 de diciembre a trav\u00e9s de la p\u00e1gina del festival, exclusivamente.<\/p>\n<p>Los boletos tendr\u00e1n un costo de mil 80 pesos el acceso general; mil 400 pesos el pase premium y mil 900 el acceso VIP.<\/p>\n<h4>\u00bfCu\u00e1l es el cartel completo del Festival Machaca?<\/h4>\n<p>A\u00fan no se tiene definida una fecha exacta en la que se d\u00e9 a conocer la lista completa de los artistas que formar\u00e1n parte de esta nueva edici\u00f3n.<\/p>\n<p>Pero entre los nombres de artistas y grupos m\u00e1s sonados se encuentran:<\/p>\n<p>System Of a Down, Artic Monkeys, Zo\u00e9, My Chemical Romance y Red Hot Chilli Peppers.<\/p>\n<p>&nbsp;<\/p>\n","protected":false},"excerpt":{"rendered":"<p>El festival se realizar\u00e1 el pr\u00f3ximo 24 de junio en Monterrey, Nuevo Le\u00f3n. Festival Machaca: Korn regresa a M\u00e9xico Uno de los festivales m\u00e1s importantes de Monterrey, el Machaca, ha dado un gran golpe de calidad. Esto luego de anunciar&#8230;<\/p>\n","protected":false},"author":1,"featured_media":11231,"comment_status":"open","ping_status":"open","sticky":false,"template":"","format":"standard","meta":{"footnotes":""},"categories":[2],"tags":[],"class_list":["post-11230","post","type-post","status-publish","format-standard","has-post-thumbnail","hentry","category-cultural"],"yoast_head":"<!-- This site is optimized with the Yoast SEO plugin v27.4 - https:\/\/yoast.com\/product\/yoast-seo-wordpress\/ -->\n<title>Festival Machaca anuncia el regreso de Korn a M\u00e9xico<\/title>\n<meta name=\"description\" content=\"Festival Machaca anuncia el regreso de Korn a M\u00e9xico; se realizar\u00e1 el pr\u00f3ximo 24 de junio en Monterrey, Nuevo Le\u00f3n.\" \/>\n<meta name=\"robots\" content=\"index, follow, max-snippet:-1, max-image-preview:large, max-video-preview:-1\" \/>\n<link rel=\"canonical\" href=\"https:\/\/whatsappmexico.com\/?p=11230\" \/>\n<meta property=\"og:locale\" content=\"es_ES\" \/>\n<meta property=\"og:type\" content=\"article\" \/>\n<meta property=\"og:title\" content=\"Festival Machaca anuncia el regreso de Korn a M\u00e9xico\" \/>\n<meta property=\"og:description\" content=\"Festival Machaca anuncia el regreso de Korn a M\u00e9xico; se realizar\u00e1 el pr\u00f3ximo 24 de junio en Monterrey, Nuevo Le\u00f3n.\" \/>\n<meta property=\"og:url\" content=\"https:\/\/whatsappmexico.com\/?p=11230\" \/>\n<meta property=\"article:published_time\" content=\"2022-12-23T23:22:13+00:00\" \/>\n<meta property=\"og:image\" content=\"https:\/\/whatsappmexico.com\/wp-content\/uploads\/2022\/12\/2-16.jpg\" \/>\n\t<meta property=\"og:image:width\" content=\"285\" \/>\n\t<meta property=\"og:image:height\" content=\"177\" \/>\n\t<meta property=\"og:image:type\" content=\"image\/jpeg\" \/>\n<meta name=\"author\" content=\"admin\" \/>\n<meta name=\"twitter:card\" content=\"summary_large_image\" \/>\n<meta name=\"twitter:label1\" content=\"Escrito por\" \/>\n\t<meta name=\"twitter:data1\" content=\"admin\" \/>\n\t<meta name=\"twitter:label2\" content=\"Tiempo de lectura\" \/>\n\t<meta name=\"twitter:data2\" content=\"2 minutos\" \/>\n<script type=\"application\/ld+json\" class=\"yoast-schema-graph\">{\"@context\":\"https:\\\/\\\/schema.org\",\"@graph\":[{\"@type\":\"Article\",\"@id\":\"https:\\\/\\\/whatsappmexico.com\\\/?p=11230#article\",\"isPartOf\":{\"@id\":\"https:\\\/\\\/whatsappmexico.com\\\/?p=11230\"},\"author\":{\"name\":\"admin\",\"@id\":\"https:\\\/\\\/whatsappmexico.com\\\/#\\\/schema\\\/person\\\/082b02d197e5c0d9eeef91cf10d3643e\"},\"headline\":\"Festival Machaca anuncia el regreso de Korn a M\u00e9xico\",\"datePublished\":\"2022-12-23T23:22:13+00:00\",\"mainEntityOfPage\":{\"@id\":\"https:\\\/\\\/whatsappmexico.com\\\/?p=11230\"},\"wordCount\":373,\"commentCount\":0,\"image\":{\"@id\":\"https:\\\/\\\/whatsappmexico.com\\\/?p=11230#primaryimage\"},\"thumbnailUrl\":\"https:\\\/\\\/whatsappmexico.com\\\/wp-content\\\/uploads\\\/2022\\\/12\\\/2-16.jpg\",\"articleSection\":[\"Cultural\"],\"inLanguage\":\"es\",\"potentialAction\":[{\"@type\":\"CommentAction\",\"name\":\"Comment\",\"target\":[\"https:\\\/\\\/whatsappmexico.com\\\/?p=11230#respond\"]}]},{\"@type\":\"WebPage\",\"@id\":\"https:\\\/\\\/whatsappmexico.com\\\/?p=11230\",\"url\":\"https:\\\/\\\/whatsappmexico.com\\\/?p=11230\",\"name\":\"Festival Machaca anuncia el regreso de Korn a M\u00e9xico\",\"isPartOf\":{\"@id\":\"https:\\\/\\\/whatsappmexico.com\\\/#website\"},\"primaryImageOfPage\":{\"@id\":\"https:\\\/\\\/whatsappmexico.com\\\/?p=11230#primaryimage\"},\"image\":{\"@id\":\"https:\\\/\\\/whatsappmexico.com\\\/?p=11230#primaryimage\"},\"thumbnailUrl\":\"https:\\\/\\\/whatsappmexico.com\\\/wp-content\\\/uploads\\\/2022\\\/12\\\/2-16.jpg\",\"datePublished\":\"2022-12-23T23:22:13+00:00\",\"author\":{\"@id\":\"https:\\\/\\\/whatsappmexico.com\\\/#\\\/schema\\\/person\\\/082b02d197e5c0d9eeef91cf10d3643e\"},\"description\":\"Festival Machaca anuncia el regreso de Korn a M\u00e9xico; se realizar\u00e1 el pr\u00f3ximo 24 de junio en Monterrey, Nuevo Le\u00f3n.\",\"breadcrumb\":{\"@id\":\"https:\\\/\\\/whatsappmexico.com\\\/?p=11230#breadcrumb\"},\"inLanguage\":\"es\",\"potentialAction\":[{\"@type\":\"ReadAction\",\"target\":[\"https:\\\/\\\/whatsappmexico.com\\\/?p=11230\"]}]},{\"@type\":\"ImageObject\",\"inLanguage\":\"es\",\"@id\":\"https:\\\/\\\/whatsappmexico.com\\\/?p=11230#primaryimage\",\"url\":\"https:\\\/\\\/whatsappmexico.com\\\/wp-content\\\/uploads\\\/2022\\\/12\\\/2-16.jpg\",\"contentUrl\":\"https:\\\/\\\/whatsappmexico.com\\\/wp-content\\\/uploads\\\/2022\\\/12\\\/2-16.jpg\",\"width\":285,\"height\":177,\"caption\":\"Festival Machaca anuncia el regreso de Korn a M\u00e9xico; se realizar\u00e1 el pr\u00f3ximo 24 de junio en Monterrey, Nuevo Le\u00f3n.\"},{\"@type\":\"BreadcrumbList\",\"@id\":\"https:\\\/\\\/whatsappmexico.com\\\/?p=11230#breadcrumb\",\"itemListElement\":[{\"@type\":\"ListItem\",\"position\":1,\"name\":\"Portada\",\"item\":\"https:\\\/\\\/whatsappmexico.com\\\/\"},{\"@type\":\"ListItem\",\"position\":2,\"name\":\"Festival Machaca anuncia el regreso de Korn a M\u00e9xico\"}]},{\"@type\":\"WebSite\",\"@id\":\"https:\\\/\\\/whatsappmexico.com\\\/#website\",\"url\":\"https:\\\/\\\/whatsappmexico.com\\\/\",\"name\":\"\",\"description\":\"La Noticia M\u00e1s R\u00e1pida\",\"potentialAction\":[{\"@type\":\"SearchAction\",\"target\":{\"@type\":\"EntryPoint\",\"urlTemplate\":\"https:\\\/\\\/whatsappmexico.com\\\/?s={search_term_string}\"},\"query-input\":{\"@type\":\"PropertyValueSpecification\",\"valueRequired\":true,\"valueName\":\"search_term_string\"}}],\"inLanguage\":\"es\"},{\"@type\":\"Person\",\"@id\":\"https:\\\/\\\/whatsappmexico.com\\\/#\\\/schema\\\/person\\\/082b02d197e5c0d9eeef91cf10d3643e\",\"name\":\"admin\",\"image\":{\"@type\":\"ImageObject\",\"inLanguage\":\"es\",\"@id\":\"https:\\\/\\\/secure.gravatar.com\\\/avatar\\\/c2e50278fd314cf93ecf18c6171760d6d7972373780a207099fd11e86caef7a0?s=96&d=mm&r=g\",\"url\":\"https:\\\/\\\/secure.gravatar.com\\\/avatar\\\/c2e50278fd314cf93ecf18c6171760d6d7972373780a207099fd11e86caef7a0?s=96&d=mm&r=g\",\"contentUrl\":\"https:\\\/\\\/secure.gravatar.com\\\/avatar\\\/c2e50278fd314cf93ecf18c6171760d6d7972373780a207099fd11e86caef7a0?s=96&d=mm&r=g\",\"caption\":\"admin\"},\"sameAs\":[\"https:\\\/\\\/whatsappmexico.com\"],\"url\":\"https:\\\/\\\/whatsappmexico.com\\\/?author=1\"}]}<\/script>\n<!-- \/ Yoast SEO plugin. -->","yoast_head_json":{"title":"Festival Machaca anuncia el regreso de Korn a M\u00e9xico","description":"Festival Machaca anuncia el regreso de Korn a M\u00e9xico; se realizar\u00e1 el pr\u00f3ximo 24 de junio en Monterrey, Nuevo Le\u00f3n.","robots":{"index":"index","follow":"follow","max-snippet":"max-snippet:-1","max-image-preview":"max-image-preview:large","max-video-preview":"max-video-preview:-1"},"canonical":"https:\/\/whatsappmexico.com\/?p=11230","og_locale":"es_ES","og_type":"article","og_title":"Festival Machaca anuncia el regreso de Korn a M\u00e9xico","og_description":"Festival Machaca anuncia el regreso de Korn a M\u00e9xico; se realizar\u00e1 el pr\u00f3ximo 24 de junio en Monterrey, Nuevo Le\u00f3n.","og_url":"https:\/\/whatsappmexico.com\/?p=11230","article_published_time":"2022-12-23T23:22:13+00:00","og_image":[{"width":285,"height":177,"url":"https:\/\/whatsappmexico.com\/wp-content\/uploads\/2022\/12\/2-16.jpg","type":"image\/jpeg"}],"author":"admin","twitter_card":"summary_large_image","twitter_misc":{"Escrito por":"admin","Tiempo de lectura":"2 minutos"},"schema":{"@context":"https:\/\/schema.org","@graph":[{"@type":"Article","@id":"https:\/\/whatsappmexico.com\/?p=11230#article","isPartOf":{"@id":"https:\/\/whatsappmexico.com\/?p=11230"},"author":{"name":"admin","@id":"https:\/\/whatsappmexico.com\/#\/schema\/person\/082b02d197e5c0d9eeef91cf10d3643e"},"headline":"Festival Machaca anuncia el regreso de Korn a M\u00e9xico","datePublished":"2022-12-23T23:22:13+00:00","mainEntityOfPage":{"@id":"https:\/\/whatsappmexico.com\/?p=11230"},"wordCount":373,"commentCount":0,"image":{"@id":"https:\/\/whatsappmexico.com\/?p=11230#primaryimage"},"thumbnailUrl":"https:\/\/whatsappmexico.com\/wp-content\/uploads\/2022\/12\/2-16.jpg","articleSection":["Cultural"],"inLanguage":"es","potentialAction":[{"@type":"CommentAction","name":"Comment","target":["https:\/\/whatsappmexico.com\/?p=11230#respond"]}]},{"@type":"WebPage","@id":"https:\/\/whatsappmexico.com\/?p=11230","url":"https:\/\/whatsappmexico.com\/?p=11230","name":"Festival Machaca anuncia el regreso de Korn a M\u00e9xico","isPartOf":{"@id":"https:\/\/whatsappmexico.com\/#website"},"primaryImageOfPage":{"@id":"https:\/\/whatsappmexico.com\/?p=11230#primaryimage"},"image":{"@id":"https:\/\/whatsappmexico.com\/?p=11230#primaryimage"},"thumbnailUrl":"https:\/\/whatsappmexico.com\/wp-content\/uploads\/2022\/12\/2-16.jpg","datePublished":"2022-12-23T23:22:13+00:00","author":{"@id":"https:\/\/whatsappmexico.com\/#\/schema\/person\/082b02d197e5c0d9eeef91cf10d3643e"},"description":"Festival Machaca anuncia el regreso de Korn a M\u00e9xico; se realizar\u00e1 el pr\u00f3ximo 24 de junio en Monterrey, Nuevo Le\u00f3n.","breadcrumb":{"@id":"https:\/\/whatsappmexico.com\/?p=11230#breadcrumb"},"inLanguage":"es","potentialAction":[{"@type":"ReadAction","target":["https:\/\/whatsappmexico.com\/?p=11230"]}]},{"@type":"ImageObject","inLanguage":"es","@id":"https:\/\/whatsappmexico.com\/?p=11230#primaryimage","url":"https:\/\/whatsappmexico.com\/wp-content\/uploads\/2022\/12\/2-16.jpg","contentUrl":"https:\/\/whatsappmexico.com\/wp-content\/uploads\/2022\/12\/2-16.jpg","width":285,"height":177,"caption":"Festival Machaca anuncia el regreso de Korn a M\u00e9xico; se realizar\u00e1 el pr\u00f3ximo 24 de junio en Monterrey, Nuevo Le\u00f3n."},{"@type":"BreadcrumbList","@id":"https:\/\/whatsappmexico.com\/?p=11230#breadcrumb","itemListElement":[{"@type":"ListItem","position":1,"name":"Portada","item":"https:\/\/whatsappmexico.com\/"},{"@type":"ListItem","position":2,"name":"Festival Machaca anuncia el regreso de Korn a M\u00e9xico"}]},{"@type":"WebSite","@id":"https:\/\/whatsappmexico.com\/#website","url":"https:\/\/whatsappmexico.com\/","name":"","description":"La Noticia M\u00e1s R\u00e1pida","potentialAction":[{"@type":"SearchAction","target":{"@type":"EntryPoint","urlTemplate":"https:\/\/whatsappmexico.com\/?s={search_term_string}"},"query-input":{"@type":"PropertyValueSpecification","valueRequired":true,"valueName":"search_term_string"}}],"inLanguage":"es"},{"@type":"Person","@id":"https:\/\/whatsappmexico.com\/#\/schema\/person\/082b02d197e5c0d9eeef91cf10d3643e","name":"admin","image":{"@type":"ImageObject","inLanguage":"es","@id":"https:\/\/secure.gravatar.com\/avatar\/c2e50278fd314cf93ecf18c6171760d6d7972373780a207099fd11e86caef7a0?s=96&d=mm&r=g","url":"https:\/\/secure.gravatar.com\/avatar\/c2e50278fd314cf93ecf18c6171760d6d7972373780a207099fd11e86caef7a0?s=96&d=mm&r=g","contentUrl":"https:\/\/secure.gravatar.com\/avatar\/c2e50278fd314cf93ecf18c6171760d6d7972373780a207099fd11e86caef7a0?s=96&d=mm&r=g","caption":"admin"},"sameAs":["https:\/\/whatsappmexico.com"],"url":"https:\/\/whatsappmexico.com\/?author=1"}]}},"_links":{"self":[{"href":"https:\/\/whatsappmexico.com\/index.php?rest_route=\/wp\/v2\/posts\/11230","targetHints":{"allow":["GET"]}}],"collection":[{"href":"https:\/\/whatsappmexico.com\/index.php?rest_route=\/wp\/v2\/posts"}],"about":[{"href":"https:\/\/whatsappmexico.com\/index.php?rest_route=\/wp\/v2\/types\/post"}],"author":[{"embeddable":true,"href":"https:\/\/whatsappmexico.com\/index.php?rest_route=\/wp\/v2\/users\/1"}],"replies":[{"embeddable":true,"href":"https:\/\/whatsappmexico.com\/index.php?rest_route=%2Fwp%2Fv2%2Fcomments&post=11230"}],"version-history":[{"count":1,"href":"https:\/\/whatsappmexico.com\/index.php?rest_route=\/wp\/v2\/posts\/11230\/revisions"}],"predecessor-version":[{"id":11232,"href":"https:\/\/whatsappmexico.com\/index.php?rest_route=\/wp\/v2\/posts\/11230\/revisions\/11232"}],"wp:featuredmedia":[{"embeddable":true,"href":"https:\/\/whatsappmexico.com\/index.php?rest_route=\/wp\/v2\/media\/11231"}],"wp:attachment":[{"href":"https:\/\/whatsappmexico.com\/index.php?rest_route=%2Fwp%2Fv2%2Fmedia&parent=11230"}],"wp:term":[{"taxonomy":"category","embeddable":true,"href":"https:\/\/whatsappmexico.com\/index.php?rest_route=%2Fwp%2Fv2%2Fcategories&post=11230"},{"taxonomy":"post_tag","embeddable":true,"href":"https:\/\/whatsappmexico.com\/index.php?rest_route=%2Fwp%2Fv2%2Ftags&post=11230"}],"curies":[{"name":"wp","href":"https:\/\/api.w.org\/{rel}","templated":true}]}}