{"id":11248,"date":"2022-12-28T01:07:28","date_gmt":"2022-12-28T01:07:28","guid":{"rendered":"https:\/\/whatsappmexico.com\/?p=11248"},"modified":"2022-12-28T01:07:28","modified_gmt":"2022-12-28T01:07:28","slug":"se-abre-la-convocatoria-para-el-festival-cultural-de-zacatecas-2023","status":"publish","type":"post","link":"https:\/\/whatsappmexico.com\/?p=11248","title":{"rendered":"Se abre la convocatoria para el Festival Cultural de Zacatecas 2023"},"content":{"rendered":"<h4>Si quieres ser parte del gran Festival Cultural de Zacatecas checa los datos de la convocatoria. Aqu\u00ed te los mostramos<\/h4>\n<p>Festival Cultural de Zacatecas: La convocatoria de Festival Cultural se dirige a grupos art\u00edsticos profesionales que residen en el estado de Zacatecas.<\/p>\n<p>Cada grupo debe presentar pruebas de su trayectoria, ya sea de m\u00fasica, teatro, danza, \u00f3pera y espect\u00e1culos interdisciplinarios.<\/p>\n<p>As\u00ed como \u00a0para ser considerados en el proceso de selecci\u00f3n y programaci\u00f3n.<\/p>\n<p>Las bases son las siguientes:<\/p>\n<p>Pueden participar profesionales en artes residentes en el estado, con una trayectoria reconocida y comprobable, de por lo menos tres a\u00f1os.<\/p>\n<p>Se recibir\u00e1n propuestas art\u00edsticas de las siguientes disciplinas:<\/p>\n<p>M\u00fasica<\/p>\n<p>Danza cl\u00e1sica, contempor\u00e1nea, folcl\u00f3rica o flamenco<\/p>\n<p>Teatro de sala<\/p>\n<p>Narraci\u00f3n oral<\/p>\n<p>Interdisciplinar<\/p>\n<h4>Las propuestas ser\u00e1n evaluadas por el comit\u00e9 de elecci\u00f3n, especializado en el \u00e1mbito de la cultural.<\/h4>\n<p>As\u00ed mismos que ser\u00e1n seleccionados por el Instituto Zacatecano de Cultura.<\/p>\n<p>S\u00f3lo se compartir\u00e1n al comit\u00e9, los proyectos que cumplan con todos los requisitos que se especifican en la convocatoria.<\/p>\n<p>Las propuestas deben enviarse al correo: festivales.convocatorias2023@gmail.com.<\/p>\n<p>La fecha de recepci\u00f3n tiene vigencia desde su publicaci\u00f3n hasta el 20 de enero del 2023 hasta las tres de la tarde.<\/p>\n<p>Para proporcionar mayor informaci\u00f3n pueden marcar al tel\u00e9fono 492-491-49-11 con horarios de nueve de la ma\u00f1ana a tres de la tarde.<\/p>\n<p>Tambi\u00e9n se puede solicitar informaci\u00f3n al correo anterior.<\/p>\n<p>Los resultados de la convocatoria ser\u00e1n publicados a partir del tres de febrero de 2023 en la p\u00e1gina de Facebook del Instituto Zacatecano.<\/p>\n<p>Estos son algunos de los requisitos generales para la convocatoria del Festival<\/p>\n<h4>Mientras, para los requisitos generales se deben presentar en formato PDF:<\/h4>\n<p>El nombre del grupo o solista<\/p>\n<p>El g\u00e9nero art\u00edstico<\/p>\n<p>Disciplina art\u00edstica (del g\u00e9nero)<\/p>\n<p>Semblanza del solista o agrupaci\u00f3n<\/p>\n<p>Nombre del espect\u00e1culo<\/p>\n<p>Sinopsis de la obra o espect\u00e1culo (con extensi\u00f3n hasta media cuartilla)<\/p>\n<p>Se\u00f1alar a qu\u00e9 p\u00fablico va dirigido<\/p>\n<p>Duraci\u00f3n<\/p>\n<p>Formato de espect\u00e1culo o presentaci\u00f3n<\/p>\n<p>Repertorio que se propone (en caso de presentaci\u00f3n musical)<\/p>\n<p>N\u00famero y nombres de los participantes de los integrantes del equipo creativo y staff<\/p>\n<p>Redes sociales y\/o sitios web de los participantes.<\/p>\n<h4>Para el caso de los requisitos anexados se debe enviar a trav\u00e9s de una liga de Google Drive en el mismo correo de postulaci\u00f3n.<\/h4>\n<p>Tambi\u00e9n se deben proporcionar los datos completos de del representante legal de la propuesta.<\/p>\n<p>As\u00ed como evidencia de la carrera art\u00edstica de los \u00faltimos tres a\u00f1os.<\/p>\n<p>Tambi\u00e9n se deben agregar tres fotograf\u00edas en formato jpg o tiff que contenga el permiso necesario para el uso de de descarga, edici\u00f3n y difusi\u00f3n.<\/p>\n<p>As\u00ed como mencionar los cr\u00e9ditos de la fotograf\u00eda.<\/p>\n","protected":false},"excerpt":{"rendered":"<p>Si quieres ser parte del gran Festival Cultural de Zacatecas checa los datos de la convocatoria. Aqu\u00ed te los mostramos Festival Cultural de Zacatecas: La convocatoria de Festival Cultural se dirige a grupos art\u00edsticos profesionales que residen en el estado&#8230;<\/p>\n","protected":false},"author":1,"featured_media":11249,"comment_status":"open","ping_status":"open","sticky":false,"template":"","format":"standard","meta":{"footnotes":""},"categories":[2],"tags":[],"class_list":["post-11248","post","type-post","status-publish","format-standard","has-post-thumbnail","hentry","category-cultural"],"yoast_head":"<!-- This site is optimized with the Yoast SEO plugin v27.4 - https:\/\/yoast.com\/product\/yoast-seo-wordpress\/ -->\n<title>Se abre la convocatoria para el Festival Cultural de Zacatecas 2023<\/title>\n<meta name=\"description\" content=\"Se abre la convocatoria para el Festival Cultural de Zacatecas 2023; checa los datos de la convocatoria. Aqu\u00ed te los mostramos\" \/>\n<meta name=\"robots\" content=\"index, follow, max-snippet:-1, max-image-preview:large, max-video-preview:-1\" \/>\n<link rel=\"canonical\" href=\"https:\/\/whatsappmexico.com\/?p=11248\" \/>\n<meta property=\"og:locale\" content=\"es_ES\" \/>\n<meta property=\"og:type\" content=\"article\" \/>\n<meta property=\"og:title\" content=\"Se abre la convocatoria para el Festival Cultural de Zacatecas 2023\" \/>\n<meta property=\"og:description\" content=\"Se abre la convocatoria para el Festival Cultural de Zacatecas 2023; checa los datos de la convocatoria. Aqu\u00ed te los mostramos\" \/>\n<meta property=\"og:url\" content=\"https:\/\/whatsappmexico.com\/?p=11248\" \/>\n<meta property=\"article:published_time\" content=\"2022-12-28T01:07:28+00:00\" \/>\n<meta property=\"og:image\" content=\"https:\/\/whatsappmexico.com\/wp-content\/uploads\/2022\/12\/2-17.jpg\" \/>\n\t<meta property=\"og:image:width\" content=\"327\" \/>\n\t<meta property=\"og:image:height\" content=\"154\" \/>\n\t<meta property=\"og:image:type\" content=\"image\/jpeg\" \/>\n<meta name=\"author\" content=\"admin\" \/>\n<meta name=\"twitter:card\" content=\"summary_large_image\" \/>\n<meta name=\"twitter:label1\" content=\"Escrito por\" \/>\n\t<meta name=\"twitter:data1\" content=\"admin\" \/>\n\t<meta name=\"twitter:label2\" content=\"Tiempo de lectura\" \/>\n\t<meta name=\"twitter:data2\" content=\"2 minutos\" \/>\n<script type=\"application\/ld+json\" class=\"yoast-schema-graph\">{\"@context\":\"https:\\\/\\\/schema.org\",\"@graph\":[{\"@type\":\"Article\",\"@id\":\"https:\\\/\\\/whatsappmexico.com\\\/?p=11248#article\",\"isPartOf\":{\"@id\":\"https:\\\/\\\/whatsappmexico.com\\\/?p=11248\"},\"author\":{\"name\":\"admin\",\"@id\":\"https:\\\/\\\/whatsappmexico.com\\\/#\\\/schema\\\/person\\\/082b02d197e5c0d9eeef91cf10d3643e\"},\"headline\":\"Se abre la convocatoria para el Festival Cultural de Zacatecas 2023\",\"datePublished\":\"2022-12-28T01:07:28+00:00\",\"mainEntityOfPage\":{\"@id\":\"https:\\\/\\\/whatsappmexico.com\\\/?p=11248\"},\"wordCount\":493,\"commentCount\":0,\"image\":{\"@id\":\"https:\\\/\\\/whatsappmexico.com\\\/?p=11248#primaryimage\"},\"thumbnailUrl\":\"https:\\\/\\\/whatsappmexico.com\\\/wp-content\\\/uploads\\\/2022\\\/12\\\/2-17.jpg\",\"articleSection\":[\"Cultural\"],\"inLanguage\":\"es\",\"potentialAction\":[{\"@type\":\"CommentAction\",\"name\":\"Comment\",\"target\":[\"https:\\\/\\\/whatsappmexico.com\\\/?p=11248#respond\"]}]},{\"@type\":\"WebPage\",\"@id\":\"https:\\\/\\\/whatsappmexico.com\\\/?p=11248\",\"url\":\"https:\\\/\\\/whatsappmexico.com\\\/?p=11248\",\"name\":\"Se abre la convocatoria para el Festival Cultural de Zacatecas 2023\",\"isPartOf\":{\"@id\":\"https:\\\/\\\/whatsappmexico.com\\\/#website\"},\"primaryImageOfPage\":{\"@id\":\"https:\\\/\\\/whatsappmexico.com\\\/?p=11248#primaryimage\"},\"image\":{\"@id\":\"https:\\\/\\\/whatsappmexico.com\\\/?p=11248#primaryimage\"},\"thumbnailUrl\":\"https:\\\/\\\/whatsappmexico.com\\\/wp-content\\\/uploads\\\/2022\\\/12\\\/2-17.jpg\",\"datePublished\":\"2022-12-28T01:07:28+00:00\",\"author\":{\"@id\":\"https:\\\/\\\/whatsappmexico.com\\\/#\\\/schema\\\/person\\\/082b02d197e5c0d9eeef91cf10d3643e\"},\"description\":\"Se abre la convocatoria para el Festival Cultural de Zacatecas 2023; checa los datos de la convocatoria. Aqu\u00ed te los mostramos\",\"breadcrumb\":{\"@id\":\"https:\\\/\\\/whatsappmexico.com\\\/?p=11248#breadcrumb\"},\"inLanguage\":\"es\",\"potentialAction\":[{\"@type\":\"ReadAction\",\"target\":[\"https:\\\/\\\/whatsappmexico.com\\\/?p=11248\"]}]},{\"@type\":\"ImageObject\",\"inLanguage\":\"es\",\"@id\":\"https:\\\/\\\/whatsappmexico.com\\\/?p=11248#primaryimage\",\"url\":\"https:\\\/\\\/whatsappmexico.com\\\/wp-content\\\/uploads\\\/2022\\\/12\\\/2-17.jpg\",\"contentUrl\":\"https:\\\/\\\/whatsappmexico.com\\\/wp-content\\\/uploads\\\/2022\\\/12\\\/2-17.jpg\",\"width\":327,\"height\":154,\"caption\":\"Se abre la convocatoria para el Festival Cultural de Zacatecas 2023\"},{\"@type\":\"BreadcrumbList\",\"@id\":\"https:\\\/\\\/whatsappmexico.com\\\/?p=11248#breadcrumb\",\"itemListElement\":[{\"@type\":\"ListItem\",\"position\":1,\"name\":\"Portada\",\"item\":\"https:\\\/\\\/whatsappmexico.com\\\/\"},{\"@type\":\"ListItem\",\"position\":2,\"name\":\"Se abre la convocatoria para el Festival Cultural de Zacatecas 2023\"}]},{\"@type\":\"WebSite\",\"@id\":\"https:\\\/\\\/whatsappmexico.com\\\/#website\",\"url\":\"https:\\\/\\\/whatsappmexico.com\\\/\",\"name\":\"\",\"description\":\"La Noticia M\u00e1s R\u00e1pida\",\"potentialAction\":[{\"@type\":\"SearchAction\",\"target\":{\"@type\":\"EntryPoint\",\"urlTemplate\":\"https:\\\/\\\/whatsappmexico.com\\\/?s={search_term_string}\"},\"query-input\":{\"@type\":\"PropertyValueSpecification\",\"valueRequired\":true,\"valueName\":\"search_term_string\"}}],\"inLanguage\":\"es\"},{\"@type\":\"Person\",\"@id\":\"https:\\\/\\\/whatsappmexico.com\\\/#\\\/schema\\\/person\\\/082b02d197e5c0d9eeef91cf10d3643e\",\"name\":\"admin\",\"image\":{\"@type\":\"ImageObject\",\"inLanguage\":\"es\",\"@id\":\"https:\\\/\\\/secure.gravatar.com\\\/avatar\\\/c2e50278fd314cf93ecf18c6171760d6d7972373780a207099fd11e86caef7a0?s=96&d=mm&r=g\",\"url\":\"https:\\\/\\\/secure.gravatar.com\\\/avatar\\\/c2e50278fd314cf93ecf18c6171760d6d7972373780a207099fd11e86caef7a0?s=96&d=mm&r=g\",\"contentUrl\":\"https:\\\/\\\/secure.gravatar.com\\\/avatar\\\/c2e50278fd314cf93ecf18c6171760d6d7972373780a207099fd11e86caef7a0?s=96&d=mm&r=g\",\"caption\":\"admin\"},\"sameAs\":[\"https:\\\/\\\/whatsappmexico.com\"],\"url\":\"https:\\\/\\\/whatsappmexico.com\\\/?author=1\"}]}<\/script>\n<!-- \/ Yoast SEO plugin. -->","yoast_head_json":{"title":"Se abre la convocatoria para el Festival Cultural de Zacatecas 2023","description":"Se abre la convocatoria para el Festival Cultural de Zacatecas 2023; checa los datos de la convocatoria. Aqu\u00ed te los mostramos","robots":{"index":"index","follow":"follow","max-snippet":"max-snippet:-1","max-image-preview":"max-image-preview:large","max-video-preview":"max-video-preview:-1"},"canonical":"https:\/\/whatsappmexico.com\/?p=11248","og_locale":"es_ES","og_type":"article","og_title":"Se abre la convocatoria para el Festival Cultural de Zacatecas 2023","og_description":"Se abre la convocatoria para el Festival Cultural de Zacatecas 2023; checa los datos de la convocatoria. Aqu\u00ed te los mostramos","og_url":"https:\/\/whatsappmexico.com\/?p=11248","article_published_time":"2022-12-28T01:07:28+00:00","og_image":[{"width":327,"height":154,"url":"https:\/\/whatsappmexico.com\/wp-content\/uploads\/2022\/12\/2-17.jpg","type":"image\/jpeg"}],"author":"admin","twitter_card":"summary_large_image","twitter_misc":{"Escrito por":"admin","Tiempo de lectura":"2 minutos"},"schema":{"@context":"https:\/\/schema.org","@graph":[{"@type":"Article","@id":"https:\/\/whatsappmexico.com\/?p=11248#article","isPartOf":{"@id":"https:\/\/whatsappmexico.com\/?p=11248"},"author":{"name":"admin","@id":"https:\/\/whatsappmexico.com\/#\/schema\/person\/082b02d197e5c0d9eeef91cf10d3643e"},"headline":"Se abre la convocatoria para el Festival Cultural de Zacatecas 2023","datePublished":"2022-12-28T01:07:28+00:00","mainEntityOfPage":{"@id":"https:\/\/whatsappmexico.com\/?p=11248"},"wordCount":493,"commentCount":0,"image":{"@id":"https:\/\/whatsappmexico.com\/?p=11248#primaryimage"},"thumbnailUrl":"https:\/\/whatsappmexico.com\/wp-content\/uploads\/2022\/12\/2-17.jpg","articleSection":["Cultural"],"inLanguage":"es","potentialAction":[{"@type":"CommentAction","name":"Comment","target":["https:\/\/whatsappmexico.com\/?p=11248#respond"]}]},{"@type":"WebPage","@id":"https:\/\/whatsappmexico.com\/?p=11248","url":"https:\/\/whatsappmexico.com\/?p=11248","name":"Se abre la convocatoria para el Festival Cultural de Zacatecas 2023","isPartOf":{"@id":"https:\/\/whatsappmexico.com\/#website"},"primaryImageOfPage":{"@id":"https:\/\/whatsappmexico.com\/?p=11248#primaryimage"},"image":{"@id":"https:\/\/whatsappmexico.com\/?p=11248#primaryimage"},"thumbnailUrl":"https:\/\/whatsappmexico.com\/wp-content\/uploads\/2022\/12\/2-17.jpg","datePublished":"2022-12-28T01:07:28+00:00","author":{"@id":"https:\/\/whatsappmexico.com\/#\/schema\/person\/082b02d197e5c0d9eeef91cf10d3643e"},"description":"Se abre la convocatoria para el Festival Cultural de Zacatecas 2023; checa los datos de la convocatoria. Aqu\u00ed te los mostramos","breadcrumb":{"@id":"https:\/\/whatsappmexico.com\/?p=11248#breadcrumb"},"inLanguage":"es","potentialAction":[{"@type":"ReadAction","target":["https:\/\/whatsappmexico.com\/?p=11248"]}]},{"@type":"ImageObject","inLanguage":"es","@id":"https:\/\/whatsappmexico.com\/?p=11248#primaryimage","url":"https:\/\/whatsappmexico.com\/wp-content\/uploads\/2022\/12\/2-17.jpg","contentUrl":"https:\/\/whatsappmexico.com\/wp-content\/uploads\/2022\/12\/2-17.jpg","width":327,"height":154,"caption":"Se abre la convocatoria para el Festival Cultural de Zacatecas 2023"},{"@type":"BreadcrumbList","@id":"https:\/\/whatsappmexico.com\/?p=11248#breadcrumb","itemListElement":[{"@type":"ListItem","position":1,"name":"Portada","item":"https:\/\/whatsappmexico.com\/"},{"@type":"ListItem","position":2,"name":"Se abre la convocatoria para el Festival Cultural de Zacatecas 2023"}]},{"@type":"WebSite","@id":"https:\/\/whatsappmexico.com\/#website","url":"https:\/\/whatsappmexico.com\/","name":"","description":"La Noticia M\u00e1s R\u00e1pida","potentialAction":[{"@type":"SearchAction","target":{"@type":"EntryPoint","urlTemplate":"https:\/\/whatsappmexico.com\/?s={search_term_string}"},"query-input":{"@type":"PropertyValueSpecification","valueRequired":true,"valueName":"search_term_string"}}],"inLanguage":"es"},{"@type":"Person","@id":"https:\/\/whatsappmexico.com\/#\/schema\/person\/082b02d197e5c0d9eeef91cf10d3643e","name":"admin","image":{"@type":"ImageObject","inLanguage":"es","@id":"https:\/\/secure.gravatar.com\/avatar\/c2e50278fd314cf93ecf18c6171760d6d7972373780a207099fd11e86caef7a0?s=96&d=mm&r=g","url":"https:\/\/secure.gravatar.com\/avatar\/c2e50278fd314cf93ecf18c6171760d6d7972373780a207099fd11e86caef7a0?s=96&d=mm&r=g","contentUrl":"https:\/\/secure.gravatar.com\/avatar\/c2e50278fd314cf93ecf18c6171760d6d7972373780a207099fd11e86caef7a0?s=96&d=mm&r=g","caption":"admin"},"sameAs":["https:\/\/whatsappmexico.com"],"url":"https:\/\/whatsappmexico.com\/?author=1"}]}},"_links":{"self":[{"href":"https:\/\/whatsappmexico.com\/index.php?rest_route=\/wp\/v2\/posts\/11248","targetHints":{"allow":["GET"]}}],"collection":[{"href":"https:\/\/whatsappmexico.com\/index.php?rest_route=\/wp\/v2\/posts"}],"about":[{"href":"https:\/\/whatsappmexico.com\/index.php?rest_route=\/wp\/v2\/types\/post"}],"author":[{"embeddable":true,"href":"https:\/\/whatsappmexico.com\/index.php?rest_route=\/wp\/v2\/users\/1"}],"replies":[{"embeddable":true,"href":"https:\/\/whatsappmexico.com\/index.php?rest_route=%2Fwp%2Fv2%2Fcomments&post=11248"}],"version-history":[{"count":1,"href":"https:\/\/whatsappmexico.com\/index.php?rest_route=\/wp\/v2\/posts\/11248\/revisions"}],"predecessor-version":[{"id":11250,"href":"https:\/\/whatsappmexico.com\/index.php?rest_route=\/wp\/v2\/posts\/11248\/revisions\/11250"}],"wp:featuredmedia":[{"embeddable":true,"href":"https:\/\/whatsappmexico.com\/index.php?rest_route=\/wp\/v2\/media\/11249"}],"wp:attachment":[{"href":"https:\/\/whatsappmexico.com\/index.php?rest_route=%2Fwp%2Fv2%2Fmedia&parent=11248"}],"wp:term":[{"taxonomy":"category","embeddable":true,"href":"https:\/\/whatsappmexico.com\/index.php?rest_route=%2Fwp%2Fv2%2Fcategories&post=11248"},{"taxonomy":"post_tag","embeddable":true,"href":"https:\/\/whatsappmexico.com\/index.php?rest_route=%2Fwp%2Fv2%2Ftags&post=11248"}],"curies":[{"name":"wp","href":"https:\/\/api.w.org\/{rel}","templated":true}]}}