{"id":11458,"date":"2023-01-10T23:20:05","date_gmt":"2023-01-10T23:20:05","guid":{"rendered":"https:\/\/whatsappmexico.com\/?p=11458"},"modified":"2023-01-10T23:20:05","modified_gmt":"2023-01-10T23:20:05","slug":"300-mil-personas-asistieron-al-festival-alegria-2022-en-queretaro","status":"publish","type":"post","link":"https:\/\/whatsappmexico.com\/?p=11458","title":{"rendered":"300 mil personas asistieron al Festival Alegr\u00eda 2022 en Quer\u00e9taro"},"content":{"rendered":"<h4>En el Festival Alegr\u00eda se instal\u00f3 un pino monumental de 30 metros, hubo mega desfiles con<\/h4>\n<p><a href=\"https:\/\/whatsappmexico.com\/?p=11455\">Festival<\/a> Alegr\u00eda 2022: Carros aleg\u00f3ricos, bailarines, botargas, personajes alusivos a la navidad, pistas de hielo y locomotoras navide\u00f1as.<\/p>\n<p>Durante el Festival Alegr\u00eda Quer\u00e9taro 2022 m\u00e1s de 300 mil personas salieron a las calles para vivir de cerca las actividades.<\/p>\n<p>As\u00ed como de espect\u00e1culos navide\u00f1os que se llevaron a cabo en 12 municipios de la entidad.<\/p>\n<p>De acuerdo con el comunicado del gobierno estatal, durante esta celebraci\u00f3n prevaleci\u00f3 la seguridad puesto que se report\u00f3 saldo blanco.<\/p>\n<p>El director general del Sistema Estatal DIF, \u00d3scar G\u00f3mez Niembro, agradeci\u00f3 el apoyo de los Sistemas DIF Municipales.<\/p>\n<p>As\u00ed como por contribuir con el traslado de las personas en situaci\u00f3n de vulnerabilidad.<\/p>\n<p>Adem\u00e1s de quienes asistieron a estas celebraciones alusivas a la \u00e9poca decembrina y principios del a\u00f1o.<\/p>\n<h4>\u00bfCu\u00e1l fue la finalidad del Festival Alegr\u00eda?<\/h4>\n<p>El Sistema Estatal DIF de Quer\u00e9taro llev\u00f3 a cabo este festival con la finalidad de enaltecer los valores, unidad, empat\u00eda.<\/p>\n<p>Al igual que mantener los lazos familiares mediante desfiles navide\u00f1os, trenes expresos, pistas de hielo.<\/p>\n<p>As\u00ed como del encendido del mega pino en el municipio de San Juan del R\u00edo.<\/p>\n<p>300 mil personas asistieron al Festival Alegr\u00eda 2022 en Quer\u00e9taro<\/p>\n","protected":false},"excerpt":{"rendered":"<p>En el Festival Alegr\u00eda se instal\u00f3 un pino monumental de 30 metros, hubo mega desfiles con Festival Alegr\u00eda 2022: Carros aleg\u00f3ricos, bailarines, botargas, personajes alusivos a la navidad, pistas de hielo y locomotoras navide\u00f1as. Durante el Festival Alegr\u00eda Quer\u00e9taro 2022&#8230;<\/p>\n","protected":false},"author":1,"featured_media":11459,"comment_status":"open","ping_status":"open","sticky":false,"template":"","format":"standard","meta":{"footnotes":""},"categories":[4],"tags":[],"class_list":["post-11458","post","type-post","status-publish","format-standard","has-post-thumbnail","hentry","category-espectaculos"],"yoast_head":"<!-- This site is optimized with the Yoast SEO plugin v27.4 - https:\/\/yoast.com\/product\/yoast-seo-wordpress\/ -->\n<title>300 mil personas asistieron al Festival Alegr\u00eda 2022 en Quer\u00e9taro<\/title>\n<meta name=\"description\" content=\"300 mil personas asistieron al Festival Alegr\u00eda 2022 en Quer\u00e9taro; se instal\u00f3 un pino monumental de 30 metros, hubo mega desfiles\" \/>\n<meta name=\"robots\" content=\"index, follow, max-snippet:-1, max-image-preview:large, max-video-preview:-1\" \/>\n<link rel=\"canonical\" href=\"https:\/\/whatsappmexico.com\/?p=11458\" \/>\n<meta property=\"og:locale\" content=\"es_ES\" \/>\n<meta property=\"og:type\" content=\"article\" \/>\n<meta property=\"og:title\" content=\"300 mil personas asistieron al Festival Alegr\u00eda 2022 en Quer\u00e9taro\" \/>\n<meta property=\"og:description\" content=\"300 mil personas asistieron al Festival Alegr\u00eda 2022 en Quer\u00e9taro; se instal\u00f3 un pino monumental de 30 metros, hubo mega desfiles\" \/>\n<meta property=\"og:url\" content=\"https:\/\/whatsappmexico.com\/?p=11458\" \/>\n<meta property=\"article:published_time\" content=\"2023-01-10T23:20:05+00:00\" \/>\n<meta property=\"og:image\" content=\"https:\/\/whatsappmexico.com\/wp-content\/uploads\/2023\/01\/22-5.jpg\" \/>\n\t<meta property=\"og:image:width\" content=\"275\" \/>\n\t<meta property=\"og:image:height\" content=\"183\" \/>\n\t<meta property=\"og:image:type\" content=\"image\/jpeg\" \/>\n<meta name=\"author\" content=\"admin\" \/>\n<meta name=\"twitter:card\" content=\"summary_large_image\" \/>\n<meta name=\"twitter:label1\" content=\"Escrito por\" \/>\n\t<meta name=\"twitter:data1\" content=\"admin\" \/>\n\t<meta name=\"twitter:label2\" content=\"Tiempo de lectura\" \/>\n\t<meta name=\"twitter:data2\" content=\"1 minuto\" \/>\n<script type=\"application\/ld+json\" class=\"yoast-schema-graph\">{\"@context\":\"https:\\\/\\\/schema.org\",\"@graph\":[{\"@type\":\"Article\",\"@id\":\"https:\\\/\\\/whatsappmexico.com\\\/?p=11458#article\",\"isPartOf\":{\"@id\":\"https:\\\/\\\/whatsappmexico.com\\\/?p=11458\"},\"author\":{\"name\":\"admin\",\"@id\":\"https:\\\/\\\/whatsappmexico.com\\\/#\\\/schema\\\/person\\\/082b02d197e5c0d9eeef91cf10d3643e\"},\"headline\":\"300 mil personas asistieron al Festival Alegr\u00eda 2022 en Quer\u00e9taro\",\"datePublished\":\"2023-01-10T23:20:05+00:00\",\"mainEntityOfPage\":{\"@id\":\"https:\\\/\\\/whatsappmexico.com\\\/?p=11458\"},\"wordCount\":231,\"commentCount\":0,\"image\":{\"@id\":\"https:\\\/\\\/whatsappmexico.com\\\/?p=11458#primaryimage\"},\"thumbnailUrl\":\"https:\\\/\\\/whatsappmexico.com\\\/wp-content\\\/uploads\\\/2023\\\/01\\\/22-5.jpg\",\"articleSection\":[\"Espectaculos\"],\"inLanguage\":\"es\",\"potentialAction\":[{\"@type\":\"CommentAction\",\"name\":\"Comment\",\"target\":[\"https:\\\/\\\/whatsappmexico.com\\\/?p=11458#respond\"]}]},{\"@type\":\"WebPage\",\"@id\":\"https:\\\/\\\/whatsappmexico.com\\\/?p=11458\",\"url\":\"https:\\\/\\\/whatsappmexico.com\\\/?p=11458\",\"name\":\"300 mil personas asistieron al Festival Alegr\u00eda 2022 en Quer\u00e9taro\",\"isPartOf\":{\"@id\":\"https:\\\/\\\/whatsappmexico.com\\\/#website\"},\"primaryImageOfPage\":{\"@id\":\"https:\\\/\\\/whatsappmexico.com\\\/?p=11458#primaryimage\"},\"image\":{\"@id\":\"https:\\\/\\\/whatsappmexico.com\\\/?p=11458#primaryimage\"},\"thumbnailUrl\":\"https:\\\/\\\/whatsappmexico.com\\\/wp-content\\\/uploads\\\/2023\\\/01\\\/22-5.jpg\",\"datePublished\":\"2023-01-10T23:20:05+00:00\",\"author\":{\"@id\":\"https:\\\/\\\/whatsappmexico.com\\\/#\\\/schema\\\/person\\\/082b02d197e5c0d9eeef91cf10d3643e\"},\"description\":\"300 mil personas asistieron al Festival Alegr\u00eda 2022 en Quer\u00e9taro; se instal\u00f3 un pino monumental de 30 metros, hubo mega desfiles\",\"breadcrumb\":{\"@id\":\"https:\\\/\\\/whatsappmexico.com\\\/?p=11458#breadcrumb\"},\"inLanguage\":\"es\",\"potentialAction\":[{\"@type\":\"ReadAction\",\"target\":[\"https:\\\/\\\/whatsappmexico.com\\\/?p=11458\"]}]},{\"@type\":\"ImageObject\",\"inLanguage\":\"es\",\"@id\":\"https:\\\/\\\/whatsappmexico.com\\\/?p=11458#primaryimage\",\"url\":\"https:\\\/\\\/whatsappmexico.com\\\/wp-content\\\/uploads\\\/2023\\\/01\\\/22-5.jpg\",\"contentUrl\":\"https:\\\/\\\/whatsappmexico.com\\\/wp-content\\\/uploads\\\/2023\\\/01\\\/22-5.jpg\",\"width\":275,\"height\":183,\"caption\":\"300 mil personas asistieron al Festival Alegr\u00eda 2022 en Quer\u00e9taro\"},{\"@type\":\"BreadcrumbList\",\"@id\":\"https:\\\/\\\/whatsappmexico.com\\\/?p=11458#breadcrumb\",\"itemListElement\":[{\"@type\":\"ListItem\",\"position\":1,\"name\":\"Portada\",\"item\":\"https:\\\/\\\/whatsappmexico.com\\\/\"},{\"@type\":\"ListItem\",\"position\":2,\"name\":\"300 mil personas asistieron al Festival Alegr\u00eda 2022 en Quer\u00e9taro\"}]},{\"@type\":\"WebSite\",\"@id\":\"https:\\\/\\\/whatsappmexico.com\\\/#website\",\"url\":\"https:\\\/\\\/whatsappmexico.com\\\/\",\"name\":\"\",\"description\":\"La Noticia M\u00e1s R\u00e1pida\",\"potentialAction\":[{\"@type\":\"SearchAction\",\"target\":{\"@type\":\"EntryPoint\",\"urlTemplate\":\"https:\\\/\\\/whatsappmexico.com\\\/?s={search_term_string}\"},\"query-input\":{\"@type\":\"PropertyValueSpecification\",\"valueRequired\":true,\"valueName\":\"search_term_string\"}}],\"inLanguage\":\"es\"},{\"@type\":\"Person\",\"@id\":\"https:\\\/\\\/whatsappmexico.com\\\/#\\\/schema\\\/person\\\/082b02d197e5c0d9eeef91cf10d3643e\",\"name\":\"admin\",\"image\":{\"@type\":\"ImageObject\",\"inLanguage\":\"es\",\"@id\":\"https:\\\/\\\/secure.gravatar.com\\\/avatar\\\/c2e50278fd314cf93ecf18c6171760d6d7972373780a207099fd11e86caef7a0?s=96&d=mm&r=g\",\"url\":\"https:\\\/\\\/secure.gravatar.com\\\/avatar\\\/c2e50278fd314cf93ecf18c6171760d6d7972373780a207099fd11e86caef7a0?s=96&d=mm&r=g\",\"contentUrl\":\"https:\\\/\\\/secure.gravatar.com\\\/avatar\\\/c2e50278fd314cf93ecf18c6171760d6d7972373780a207099fd11e86caef7a0?s=96&d=mm&r=g\",\"caption\":\"admin\"},\"sameAs\":[\"https:\\\/\\\/whatsappmexico.com\"],\"url\":\"https:\\\/\\\/whatsappmexico.com\\\/?author=1\"}]}<\/script>\n<!-- \/ Yoast SEO plugin. -->","yoast_head_json":{"title":"300 mil personas asistieron al Festival Alegr\u00eda 2022 en Quer\u00e9taro","description":"300 mil personas asistieron al Festival Alegr\u00eda 2022 en Quer\u00e9taro; se instal\u00f3 un pino monumental de 30 metros, hubo mega desfiles","robots":{"index":"index","follow":"follow","max-snippet":"max-snippet:-1","max-image-preview":"max-image-preview:large","max-video-preview":"max-video-preview:-1"},"canonical":"https:\/\/whatsappmexico.com\/?p=11458","og_locale":"es_ES","og_type":"article","og_title":"300 mil personas asistieron al Festival Alegr\u00eda 2022 en Quer\u00e9taro","og_description":"300 mil personas asistieron al Festival Alegr\u00eda 2022 en Quer\u00e9taro; se instal\u00f3 un pino monumental de 30 metros, hubo mega desfiles","og_url":"https:\/\/whatsappmexico.com\/?p=11458","article_published_time":"2023-01-10T23:20:05+00:00","og_image":[{"width":275,"height":183,"url":"https:\/\/whatsappmexico.com\/wp-content\/uploads\/2023\/01\/22-5.jpg","type":"image\/jpeg"}],"author":"admin","twitter_card":"summary_large_image","twitter_misc":{"Escrito por":"admin","Tiempo de lectura":"1 minuto"},"schema":{"@context":"https:\/\/schema.org","@graph":[{"@type":"Article","@id":"https:\/\/whatsappmexico.com\/?p=11458#article","isPartOf":{"@id":"https:\/\/whatsappmexico.com\/?p=11458"},"author":{"name":"admin","@id":"https:\/\/whatsappmexico.com\/#\/schema\/person\/082b02d197e5c0d9eeef91cf10d3643e"},"headline":"300 mil personas asistieron al Festival Alegr\u00eda 2022 en Quer\u00e9taro","datePublished":"2023-01-10T23:20:05+00:00","mainEntityOfPage":{"@id":"https:\/\/whatsappmexico.com\/?p=11458"},"wordCount":231,"commentCount":0,"image":{"@id":"https:\/\/whatsappmexico.com\/?p=11458#primaryimage"},"thumbnailUrl":"https:\/\/whatsappmexico.com\/wp-content\/uploads\/2023\/01\/22-5.jpg","articleSection":["Espectaculos"],"inLanguage":"es","potentialAction":[{"@type":"CommentAction","name":"Comment","target":["https:\/\/whatsappmexico.com\/?p=11458#respond"]}]},{"@type":"WebPage","@id":"https:\/\/whatsappmexico.com\/?p=11458","url":"https:\/\/whatsappmexico.com\/?p=11458","name":"300 mil personas asistieron al Festival Alegr\u00eda 2022 en Quer\u00e9taro","isPartOf":{"@id":"https:\/\/whatsappmexico.com\/#website"},"primaryImageOfPage":{"@id":"https:\/\/whatsappmexico.com\/?p=11458#primaryimage"},"image":{"@id":"https:\/\/whatsappmexico.com\/?p=11458#primaryimage"},"thumbnailUrl":"https:\/\/whatsappmexico.com\/wp-content\/uploads\/2023\/01\/22-5.jpg","datePublished":"2023-01-10T23:20:05+00:00","author":{"@id":"https:\/\/whatsappmexico.com\/#\/schema\/person\/082b02d197e5c0d9eeef91cf10d3643e"},"description":"300 mil personas asistieron al Festival Alegr\u00eda 2022 en Quer\u00e9taro; se instal\u00f3 un pino monumental de 30 metros, hubo mega desfiles","breadcrumb":{"@id":"https:\/\/whatsappmexico.com\/?p=11458#breadcrumb"},"inLanguage":"es","potentialAction":[{"@type":"ReadAction","target":["https:\/\/whatsappmexico.com\/?p=11458"]}]},{"@type":"ImageObject","inLanguage":"es","@id":"https:\/\/whatsappmexico.com\/?p=11458#primaryimage","url":"https:\/\/whatsappmexico.com\/wp-content\/uploads\/2023\/01\/22-5.jpg","contentUrl":"https:\/\/whatsappmexico.com\/wp-content\/uploads\/2023\/01\/22-5.jpg","width":275,"height":183,"caption":"300 mil personas asistieron al Festival Alegr\u00eda 2022 en Quer\u00e9taro"},{"@type":"BreadcrumbList","@id":"https:\/\/whatsappmexico.com\/?p=11458#breadcrumb","itemListElement":[{"@type":"ListItem","position":1,"name":"Portada","item":"https:\/\/whatsappmexico.com\/"},{"@type":"ListItem","position":2,"name":"300 mil personas asistieron al Festival Alegr\u00eda 2022 en Quer\u00e9taro"}]},{"@type":"WebSite","@id":"https:\/\/whatsappmexico.com\/#website","url":"https:\/\/whatsappmexico.com\/","name":"","description":"La Noticia M\u00e1s R\u00e1pida","potentialAction":[{"@type":"SearchAction","target":{"@type":"EntryPoint","urlTemplate":"https:\/\/whatsappmexico.com\/?s={search_term_string}"},"query-input":{"@type":"PropertyValueSpecification","valueRequired":true,"valueName":"search_term_string"}}],"inLanguage":"es"},{"@type":"Person","@id":"https:\/\/whatsappmexico.com\/#\/schema\/person\/082b02d197e5c0d9eeef91cf10d3643e","name":"admin","image":{"@type":"ImageObject","inLanguage":"es","@id":"https:\/\/secure.gravatar.com\/avatar\/c2e50278fd314cf93ecf18c6171760d6d7972373780a207099fd11e86caef7a0?s=96&d=mm&r=g","url":"https:\/\/secure.gravatar.com\/avatar\/c2e50278fd314cf93ecf18c6171760d6d7972373780a207099fd11e86caef7a0?s=96&d=mm&r=g","contentUrl":"https:\/\/secure.gravatar.com\/avatar\/c2e50278fd314cf93ecf18c6171760d6d7972373780a207099fd11e86caef7a0?s=96&d=mm&r=g","caption":"admin"},"sameAs":["https:\/\/whatsappmexico.com"],"url":"https:\/\/whatsappmexico.com\/?author=1"}]}},"_links":{"self":[{"href":"https:\/\/whatsappmexico.com\/index.php?rest_route=\/wp\/v2\/posts\/11458","targetHints":{"allow":["GET"]}}],"collection":[{"href":"https:\/\/whatsappmexico.com\/index.php?rest_route=\/wp\/v2\/posts"}],"about":[{"href":"https:\/\/whatsappmexico.com\/index.php?rest_route=\/wp\/v2\/types\/post"}],"author":[{"embeddable":true,"href":"https:\/\/whatsappmexico.com\/index.php?rest_route=\/wp\/v2\/users\/1"}],"replies":[{"embeddable":true,"href":"https:\/\/whatsappmexico.com\/index.php?rest_route=%2Fwp%2Fv2%2Fcomments&post=11458"}],"version-history":[{"count":1,"href":"https:\/\/whatsappmexico.com\/index.php?rest_route=\/wp\/v2\/posts\/11458\/revisions"}],"predecessor-version":[{"id":11460,"href":"https:\/\/whatsappmexico.com\/index.php?rest_route=\/wp\/v2\/posts\/11458\/revisions\/11460"}],"wp:featuredmedia":[{"embeddable":true,"href":"https:\/\/whatsappmexico.com\/index.php?rest_route=\/wp\/v2\/media\/11459"}],"wp:attachment":[{"href":"https:\/\/whatsappmexico.com\/index.php?rest_route=%2Fwp%2Fv2%2Fmedia&parent=11458"}],"wp:term":[{"taxonomy":"category","embeddable":true,"href":"https:\/\/whatsappmexico.com\/index.php?rest_route=%2Fwp%2Fv2%2Fcategories&post=11458"},{"taxonomy":"post_tag","embeddable":true,"href":"https:\/\/whatsappmexico.com\/index.php?rest_route=%2Fwp%2Fv2%2Ftags&post=11458"}],"curies":[{"name":"wp","href":"https:\/\/api.w.org\/{rel}","templated":true}]}}