{"id":11679,"date":"2023-01-24T22:59:22","date_gmt":"2023-01-24T22:59:22","guid":{"rendered":"https:\/\/whatsappmexico.com\/?p=11679"},"modified":"2023-01-24T22:59:22","modified_gmt":"2023-01-24T22:59:22","slug":"primer-tren-cultural-de-la-argentina-realiza-su-segundo-destino-hacia-el-festival-nacional-del-folclore-de-cosquin-2023","status":"publish","type":"post","link":"https:\/\/whatsappmexico.com\/?p=11679","title":{"rendered":"Primer Tren Cultural de la Argentina realiza su segundo destino hacia el Festival Nacional del Folclore de Cosqu\u00edn 2023"},"content":{"rendered":"<h4>Con el apoyo de Trenes Argentinos, el Ministerio de Cultura de la Naci\u00f3n, su Programa Puntos de Cultura.<\/h4>\n<p>Tren Cultural de la Argentina: Con esto el Instituto de Cultura de la Provincia de Buenos Aires y el trabajo articulado del Frente \u201cChacarera y Liberaci\u00f3n\u201d.<\/p>\n<p>El cual\u00a0partir\u00e1 el Tren Cultural desde Buenos Aires -y por segunda vez- hacia el festival de folclore m\u00e1s importante del pa\u00eds: Cosqu\u00edn 2023.<\/p>\n<p>Durante el trayecto, se realizar\u00e1n conversatorios, actividades musicales y m\u00e1s. Enterate de todo en esta nota.<\/p>\n<p>El Tren Cultural se entiende como un derecho de los argentinos que nace de una necesidad propia del pueblo:<\/p>\n<p>As\u00ed como de la de poder trasladarse por el territorio de manera segura.<\/p>\n<p>Al igual que\u00a0accesible para estar m\u00e1s cerca de la m\u00fasica, la danza, la sabidur\u00eda popular.<\/p>\n<p>Adem\u00e1s de\u00a0aproximar entre las provincias todo su bagaje cultural.<\/p>\n<p>Se trata de acercar tambi\u00e9n a los sectores m\u00e1s populares, con las herramientas del Estado.<\/p>\n<p>Esto\u00a0hacia experiencias que de otra manera ser\u00edan muy dif\u00edciles de adquirir.<\/p>\n<p>Usar el trayecto en s\u00ed, el viaje mismo, es adem\u00e1s una oportunidad \u00fanica de transmisi\u00f3n de conocimientos e ideas.<\/p>\n<p>As\u00ed como estar\u00a0usando el vag\u00f3n comedor como recinto de conversatorios llevados adelante por los mismos pasajeros.<\/p>\n<p>El Tren Cultural transportar\u00e1 a artistas de diversos g\u00e9neros folcl\u00f3ricos que, una vez llegados a Cosqu\u00edn.<\/p>\n<p>El cual\u00a0ofrecer\u00e1n de manera gratuita un Festival especialmente organizado por Cultura Naci\u00f3n y el frente \u201cChacarera y Liberaci\u00f3n\u201d.<\/p>\n<h4>Actividades del Tren Cultural<\/h4>\n<p>Los Conversatorios est\u00e1n ideados para poder disertar sobre los m\u00e1s diversos t\u00f3picos e ideas relacionadas con el quehacer cultural.<\/p>\n<p>Adem\u00e1s de\u00a0pol\u00edtico tanto de Argentina como de Am\u00e9rica Latina, bajo la premisa de que el conocimiento es un patrimonio.<\/p>\n<p>As\u00ed como\u00a0un derecho, y que el intercambio de ideas y el debate son necesarios para el crecimiento intelectual de los pueblos.<\/p>\n<p>Adem\u00e1s, el viernes 28 de enero a las 21 h, organizado por el Frente \u00abChacarera y Liberaci\u00f3n\u00bb y con el apoyo del Ministerio de Cultura.<\/p>\n<p>Esto en\u00a0distintos m\u00fasicos argentinos realizar\u00e1n presentaciones en Santa Mar\u00eda de Punilla.<\/p>\n<p>El Festival Folcl\u00f3rico del Tren Cultural contar\u00e1 con la participaci\u00f3n de artistas de renombre a nivel nacional.<\/p>\n<p>Tambi\u00e9n de solistas, bandas y ballets folcl\u00f3ricos emergentes y de trayectoria dentro del ambiente de m\u00fasica y danza de ra\u00edz folcl\u00f3rica.<\/p>\n<h4>Programaci\u00f3n de conversatorios:<\/h4>\n<p>Mi\u00e9rcoles 25 de enero<\/p>\n<p>10 h<\/p>\n<h4>ACTO OFICIAL &#8211; RETIRO<\/h4>\n<p>Salida de Retiro<\/p>\n<p>10:30 h<\/p>\n<h4>BIENVENIDA Y PRESENTACI\u00d3N MOVIMIENTO CHACARERA Y LIBERACI\u00d3N<\/h4>\n<p>Referentes de cada espacio<\/p>\n<p>11 h<\/p>\n<h4>CONVERSATORIO-DERECHOS DE LXS MUSICXS<\/h4>\n<p>UMI &#8211; INSTITUTO CULTURAL DE PROVINCIA<\/p>\n<p>Leonardo Yanibelli<\/p>\n<p>12 h<\/p>\n<p>AIRE DE AQU\u00cd<\/p>\n<h4>INSTITUTO CULTURAL DE PROVINCIA<\/h4>\n<p>Candela Cedron &#8211; Oscar Simiani &#8211; Paz Azurabarrena<\/p>\n<p>13 h<\/p>\n<p>FORTALECIMIENTO DE LAS ORGANIZACIONES DEL ARTE Y LA CULTURA<\/p>\n<p>INSTITUTO CULTURAL DE PROVINCIA<\/p>\n<p>Chamo-Francisco<\/p>\n<p>14 h<\/p>\n<h4>MEDIOS COMUNITARIOS, ARTE Y MUSICA<\/h4>\n<p>FARCO &#8211; INSTITUTO CULTURAL DE PROVINCIA<\/p>\n<p>Juan Salvador<\/p>\n<p>15 h<\/p>\n<p>ALMUERZO<\/p>\n<p>16:09 a 16:39 h<\/p>\n<h4>Parada en ROSARIO NORTE<\/h4>\n<p>18 h<\/p>\n<p>PUNTOS DE CULTURA &#8211; DEMOCRACIA &#8211; TERRITORIO<\/p>\n<p>MINISTERIO DE CULTURA DE NACI\u00d3N<\/p>\n<p>Maria Soledad Ayardi &#8211; Martin Greaves &#8211; Alicia B\u00e1ez<\/p>\n<p>19 h<\/p>\n<h4>EMPRENDIMIENTOS &#8211; FERIAS &#8211; ECONOM\u00cdA SOCIAL<\/h4>\n<p>Rodrigo (Uruguay)<\/p>\n<p>20 h<\/p>\n<p>AGROECOLOG\u00cdA Y PUEBLOS FUMIGADOS<\/p>\n<p>Facundo Cuesta<\/p>\n<p>21 h<\/p>\n<p>NUESTRAS VOCES TIENEN MOV<\/p>\n<p>MINISTERIO DE LAS MUJERES, G\u00c9NEROS Y DIVERSIDADES<\/p>\n<p>Anita Tripodi<\/p>\n<p>22 h<\/p>\n<h4>FOLKLORE ANCESTRAL Y ANCETRXS NEGADXS EN NUESTRO FOLKLORE<\/h4>\n<p>Mauricio Cucien<\/p>\n<p>S\u00e1bado 28 de enero<\/p>\n<p>21 h<\/p>\n<p>Festival Folcl\u00f3rico Tren Cultural<\/p>\n<p>Santa Mar\u00eda de Punilla<\/p>\n<p>Organiza: Frente \u00abChacarera y Liberaci\u00f3n\u00bb, con el apoyo del Ministerio de Cultura<\/p>\n<p>Primer Tren Cultural de la Argentina realiza su segundo destino<\/p>\n","protected":false},"excerpt":{"rendered":"<p>Con el apoyo de Trenes Argentinos, el Ministerio de Cultura de la Naci\u00f3n, su Programa Puntos de Cultura. Tren Cultural de la Argentina: Con esto el Instituto de Cultura de la Provincia de Buenos Aires y el trabajo articulado del&#8230;<\/p>\n","protected":false},"author":1,"featured_media":11680,"comment_status":"open","ping_status":"open","sticky":false,"template":"","format":"standard","meta":{"footnotes":""},"categories":[4],"tags":[],"class_list":["post-11679","post","type-post","status-publish","format-standard","has-post-thumbnail","hentry","category-espectaculos"],"yoast_head":"<!-- This site is optimized with the Yoast SEO plugin v27.5 - https:\/\/yoast.com\/product\/yoast-seo-wordpress\/ -->\n<title>Primer Tren Cultural de la Argentina realiza su segundo destino<\/title>\n<meta name=\"description\" content=\"Primer Tren Cultural de la Argentina realiza su segundo destino hacia el Festival Nacional del Folclore de Cosqu\u00edn 2023; en conversatorios\" \/>\n<meta name=\"robots\" content=\"index, follow, max-snippet:-1, max-image-preview:large, max-video-preview:-1\" \/>\n<link rel=\"canonical\" href=\"https:\/\/whatsappmexico.com\/?p=11679\" \/>\n<meta property=\"og:locale\" content=\"es_ES\" \/>\n<meta property=\"og:type\" content=\"article\" \/>\n<meta property=\"og:title\" content=\"Primer Tren Cultural de la Argentina realiza su segundo destino\" \/>\n<meta property=\"og:description\" content=\"Primer Tren Cultural de la Argentina realiza su segundo destino hacia el Festival Nacional del Folclore de Cosqu\u00edn 2023; en conversatorios\" \/>\n<meta property=\"og:url\" content=\"https:\/\/whatsappmexico.com\/?p=11679\" \/>\n<meta property=\"article:published_time\" content=\"2023-01-24T22:59:22+00:00\" \/>\n<meta property=\"og:image\" content=\"https:\/\/whatsappmexico.com\/wp-content\/uploads\/2023\/01\/22-2.png\" \/>\n\t<meta property=\"og:image:width\" content=\"300\" \/>\n\t<meta property=\"og:image:height\" content=\"168\" \/>\n\t<meta property=\"og:image:type\" content=\"image\/png\" \/>\n<meta name=\"author\" content=\"admin\" \/>\n<meta name=\"twitter:card\" content=\"summary_large_image\" \/>\n<meta name=\"twitter:label1\" content=\"Escrito por\" \/>\n\t<meta name=\"twitter:data1\" content=\"admin\" \/>\n\t<meta name=\"twitter:label2\" content=\"Tiempo de lectura\" \/>\n\t<meta name=\"twitter:data2\" content=\"3 minutos\" \/>\n<script type=\"application\/ld+json\" class=\"yoast-schema-graph\">{\"@context\":\"https:\\\/\\\/schema.org\",\"@graph\":[{\"@type\":\"Article\",\"@id\":\"https:\\\/\\\/whatsappmexico.com\\\/?p=11679#article\",\"isPartOf\":{\"@id\":\"https:\\\/\\\/whatsappmexico.com\\\/?p=11679\"},\"author\":{\"name\":\"admin\",\"@id\":\"https:\\\/\\\/whatsappmexico.com\\\/#\\\/schema\\\/person\\\/082b02d197e5c0d9eeef91cf10d3643e\"},\"headline\":\"Primer Tren Cultural de la Argentina realiza su segundo destino hacia el Festival Nacional del Folclore de Cosqu\u00edn 2023\",\"datePublished\":\"2023-01-24T22:59:22+00:00\",\"mainEntityOfPage\":{\"@id\":\"https:\\\/\\\/whatsappmexico.com\\\/?p=11679\"},\"wordCount\":640,\"commentCount\":0,\"image\":{\"@id\":\"https:\\\/\\\/whatsappmexico.com\\\/?p=11679#primaryimage\"},\"thumbnailUrl\":\"https:\\\/\\\/whatsappmexico.com\\\/wp-content\\\/uploads\\\/2023\\\/01\\\/22-2.png\",\"articleSection\":[\"Espectaculos\"],\"inLanguage\":\"es\",\"potentialAction\":[{\"@type\":\"CommentAction\",\"name\":\"Comment\",\"target\":[\"https:\\\/\\\/whatsappmexico.com\\\/?p=11679#respond\"]}]},{\"@type\":\"WebPage\",\"@id\":\"https:\\\/\\\/whatsappmexico.com\\\/?p=11679\",\"url\":\"https:\\\/\\\/whatsappmexico.com\\\/?p=11679\",\"name\":\"Primer Tren Cultural de la Argentina realiza su segundo destino\",\"isPartOf\":{\"@id\":\"https:\\\/\\\/whatsappmexico.com\\\/#website\"},\"primaryImageOfPage\":{\"@id\":\"https:\\\/\\\/whatsappmexico.com\\\/?p=11679#primaryimage\"},\"image\":{\"@id\":\"https:\\\/\\\/whatsappmexico.com\\\/?p=11679#primaryimage\"},\"thumbnailUrl\":\"https:\\\/\\\/whatsappmexico.com\\\/wp-content\\\/uploads\\\/2023\\\/01\\\/22-2.png\",\"datePublished\":\"2023-01-24T22:59:22+00:00\",\"author\":{\"@id\":\"https:\\\/\\\/whatsappmexico.com\\\/#\\\/schema\\\/person\\\/082b02d197e5c0d9eeef91cf10d3643e\"},\"description\":\"Primer Tren Cultural de la Argentina realiza su segundo destino hacia el Festival Nacional del Folclore de Cosqu\u00edn 2023; en conversatorios\",\"breadcrumb\":{\"@id\":\"https:\\\/\\\/whatsappmexico.com\\\/?p=11679#breadcrumb\"},\"inLanguage\":\"es\",\"potentialAction\":[{\"@type\":\"ReadAction\",\"target\":[\"https:\\\/\\\/whatsappmexico.com\\\/?p=11679\"]}]},{\"@type\":\"ImageObject\",\"inLanguage\":\"es\",\"@id\":\"https:\\\/\\\/whatsappmexico.com\\\/?p=11679#primaryimage\",\"url\":\"https:\\\/\\\/whatsappmexico.com\\\/wp-content\\\/uploads\\\/2023\\\/01\\\/22-2.png\",\"contentUrl\":\"https:\\\/\\\/whatsappmexico.com\\\/wp-content\\\/uploads\\\/2023\\\/01\\\/22-2.png\",\"width\":300,\"height\":168,\"caption\":\"Primer Tren Cultural de la Argentina realiza su segundo destino hacia el Festival Nacional del Folclore de Cosqu\u00edn 2023\"},{\"@type\":\"BreadcrumbList\",\"@id\":\"https:\\\/\\\/whatsappmexico.com\\\/?p=11679#breadcrumb\",\"itemListElement\":[{\"@type\":\"ListItem\",\"position\":1,\"name\":\"Portada\",\"item\":\"https:\\\/\\\/whatsappmexico.com\\\/\"},{\"@type\":\"ListItem\",\"position\":2,\"name\":\"Primer Tren Cultural de la Argentina realiza su segundo destino hacia el Festival Nacional del Folclore de Cosqu\u00edn 2023\"}]},{\"@type\":\"WebSite\",\"@id\":\"https:\\\/\\\/whatsappmexico.com\\\/#website\",\"url\":\"https:\\\/\\\/whatsappmexico.com\\\/\",\"name\":\"\",\"description\":\"La Noticia M\u00e1s R\u00e1pida\",\"potentialAction\":[{\"@type\":\"SearchAction\",\"target\":{\"@type\":\"EntryPoint\",\"urlTemplate\":\"https:\\\/\\\/whatsappmexico.com\\\/?s={search_term_string}\"},\"query-input\":{\"@type\":\"PropertyValueSpecification\",\"valueRequired\":true,\"valueName\":\"search_term_string\"}}],\"inLanguage\":\"es\"},{\"@type\":\"Person\",\"@id\":\"https:\\\/\\\/whatsappmexico.com\\\/#\\\/schema\\\/person\\\/082b02d197e5c0d9eeef91cf10d3643e\",\"name\":\"admin\",\"image\":{\"@type\":\"ImageObject\",\"inLanguage\":\"es\",\"@id\":\"https:\\\/\\\/secure.gravatar.com\\\/avatar\\\/c2e50278fd314cf93ecf18c6171760d6d7972373780a207099fd11e86caef7a0?s=96&d=mm&r=g\",\"url\":\"https:\\\/\\\/secure.gravatar.com\\\/avatar\\\/c2e50278fd314cf93ecf18c6171760d6d7972373780a207099fd11e86caef7a0?s=96&d=mm&r=g\",\"contentUrl\":\"https:\\\/\\\/secure.gravatar.com\\\/avatar\\\/c2e50278fd314cf93ecf18c6171760d6d7972373780a207099fd11e86caef7a0?s=96&d=mm&r=g\",\"caption\":\"admin\"},\"sameAs\":[\"https:\\\/\\\/whatsappmexico.com\"],\"url\":\"https:\\\/\\\/whatsappmexico.com\\\/?author=1\"}]}<\/script>\n<!-- \/ Yoast SEO plugin. -->","yoast_head_json":{"title":"Primer Tren Cultural de la Argentina realiza su segundo destino","description":"Primer Tren Cultural de la Argentina realiza su segundo destino hacia el Festival Nacional del Folclore de Cosqu\u00edn 2023; en conversatorios","robots":{"index":"index","follow":"follow","max-snippet":"max-snippet:-1","max-image-preview":"max-image-preview:large","max-video-preview":"max-video-preview:-1"},"canonical":"https:\/\/whatsappmexico.com\/?p=11679","og_locale":"es_ES","og_type":"article","og_title":"Primer Tren Cultural de la Argentina realiza su segundo destino","og_description":"Primer Tren Cultural de la Argentina realiza su segundo destino hacia el Festival Nacional del Folclore de Cosqu\u00edn 2023; en conversatorios","og_url":"https:\/\/whatsappmexico.com\/?p=11679","article_published_time":"2023-01-24T22:59:22+00:00","og_image":[{"width":300,"height":168,"url":"https:\/\/whatsappmexico.com\/wp-content\/uploads\/2023\/01\/22-2.png","type":"image\/png"}],"author":"admin","twitter_card":"summary_large_image","twitter_misc":{"Escrito por":"admin","Tiempo de lectura":"3 minutos"},"schema":{"@context":"https:\/\/schema.org","@graph":[{"@type":"Article","@id":"https:\/\/whatsappmexico.com\/?p=11679#article","isPartOf":{"@id":"https:\/\/whatsappmexico.com\/?p=11679"},"author":{"name":"admin","@id":"https:\/\/whatsappmexico.com\/#\/schema\/person\/082b02d197e5c0d9eeef91cf10d3643e"},"headline":"Primer Tren Cultural de la Argentina realiza su segundo destino hacia el Festival Nacional del Folclore de Cosqu\u00edn 2023","datePublished":"2023-01-24T22:59:22+00:00","mainEntityOfPage":{"@id":"https:\/\/whatsappmexico.com\/?p=11679"},"wordCount":640,"commentCount":0,"image":{"@id":"https:\/\/whatsappmexico.com\/?p=11679#primaryimage"},"thumbnailUrl":"https:\/\/whatsappmexico.com\/wp-content\/uploads\/2023\/01\/22-2.png","articleSection":["Espectaculos"],"inLanguage":"es","potentialAction":[{"@type":"CommentAction","name":"Comment","target":["https:\/\/whatsappmexico.com\/?p=11679#respond"]}]},{"@type":"WebPage","@id":"https:\/\/whatsappmexico.com\/?p=11679","url":"https:\/\/whatsappmexico.com\/?p=11679","name":"Primer Tren Cultural de la Argentina realiza su segundo destino","isPartOf":{"@id":"https:\/\/whatsappmexico.com\/#website"},"primaryImageOfPage":{"@id":"https:\/\/whatsappmexico.com\/?p=11679#primaryimage"},"image":{"@id":"https:\/\/whatsappmexico.com\/?p=11679#primaryimage"},"thumbnailUrl":"https:\/\/whatsappmexico.com\/wp-content\/uploads\/2023\/01\/22-2.png","datePublished":"2023-01-24T22:59:22+00:00","author":{"@id":"https:\/\/whatsappmexico.com\/#\/schema\/person\/082b02d197e5c0d9eeef91cf10d3643e"},"description":"Primer Tren Cultural de la Argentina realiza su segundo destino hacia el Festival Nacional del Folclore de Cosqu\u00edn 2023; en conversatorios","breadcrumb":{"@id":"https:\/\/whatsappmexico.com\/?p=11679#breadcrumb"},"inLanguage":"es","potentialAction":[{"@type":"ReadAction","target":["https:\/\/whatsappmexico.com\/?p=11679"]}]},{"@type":"ImageObject","inLanguage":"es","@id":"https:\/\/whatsappmexico.com\/?p=11679#primaryimage","url":"https:\/\/whatsappmexico.com\/wp-content\/uploads\/2023\/01\/22-2.png","contentUrl":"https:\/\/whatsappmexico.com\/wp-content\/uploads\/2023\/01\/22-2.png","width":300,"height":168,"caption":"Primer Tren Cultural de la Argentina realiza su segundo destino hacia el Festival Nacional del Folclore de Cosqu\u00edn 2023"},{"@type":"BreadcrumbList","@id":"https:\/\/whatsappmexico.com\/?p=11679#breadcrumb","itemListElement":[{"@type":"ListItem","position":1,"name":"Portada","item":"https:\/\/whatsappmexico.com\/"},{"@type":"ListItem","position":2,"name":"Primer Tren Cultural de la Argentina realiza su segundo destino hacia el Festival Nacional del Folclore de Cosqu\u00edn 2023"}]},{"@type":"WebSite","@id":"https:\/\/whatsappmexico.com\/#website","url":"https:\/\/whatsappmexico.com\/","name":"","description":"La Noticia M\u00e1s R\u00e1pida","potentialAction":[{"@type":"SearchAction","target":{"@type":"EntryPoint","urlTemplate":"https:\/\/whatsappmexico.com\/?s={search_term_string}"},"query-input":{"@type":"PropertyValueSpecification","valueRequired":true,"valueName":"search_term_string"}}],"inLanguage":"es"},{"@type":"Person","@id":"https:\/\/whatsappmexico.com\/#\/schema\/person\/082b02d197e5c0d9eeef91cf10d3643e","name":"admin","image":{"@type":"ImageObject","inLanguage":"es","@id":"https:\/\/secure.gravatar.com\/avatar\/c2e50278fd314cf93ecf18c6171760d6d7972373780a207099fd11e86caef7a0?s=96&d=mm&r=g","url":"https:\/\/secure.gravatar.com\/avatar\/c2e50278fd314cf93ecf18c6171760d6d7972373780a207099fd11e86caef7a0?s=96&d=mm&r=g","contentUrl":"https:\/\/secure.gravatar.com\/avatar\/c2e50278fd314cf93ecf18c6171760d6d7972373780a207099fd11e86caef7a0?s=96&d=mm&r=g","caption":"admin"},"sameAs":["https:\/\/whatsappmexico.com"],"url":"https:\/\/whatsappmexico.com\/?author=1"}]}},"_links":{"self":[{"href":"https:\/\/whatsappmexico.com\/index.php?rest_route=\/wp\/v2\/posts\/11679","targetHints":{"allow":["GET"]}}],"collection":[{"href":"https:\/\/whatsappmexico.com\/index.php?rest_route=\/wp\/v2\/posts"}],"about":[{"href":"https:\/\/whatsappmexico.com\/index.php?rest_route=\/wp\/v2\/types\/post"}],"author":[{"embeddable":true,"href":"https:\/\/whatsappmexico.com\/index.php?rest_route=\/wp\/v2\/users\/1"}],"replies":[{"embeddable":true,"href":"https:\/\/whatsappmexico.com\/index.php?rest_route=%2Fwp%2Fv2%2Fcomments&post=11679"}],"version-history":[{"count":1,"href":"https:\/\/whatsappmexico.com\/index.php?rest_route=\/wp\/v2\/posts\/11679\/revisions"}],"predecessor-version":[{"id":11681,"href":"https:\/\/whatsappmexico.com\/index.php?rest_route=\/wp\/v2\/posts\/11679\/revisions\/11681"}],"wp:featuredmedia":[{"embeddable":true,"href":"https:\/\/whatsappmexico.com\/index.php?rest_route=\/wp\/v2\/media\/11680"}],"wp:attachment":[{"href":"https:\/\/whatsappmexico.com\/index.php?rest_route=%2Fwp%2Fv2%2Fmedia&parent=11679"}],"wp:term":[{"taxonomy":"category","embeddable":true,"href":"https:\/\/whatsappmexico.com\/index.php?rest_route=%2Fwp%2Fv2%2Fcategories&post=11679"},{"taxonomy":"post_tag","embeddable":true,"href":"https:\/\/whatsappmexico.com\/index.php?rest_route=%2Fwp%2Fv2%2Ftags&post=11679"}],"curies":[{"name":"wp","href":"https:\/\/api.w.org\/{rel}","templated":true}]}}