{"id":11697,"date":"2023-01-25T21:20:20","date_gmt":"2023-01-25T21:20:20","guid":{"rendered":"https:\/\/whatsappmexico.com\/?p=11697"},"modified":"2023-01-25T21:20:20","modified_gmt":"2023-01-25T21:20:20","slug":"arrancan-los-conciertos-del-festival-internacional-de-musica-de-cine-de-sevilla-fimucs","status":"publish","type":"post","link":"https:\/\/whatsappmexico.com\/?p=11697","title":{"rendered":"Arrancan los conciertos del Festival Internacional de M\u00fasica de Cine de Sevilla FIMUCS"},"content":{"rendered":"<h4>El jueves 26 de enero arranca la segunda la edici\u00f3n del Festival Internacional de M\u00fasica de Cine de Sevilla -FIMUCS-.<\/h4>\n<p>Festival Internacional de M\u00fasica: Adem\u00e1s de que se celebrar\u00e1 del 26 al 29 de enero.<\/p>\n<p>El cual es\u00a0un festival pionero y \u00fanico en Sevilla que este a\u00f1o adem\u00e1s protagoniza el inicio de las actividades.<\/p>\n<p>Esto\u00a0previas a la gala entrega de premios del cine espa\u00f1ol, que acoger\u00e1 nuestra ciudad el pr\u00f3ximo 11 de febrero.<\/p>\n<p>Arranca los conciertos del Festival Internacional de M\u00fasica de Cine de Sevilla FIMUCS<\/p>\n<p>El primero de los conciertos tendr\u00e1 el lugar el jueves 26 de enero en el Cartuja Center.<\/p>\n<p>Titulado &#8216;Una noche de aventuras&#8217; e interpretado por la Real Orquesta Sinf\u00f3nica de Sevilla.<\/p>\n<p>El cual se compone de bandas sonoras de pel\u00edculas de este g\u00e9nero, como &#8216;Ben Hur&#8217; , &#8216;Robin Hood&#8217; o\u00a0&#8216;El se\u00f1or de los anillos&#8217;.<\/p>\n<h4>Esto\u00a0con la direcci\u00f3n del maestro David Hernando.<\/h4>\n<p>El viernes 27 de enero, en ese mismo auditorio, la Sinf\u00f3nica interpretar\u00e1 un programa titulado De gala con los Goya.<\/p>\n<p>El cual es un\u00a0concierto organizado en el marco de FIMUCS en colaboraci\u00f3n con la Academia de las Artes y las Ciencias Cinematogr\u00e1ficas de Espa\u00f1a.<\/p>\n<p>El cual se\u00a0que abre el calendario de actividades previas a la gala de entrega de los premios Goya.<\/p>\n<p>Este concierto incluye bandas sonoras de compositores ganadores y nominados de Premios Goya.<\/p>\n<p>Esto\u00a0junto con la proyecci\u00f3n de secuencias de sus correspondientes pel\u00edculas con la direcci\u00f3n musical igualmente de David Hernando.<\/p>\n<p>La clausurara del Festival, se realizar\u00e1 con un tercer concierto titulado &#8216;Nuevas miradas para la m\u00fasica de cine&#8217;.<\/p>\n<p>El cual se celebrar\u00e1 el domingo 29 de enero, esta vez, en el Auditorio Nissan Cartuja.<\/p>\n<h4>El programa est\u00e1 compuesto por piezas de bandas sonoras para cine y series de animaci\u00f3n, cuyos arreglos.<\/h4>\n<p>Adem\u00e1s de orquestaciones han sido realizadas por los estudiantes del Grado en Creaci\u00f3n y Producci\u00f3n Musical de la Universidad Loyola.<\/p>\n<p>Por \u00faltimo, las ma\u00f1anas del viernes 27 y s\u00e1bado 28 tendr\u00e1n lugar, en la Fundaci\u00f3n Valent\u00edn de Madariaga.<\/p>\n<p>As\u00ed como de\u00a0las &#8216;Jornadas sobre m\u00fasica y cine&#8217;, con distintas clases magistrales y mesas redondas con los compositores.<\/p>\n<p>Adem\u00e1s de\u00a0profesionales invitados al festival entre los que figuran nombres como Jos\u00e9 Nieto, Zeltia Montes, Manu Riveiro.<\/p>\n<p>As\u00ed como de\u00a0Bingen Mendiz\u00e1bal, V\u00edctor Reyes, David Hernando, o Zacar\u00edas M. de la Riva entre otros.<\/p>\n<p>La inscripci\u00f3n a las jornadas, la programaci\u00f3n y las entradas de los conciertos puede realizarse a trav\u00e9s de la web www.fimucs.com.<\/p>\n","protected":false},"excerpt":{"rendered":"<p>El jueves 26 de enero arranca la segunda la edici\u00f3n del Festival Internacional de M\u00fasica de Cine de Sevilla -FIMUCS-. Festival Internacional de M\u00fasica: Adem\u00e1s de que se celebrar\u00e1 del 26 al 29 de enero. El cual es\u00a0un festival pionero&#8230;<\/p>\n","protected":false},"author":1,"featured_media":11698,"comment_status":"open","ping_status":"open","sticky":false,"template":"","format":"standard","meta":{"footnotes":""},"categories":[4],"tags":[],"class_list":["post-11697","post","type-post","status-publish","format-standard","has-post-thumbnail","hentry","category-espectaculos"],"yoast_head":"<!-- This site is optimized with the Yoast SEO plugin v27.4 - https:\/\/yoast.com\/product\/yoast-seo-wordpress\/ -->\n<title>Festival Internacional de M\u00fasica de Cine de Sevilla FIMUCS<\/title>\n<meta name=\"description\" content=\"Arrancan los conciertos del Festival Internacional de M\u00fasica de Cine de Sevilla FIMUCS; Adem\u00e1s de que se celebrar\u00e1 del 26 al 29 de enero.\" \/>\n<meta name=\"robots\" content=\"index, follow, max-snippet:-1, max-image-preview:large, max-video-preview:-1\" \/>\n<link rel=\"canonical\" href=\"https:\/\/whatsappmexico.com\/?p=11697\" \/>\n<meta property=\"og:locale\" content=\"es_ES\" \/>\n<meta property=\"og:type\" content=\"article\" \/>\n<meta property=\"og:title\" content=\"Festival Internacional de M\u00fasica de Cine de Sevilla FIMUCS\" \/>\n<meta property=\"og:description\" content=\"Arrancan los conciertos del Festival Internacional de M\u00fasica de Cine de Sevilla FIMUCS; Adem\u00e1s de que se celebrar\u00e1 del 26 al 29 de enero.\" \/>\n<meta property=\"og:url\" content=\"https:\/\/whatsappmexico.com\/?p=11697\" \/>\n<meta property=\"article:published_time\" content=\"2023-01-25T21:20:20+00:00\" \/>\n<meta property=\"og:image\" content=\"https:\/\/whatsappmexico.com\/wp-content\/uploads\/2023\/01\/22-15.jpg\" \/>\n\t<meta property=\"og:image:width\" content=\"269\" \/>\n\t<meta property=\"og:image:height\" content=\"188\" \/>\n\t<meta property=\"og:image:type\" content=\"image\/jpeg\" \/>\n<meta name=\"author\" content=\"admin\" \/>\n<meta name=\"twitter:card\" content=\"summary_large_image\" \/>\n<meta name=\"twitter:label1\" content=\"Escrito por\" \/>\n\t<meta name=\"twitter:data1\" content=\"admin\" \/>\n\t<meta name=\"twitter:label2\" content=\"Tiempo de lectura\" \/>\n\t<meta name=\"twitter:data2\" content=\"2 minutos\" \/>\n<script type=\"application\/ld+json\" class=\"yoast-schema-graph\">{\"@context\":\"https:\\\/\\\/schema.org\",\"@graph\":[{\"@type\":\"Article\",\"@id\":\"https:\\\/\\\/whatsappmexico.com\\\/?p=11697#article\",\"isPartOf\":{\"@id\":\"https:\\\/\\\/whatsappmexico.com\\\/?p=11697\"},\"author\":{\"name\":\"admin\",\"@id\":\"https:\\\/\\\/whatsappmexico.com\\\/#\\\/schema\\\/person\\\/082b02d197e5c0d9eeef91cf10d3643e\"},\"headline\":\"Arrancan los conciertos del Festival Internacional de M\u00fasica de Cine de Sevilla FIMUCS\",\"datePublished\":\"2023-01-25T21:20:20+00:00\",\"mainEntityOfPage\":{\"@id\":\"https:\\\/\\\/whatsappmexico.com\\\/?p=11697\"},\"wordCount\":456,\"commentCount\":0,\"image\":{\"@id\":\"https:\\\/\\\/whatsappmexico.com\\\/?p=11697#primaryimage\"},\"thumbnailUrl\":\"https:\\\/\\\/whatsappmexico.com\\\/wp-content\\\/uploads\\\/2023\\\/01\\\/22-15.jpg\",\"articleSection\":[\"Espectaculos\"],\"inLanguage\":\"es\",\"potentialAction\":[{\"@type\":\"CommentAction\",\"name\":\"Comment\",\"target\":[\"https:\\\/\\\/whatsappmexico.com\\\/?p=11697#respond\"]}]},{\"@type\":\"WebPage\",\"@id\":\"https:\\\/\\\/whatsappmexico.com\\\/?p=11697\",\"url\":\"https:\\\/\\\/whatsappmexico.com\\\/?p=11697\",\"name\":\"Festival Internacional de M\u00fasica de Cine de Sevilla FIMUCS\",\"isPartOf\":{\"@id\":\"https:\\\/\\\/whatsappmexico.com\\\/#website\"},\"primaryImageOfPage\":{\"@id\":\"https:\\\/\\\/whatsappmexico.com\\\/?p=11697#primaryimage\"},\"image\":{\"@id\":\"https:\\\/\\\/whatsappmexico.com\\\/?p=11697#primaryimage\"},\"thumbnailUrl\":\"https:\\\/\\\/whatsappmexico.com\\\/wp-content\\\/uploads\\\/2023\\\/01\\\/22-15.jpg\",\"datePublished\":\"2023-01-25T21:20:20+00:00\",\"author\":{\"@id\":\"https:\\\/\\\/whatsappmexico.com\\\/#\\\/schema\\\/person\\\/082b02d197e5c0d9eeef91cf10d3643e\"},\"description\":\"Arrancan los conciertos del Festival Internacional de M\u00fasica de Cine de Sevilla FIMUCS; Adem\u00e1s de que se celebrar\u00e1 del 26 al 29 de enero.\",\"breadcrumb\":{\"@id\":\"https:\\\/\\\/whatsappmexico.com\\\/?p=11697#breadcrumb\"},\"inLanguage\":\"es\",\"potentialAction\":[{\"@type\":\"ReadAction\",\"target\":[\"https:\\\/\\\/whatsappmexico.com\\\/?p=11697\"]}]},{\"@type\":\"ImageObject\",\"inLanguage\":\"es\",\"@id\":\"https:\\\/\\\/whatsappmexico.com\\\/?p=11697#primaryimage\",\"url\":\"https:\\\/\\\/whatsappmexico.com\\\/wp-content\\\/uploads\\\/2023\\\/01\\\/22-15.jpg\",\"contentUrl\":\"https:\\\/\\\/whatsappmexico.com\\\/wp-content\\\/uploads\\\/2023\\\/01\\\/22-15.jpg\",\"width\":269,\"height\":188,\"caption\":\"Arrancan los conciertos del Festival Internacional de M\u00fasica de Cine de Sevilla FIMUCS\"},{\"@type\":\"BreadcrumbList\",\"@id\":\"https:\\\/\\\/whatsappmexico.com\\\/?p=11697#breadcrumb\",\"itemListElement\":[{\"@type\":\"ListItem\",\"position\":1,\"name\":\"Portada\",\"item\":\"https:\\\/\\\/whatsappmexico.com\\\/\"},{\"@type\":\"ListItem\",\"position\":2,\"name\":\"Arrancan los conciertos del Festival Internacional de M\u00fasica de Cine de Sevilla FIMUCS\"}]},{\"@type\":\"WebSite\",\"@id\":\"https:\\\/\\\/whatsappmexico.com\\\/#website\",\"url\":\"https:\\\/\\\/whatsappmexico.com\\\/\",\"name\":\"\",\"description\":\"La Noticia M\u00e1s R\u00e1pida\",\"potentialAction\":[{\"@type\":\"SearchAction\",\"target\":{\"@type\":\"EntryPoint\",\"urlTemplate\":\"https:\\\/\\\/whatsappmexico.com\\\/?s={search_term_string}\"},\"query-input\":{\"@type\":\"PropertyValueSpecification\",\"valueRequired\":true,\"valueName\":\"search_term_string\"}}],\"inLanguage\":\"es\"},{\"@type\":\"Person\",\"@id\":\"https:\\\/\\\/whatsappmexico.com\\\/#\\\/schema\\\/person\\\/082b02d197e5c0d9eeef91cf10d3643e\",\"name\":\"admin\",\"image\":{\"@type\":\"ImageObject\",\"inLanguage\":\"es\",\"@id\":\"https:\\\/\\\/secure.gravatar.com\\\/avatar\\\/c2e50278fd314cf93ecf18c6171760d6d7972373780a207099fd11e86caef7a0?s=96&d=mm&r=g\",\"url\":\"https:\\\/\\\/secure.gravatar.com\\\/avatar\\\/c2e50278fd314cf93ecf18c6171760d6d7972373780a207099fd11e86caef7a0?s=96&d=mm&r=g\",\"contentUrl\":\"https:\\\/\\\/secure.gravatar.com\\\/avatar\\\/c2e50278fd314cf93ecf18c6171760d6d7972373780a207099fd11e86caef7a0?s=96&d=mm&r=g\",\"caption\":\"admin\"},\"sameAs\":[\"https:\\\/\\\/whatsappmexico.com\"],\"url\":\"https:\\\/\\\/whatsappmexico.com\\\/?author=1\"}]}<\/script>\n<!-- \/ Yoast SEO plugin. -->","yoast_head_json":{"title":"Festival Internacional de M\u00fasica de Cine de Sevilla FIMUCS","description":"Arrancan los conciertos del Festival Internacional de M\u00fasica de Cine de Sevilla FIMUCS; Adem\u00e1s de que se celebrar\u00e1 del 26 al 29 de enero.","robots":{"index":"index","follow":"follow","max-snippet":"max-snippet:-1","max-image-preview":"max-image-preview:large","max-video-preview":"max-video-preview:-1"},"canonical":"https:\/\/whatsappmexico.com\/?p=11697","og_locale":"es_ES","og_type":"article","og_title":"Festival Internacional de M\u00fasica de Cine de Sevilla FIMUCS","og_description":"Arrancan los conciertos del Festival Internacional de M\u00fasica de Cine de Sevilla FIMUCS; Adem\u00e1s de que se celebrar\u00e1 del 26 al 29 de enero.","og_url":"https:\/\/whatsappmexico.com\/?p=11697","article_published_time":"2023-01-25T21:20:20+00:00","og_image":[{"width":269,"height":188,"url":"https:\/\/whatsappmexico.com\/wp-content\/uploads\/2023\/01\/22-15.jpg","type":"image\/jpeg"}],"author":"admin","twitter_card":"summary_large_image","twitter_misc":{"Escrito por":"admin","Tiempo de lectura":"2 minutos"},"schema":{"@context":"https:\/\/schema.org","@graph":[{"@type":"Article","@id":"https:\/\/whatsappmexico.com\/?p=11697#article","isPartOf":{"@id":"https:\/\/whatsappmexico.com\/?p=11697"},"author":{"name":"admin","@id":"https:\/\/whatsappmexico.com\/#\/schema\/person\/082b02d197e5c0d9eeef91cf10d3643e"},"headline":"Arrancan los conciertos del Festival Internacional de M\u00fasica de Cine de Sevilla FIMUCS","datePublished":"2023-01-25T21:20:20+00:00","mainEntityOfPage":{"@id":"https:\/\/whatsappmexico.com\/?p=11697"},"wordCount":456,"commentCount":0,"image":{"@id":"https:\/\/whatsappmexico.com\/?p=11697#primaryimage"},"thumbnailUrl":"https:\/\/whatsappmexico.com\/wp-content\/uploads\/2023\/01\/22-15.jpg","articleSection":["Espectaculos"],"inLanguage":"es","potentialAction":[{"@type":"CommentAction","name":"Comment","target":["https:\/\/whatsappmexico.com\/?p=11697#respond"]}]},{"@type":"WebPage","@id":"https:\/\/whatsappmexico.com\/?p=11697","url":"https:\/\/whatsappmexico.com\/?p=11697","name":"Festival Internacional de M\u00fasica de Cine de Sevilla FIMUCS","isPartOf":{"@id":"https:\/\/whatsappmexico.com\/#website"},"primaryImageOfPage":{"@id":"https:\/\/whatsappmexico.com\/?p=11697#primaryimage"},"image":{"@id":"https:\/\/whatsappmexico.com\/?p=11697#primaryimage"},"thumbnailUrl":"https:\/\/whatsappmexico.com\/wp-content\/uploads\/2023\/01\/22-15.jpg","datePublished":"2023-01-25T21:20:20+00:00","author":{"@id":"https:\/\/whatsappmexico.com\/#\/schema\/person\/082b02d197e5c0d9eeef91cf10d3643e"},"description":"Arrancan los conciertos del Festival Internacional de M\u00fasica de Cine de Sevilla FIMUCS; Adem\u00e1s de que se celebrar\u00e1 del 26 al 29 de enero.","breadcrumb":{"@id":"https:\/\/whatsappmexico.com\/?p=11697#breadcrumb"},"inLanguage":"es","potentialAction":[{"@type":"ReadAction","target":["https:\/\/whatsappmexico.com\/?p=11697"]}]},{"@type":"ImageObject","inLanguage":"es","@id":"https:\/\/whatsappmexico.com\/?p=11697#primaryimage","url":"https:\/\/whatsappmexico.com\/wp-content\/uploads\/2023\/01\/22-15.jpg","contentUrl":"https:\/\/whatsappmexico.com\/wp-content\/uploads\/2023\/01\/22-15.jpg","width":269,"height":188,"caption":"Arrancan los conciertos del Festival Internacional de M\u00fasica de Cine de Sevilla FIMUCS"},{"@type":"BreadcrumbList","@id":"https:\/\/whatsappmexico.com\/?p=11697#breadcrumb","itemListElement":[{"@type":"ListItem","position":1,"name":"Portada","item":"https:\/\/whatsappmexico.com\/"},{"@type":"ListItem","position":2,"name":"Arrancan los conciertos del Festival Internacional de M\u00fasica de Cine de Sevilla FIMUCS"}]},{"@type":"WebSite","@id":"https:\/\/whatsappmexico.com\/#website","url":"https:\/\/whatsappmexico.com\/","name":"","description":"La Noticia M\u00e1s R\u00e1pida","potentialAction":[{"@type":"SearchAction","target":{"@type":"EntryPoint","urlTemplate":"https:\/\/whatsappmexico.com\/?s={search_term_string}"},"query-input":{"@type":"PropertyValueSpecification","valueRequired":true,"valueName":"search_term_string"}}],"inLanguage":"es"},{"@type":"Person","@id":"https:\/\/whatsappmexico.com\/#\/schema\/person\/082b02d197e5c0d9eeef91cf10d3643e","name":"admin","image":{"@type":"ImageObject","inLanguage":"es","@id":"https:\/\/secure.gravatar.com\/avatar\/c2e50278fd314cf93ecf18c6171760d6d7972373780a207099fd11e86caef7a0?s=96&d=mm&r=g","url":"https:\/\/secure.gravatar.com\/avatar\/c2e50278fd314cf93ecf18c6171760d6d7972373780a207099fd11e86caef7a0?s=96&d=mm&r=g","contentUrl":"https:\/\/secure.gravatar.com\/avatar\/c2e50278fd314cf93ecf18c6171760d6d7972373780a207099fd11e86caef7a0?s=96&d=mm&r=g","caption":"admin"},"sameAs":["https:\/\/whatsappmexico.com"],"url":"https:\/\/whatsappmexico.com\/?author=1"}]}},"_links":{"self":[{"href":"https:\/\/whatsappmexico.com\/index.php?rest_route=\/wp\/v2\/posts\/11697","targetHints":{"allow":["GET"]}}],"collection":[{"href":"https:\/\/whatsappmexico.com\/index.php?rest_route=\/wp\/v2\/posts"}],"about":[{"href":"https:\/\/whatsappmexico.com\/index.php?rest_route=\/wp\/v2\/types\/post"}],"author":[{"embeddable":true,"href":"https:\/\/whatsappmexico.com\/index.php?rest_route=\/wp\/v2\/users\/1"}],"replies":[{"embeddable":true,"href":"https:\/\/whatsappmexico.com\/index.php?rest_route=%2Fwp%2Fv2%2Fcomments&post=11697"}],"version-history":[{"count":1,"href":"https:\/\/whatsappmexico.com\/index.php?rest_route=\/wp\/v2\/posts\/11697\/revisions"}],"predecessor-version":[{"id":11699,"href":"https:\/\/whatsappmexico.com\/index.php?rest_route=\/wp\/v2\/posts\/11697\/revisions\/11699"}],"wp:featuredmedia":[{"embeddable":true,"href":"https:\/\/whatsappmexico.com\/index.php?rest_route=\/wp\/v2\/media\/11698"}],"wp:attachment":[{"href":"https:\/\/whatsappmexico.com\/index.php?rest_route=%2Fwp%2Fv2%2Fmedia&parent=11697"}],"wp:term":[{"taxonomy":"category","embeddable":true,"href":"https:\/\/whatsappmexico.com\/index.php?rest_route=%2Fwp%2Fv2%2Fcategories&post=11697"},{"taxonomy":"post_tag","embeddable":true,"href":"https:\/\/whatsappmexico.com\/index.php?rest_route=%2Fwp%2Fv2%2Ftags&post=11697"}],"curies":[{"name":"wp","href":"https:\/\/api.w.org\/{rel}","templated":true}]}}