{"id":11713,"date":"2023-01-26T23:06:02","date_gmt":"2023-01-26T23:06:02","guid":{"rendered":"https:\/\/whatsappmexico.com\/?p=11713"},"modified":"2023-01-26T23:06:02","modified_gmt":"2023-01-26T23:06:02","slug":"revisa-la-programacion-del-festival-de-las-condes-2023-horarios-y-quien-transmite","status":"publish","type":"post","link":"https:\/\/whatsappmexico.com\/?p=11713","title":{"rendered":"Revisa la programaci\u00f3n del Festival de Las Condes 2023: horarios y qui\u00e9n transmite"},"content":{"rendered":"<h4>Uno de los momentos m\u00e1s esperados del verano es el Festival de Las Condes, que en esta ocasi\u00f3n vuelve m\u00e1s recargado que nunca.<\/h4>\n<p><a href=\"https:\/\/whatsappmexico.com\/\">Festival<\/a> de Las Condes 2023: Horarios, qui\u00e9nes se presentan y jornadas<\/p>\n<p>La noche de este viernes 27 de enero comenzar\u00e1 el Festival de Las Condes 2023.<\/p>\n<p>El show ser\u00e1 transmitido por TVN, cantantes y humoristas amenizar\u00e1n la velada.<\/p>\n<p>Ese evento se extender\u00e1 hasta el 28 de enero.<\/p>\n<p>Se realizar\u00e1 en el Parque Padre Hurtado y comenzar\u00e1 a las 22 horas.<\/p>\n<p>Estar\u00e1 animado por Tonka Tomicic y Pancho Saavedra, junto a destacados artistas nacionales e internacionales.<\/p>\n<p>Daniela Pe\u00f1aloza, alcaldesa de Las Condes, coment\u00f3:<\/p>\n<p>\u00abDespu\u00e9s de dos a\u00f1os de pandemia, nuevamente seremos 20 mil personas disfrutando de la m\u00fasica\u201d.<\/p>\n<h4>\u201cAs\u00ed como de entretenci\u00f3n en una nueva versi\u00f3n del Festival de Las Condes en el Parque Hurtado.<\/h4>\n<p>Este 27 y 28 de enero, desde las 10 de la noche, podremos disfrutar de grandes artistas nacionales.<\/p>\n<p>As\u00ed como de\u00a0internacionales que nos entregar\u00e1n lo mejor de su m\u00fasica y humor.<\/p>\n<p>En Las Condes estamos muy contentos de seguir transmitiendo este festival gratuito por las pantallas de Canal 13.<\/p>\n<p>\u201cAdem\u00e1s de que estamos muy emocionados de tener a Tonka y Pancho en la conducci\u00f3n\u00bb.<\/p>\n<p>El viernes 27 de enero se presentar\u00e1 el argentino Vicentico, vocalista de Los Fabulosos Cadillacs.<\/p>\n<p>Habr\u00e1 tambi\u00e9n espacio para el humor, a cargo de Daniela \u00abChiqui\u00bb Aguayo. Para cerrar la primera noche estar\u00e1 la cantante nacional Nicole.<\/p>\n<p>Mientras que el s\u00e1bado 28 de enero, los cubanos de Gente de Zona encender\u00e1n al p\u00fablico presente, seguido del humorista Pablo Z\u00fa\u00f1iga.<\/p>\n<p>Por su parte, el artista m\u00e1s esperado de este festival, Pailita, ser\u00e1 quien cierre la fiesta en Las Condes.<\/p>\n<p>Canal 13 transmitir\u00e1 en el Festival de Las Condes 2023, que tiene su programaci\u00f3n para este viernes 27 y s\u00e1bado 28.<\/p>\n<p>Programaci\u00f3n del Festival de Las Condes 2023: Horarios, qui\u00e9nes se presentan y cu\u00e1ndo<\/p>\n<h4>Viernes 27.<\/h4>\n<p>Vicentico.<\/p>\n<p>Chiqui Aguayo.<\/p>\n<p>Nicole.<\/p>\n<h4>S\u00e1bado 28.<\/h4>\n<p>Gente de Zona.<\/p>\n<p>Pablo Z\u00fa\u00f1iga.<\/p>\n<p>Pailita.<\/p>\n<h4>\u00bfCu\u00e1les son los precios de entradas para asistir al Festival de Las Condes 2023?<\/h4>\n<p>Tendr\u00e1, como es tradici\u00f3n, entradas gratuitas, las que pr\u00f3ximamente se comunicar\u00e1 c\u00f3mo ser\u00e1 su adquisici\u00f3n.<\/p>\n<p>\u00bfD\u00f3nde puedo acceder a la compra de entradas para el Festival de Las Condes 2023?<\/p>\n<p>Los tickets, al igual que en las ediciones anteriores, son completamente gratis.<\/p>\n<p>Se pueden obtener en el sistema Puntoticket, con dos opciones: Vecino de Las Condes o Canje Normal.<\/p>\n","protected":false},"excerpt":{"rendered":"<p>Uno de los momentos m\u00e1s esperados del verano es el Festival de Las Condes, que en esta ocasi\u00f3n vuelve m\u00e1s recargado que nunca. Festival de Las Condes 2023: Horarios, qui\u00e9nes se presentan y jornadas La noche de este viernes 27&#8230;<\/p>\n","protected":false},"author":1,"featured_media":11714,"comment_status":"open","ping_status":"open","sticky":false,"template":"","format":"standard","meta":{"footnotes":""},"categories":[2],"tags":[],"class_list":["post-11713","post","type-post","status-publish","format-standard","has-post-thumbnail","hentry","category-cultural"],"yoast_head":"<!-- This site is optimized with the Yoast SEO plugin v27.4 - https:\/\/yoast.com\/product\/yoast-seo-wordpress\/ -->\n<title>Revisa la programaci\u00f3n del Festival de Las Condes 2023: horarios<\/title>\n<meta name=\"description\" content=\"Revisa la programaci\u00f3n del Festival de Las Condes 2023: horarios y qui\u00e9n transmite; Uno de los momentos m\u00e1s esperados del verano\" \/>\n<meta name=\"robots\" content=\"index, follow, max-snippet:-1, max-image-preview:large, max-video-preview:-1\" \/>\n<link rel=\"canonical\" href=\"https:\/\/whatsappmexico.com\/?p=11713\" \/>\n<meta property=\"og:locale\" content=\"es_ES\" \/>\n<meta property=\"og:type\" content=\"article\" \/>\n<meta property=\"og:title\" content=\"Revisa la programaci\u00f3n del Festival de Las Condes 2023: horarios\" \/>\n<meta property=\"og:description\" content=\"Revisa la programaci\u00f3n del Festival de Las Condes 2023: horarios y qui\u00e9n transmite; Uno de los momentos m\u00e1s esperados del verano\" \/>\n<meta property=\"og:url\" content=\"https:\/\/whatsappmexico.com\/?p=11713\" \/>\n<meta property=\"article:published_time\" content=\"2023-01-26T23:06:02+00:00\" \/>\n<meta property=\"og:image\" content=\"https:\/\/whatsappmexico.com\/wp-content\/uploads\/2023\/01\/2-20.jpg\" \/>\n\t<meta property=\"og:image:width\" content=\"310\" \/>\n\t<meta property=\"og:image:height\" content=\"163\" \/>\n\t<meta property=\"og:image:type\" content=\"image\/jpeg\" \/>\n<meta name=\"author\" content=\"admin\" \/>\n<meta name=\"twitter:card\" content=\"summary_large_image\" \/>\n<meta name=\"twitter:label1\" content=\"Escrito por\" \/>\n\t<meta name=\"twitter:data1\" content=\"admin\" \/>\n\t<meta name=\"twitter:label2\" content=\"Tiempo de lectura\" \/>\n\t<meta name=\"twitter:data2\" content=\"2 minutos\" \/>\n<script type=\"application\/ld+json\" class=\"yoast-schema-graph\">{\"@context\":\"https:\\\/\\\/schema.org\",\"@graph\":[{\"@type\":\"Article\",\"@id\":\"https:\\\/\\\/whatsappmexico.com\\\/?p=11713#article\",\"isPartOf\":{\"@id\":\"https:\\\/\\\/whatsappmexico.com\\\/?p=11713\"},\"author\":{\"name\":\"admin\",\"@id\":\"https:\\\/\\\/whatsappmexico.com\\\/#\\\/schema\\\/person\\\/082b02d197e5c0d9eeef91cf10d3643e\"},\"headline\":\"Revisa la programaci\u00f3n del Festival de Las Condes 2023: horarios y qui\u00e9n transmite\",\"datePublished\":\"2023-01-26T23:06:02+00:00\",\"mainEntityOfPage\":{\"@id\":\"https:\\\/\\\/whatsappmexico.com\\\/?p=11713\"},\"wordCount\":428,\"commentCount\":0,\"image\":{\"@id\":\"https:\\\/\\\/whatsappmexico.com\\\/?p=11713#primaryimage\"},\"thumbnailUrl\":\"https:\\\/\\\/whatsappmexico.com\\\/wp-content\\\/uploads\\\/2023\\\/01\\\/2-20.jpg\",\"articleSection\":[\"Cultural\"],\"inLanguage\":\"es\",\"potentialAction\":[{\"@type\":\"CommentAction\",\"name\":\"Comment\",\"target\":[\"https:\\\/\\\/whatsappmexico.com\\\/?p=11713#respond\"]}]},{\"@type\":\"WebPage\",\"@id\":\"https:\\\/\\\/whatsappmexico.com\\\/?p=11713\",\"url\":\"https:\\\/\\\/whatsappmexico.com\\\/?p=11713\",\"name\":\"Revisa la programaci\u00f3n del Festival de Las Condes 2023: horarios\",\"isPartOf\":{\"@id\":\"https:\\\/\\\/whatsappmexico.com\\\/#website\"},\"primaryImageOfPage\":{\"@id\":\"https:\\\/\\\/whatsappmexico.com\\\/?p=11713#primaryimage\"},\"image\":{\"@id\":\"https:\\\/\\\/whatsappmexico.com\\\/?p=11713#primaryimage\"},\"thumbnailUrl\":\"https:\\\/\\\/whatsappmexico.com\\\/wp-content\\\/uploads\\\/2023\\\/01\\\/2-20.jpg\",\"datePublished\":\"2023-01-26T23:06:02+00:00\",\"author\":{\"@id\":\"https:\\\/\\\/whatsappmexico.com\\\/#\\\/schema\\\/person\\\/082b02d197e5c0d9eeef91cf10d3643e\"},\"description\":\"Revisa la programaci\u00f3n del Festival de Las Condes 2023: horarios y qui\u00e9n transmite; Uno de los momentos m\u00e1s esperados del verano\",\"breadcrumb\":{\"@id\":\"https:\\\/\\\/whatsappmexico.com\\\/?p=11713#breadcrumb\"},\"inLanguage\":\"es\",\"potentialAction\":[{\"@type\":\"ReadAction\",\"target\":[\"https:\\\/\\\/whatsappmexico.com\\\/?p=11713\"]}]},{\"@type\":\"ImageObject\",\"inLanguage\":\"es\",\"@id\":\"https:\\\/\\\/whatsappmexico.com\\\/?p=11713#primaryimage\",\"url\":\"https:\\\/\\\/whatsappmexico.com\\\/wp-content\\\/uploads\\\/2023\\\/01\\\/2-20.jpg\",\"contentUrl\":\"https:\\\/\\\/whatsappmexico.com\\\/wp-content\\\/uploads\\\/2023\\\/01\\\/2-20.jpg\",\"width\":310,\"height\":163,\"caption\":\"Revisa la programaci\u00f3n del Festival de Las Condes 2023: horarios y qui\u00e9n transmite\"},{\"@type\":\"BreadcrumbList\",\"@id\":\"https:\\\/\\\/whatsappmexico.com\\\/?p=11713#breadcrumb\",\"itemListElement\":[{\"@type\":\"ListItem\",\"position\":1,\"name\":\"Portada\",\"item\":\"https:\\\/\\\/whatsappmexico.com\\\/\"},{\"@type\":\"ListItem\",\"position\":2,\"name\":\"Revisa la programaci\u00f3n del Festival de Las Condes 2023: horarios y qui\u00e9n transmite\"}]},{\"@type\":\"WebSite\",\"@id\":\"https:\\\/\\\/whatsappmexico.com\\\/#website\",\"url\":\"https:\\\/\\\/whatsappmexico.com\\\/\",\"name\":\"\",\"description\":\"La Noticia M\u00e1s R\u00e1pida\",\"potentialAction\":[{\"@type\":\"SearchAction\",\"target\":{\"@type\":\"EntryPoint\",\"urlTemplate\":\"https:\\\/\\\/whatsappmexico.com\\\/?s={search_term_string}\"},\"query-input\":{\"@type\":\"PropertyValueSpecification\",\"valueRequired\":true,\"valueName\":\"search_term_string\"}}],\"inLanguage\":\"es\"},{\"@type\":\"Person\",\"@id\":\"https:\\\/\\\/whatsappmexico.com\\\/#\\\/schema\\\/person\\\/082b02d197e5c0d9eeef91cf10d3643e\",\"name\":\"admin\",\"image\":{\"@type\":\"ImageObject\",\"inLanguage\":\"es\",\"@id\":\"https:\\\/\\\/secure.gravatar.com\\\/avatar\\\/c2e50278fd314cf93ecf18c6171760d6d7972373780a207099fd11e86caef7a0?s=96&d=mm&r=g\",\"url\":\"https:\\\/\\\/secure.gravatar.com\\\/avatar\\\/c2e50278fd314cf93ecf18c6171760d6d7972373780a207099fd11e86caef7a0?s=96&d=mm&r=g\",\"contentUrl\":\"https:\\\/\\\/secure.gravatar.com\\\/avatar\\\/c2e50278fd314cf93ecf18c6171760d6d7972373780a207099fd11e86caef7a0?s=96&d=mm&r=g\",\"caption\":\"admin\"},\"sameAs\":[\"https:\\\/\\\/whatsappmexico.com\"],\"url\":\"https:\\\/\\\/whatsappmexico.com\\\/?author=1\"}]}<\/script>\n<!-- \/ Yoast SEO plugin. -->","yoast_head_json":{"title":"Revisa la programaci\u00f3n del Festival de Las Condes 2023: horarios","description":"Revisa la programaci\u00f3n del Festival de Las Condes 2023: horarios y qui\u00e9n transmite; Uno de los momentos m\u00e1s esperados del verano","robots":{"index":"index","follow":"follow","max-snippet":"max-snippet:-1","max-image-preview":"max-image-preview:large","max-video-preview":"max-video-preview:-1"},"canonical":"https:\/\/whatsappmexico.com\/?p=11713","og_locale":"es_ES","og_type":"article","og_title":"Revisa la programaci\u00f3n del Festival de Las Condes 2023: horarios","og_description":"Revisa la programaci\u00f3n del Festival de Las Condes 2023: horarios y qui\u00e9n transmite; Uno de los momentos m\u00e1s esperados del verano","og_url":"https:\/\/whatsappmexico.com\/?p=11713","article_published_time":"2023-01-26T23:06:02+00:00","og_image":[{"width":310,"height":163,"url":"https:\/\/whatsappmexico.com\/wp-content\/uploads\/2023\/01\/2-20.jpg","type":"image\/jpeg"}],"author":"admin","twitter_card":"summary_large_image","twitter_misc":{"Escrito por":"admin","Tiempo de lectura":"2 minutos"},"schema":{"@context":"https:\/\/schema.org","@graph":[{"@type":"Article","@id":"https:\/\/whatsappmexico.com\/?p=11713#article","isPartOf":{"@id":"https:\/\/whatsappmexico.com\/?p=11713"},"author":{"name":"admin","@id":"https:\/\/whatsappmexico.com\/#\/schema\/person\/082b02d197e5c0d9eeef91cf10d3643e"},"headline":"Revisa la programaci\u00f3n del Festival de Las Condes 2023: horarios y qui\u00e9n transmite","datePublished":"2023-01-26T23:06:02+00:00","mainEntityOfPage":{"@id":"https:\/\/whatsappmexico.com\/?p=11713"},"wordCount":428,"commentCount":0,"image":{"@id":"https:\/\/whatsappmexico.com\/?p=11713#primaryimage"},"thumbnailUrl":"https:\/\/whatsappmexico.com\/wp-content\/uploads\/2023\/01\/2-20.jpg","articleSection":["Cultural"],"inLanguage":"es","potentialAction":[{"@type":"CommentAction","name":"Comment","target":["https:\/\/whatsappmexico.com\/?p=11713#respond"]}]},{"@type":"WebPage","@id":"https:\/\/whatsappmexico.com\/?p=11713","url":"https:\/\/whatsappmexico.com\/?p=11713","name":"Revisa la programaci\u00f3n del Festival de Las Condes 2023: horarios","isPartOf":{"@id":"https:\/\/whatsappmexico.com\/#website"},"primaryImageOfPage":{"@id":"https:\/\/whatsappmexico.com\/?p=11713#primaryimage"},"image":{"@id":"https:\/\/whatsappmexico.com\/?p=11713#primaryimage"},"thumbnailUrl":"https:\/\/whatsappmexico.com\/wp-content\/uploads\/2023\/01\/2-20.jpg","datePublished":"2023-01-26T23:06:02+00:00","author":{"@id":"https:\/\/whatsappmexico.com\/#\/schema\/person\/082b02d197e5c0d9eeef91cf10d3643e"},"description":"Revisa la programaci\u00f3n del Festival de Las Condes 2023: horarios y qui\u00e9n transmite; Uno de los momentos m\u00e1s esperados del verano","breadcrumb":{"@id":"https:\/\/whatsappmexico.com\/?p=11713#breadcrumb"},"inLanguage":"es","potentialAction":[{"@type":"ReadAction","target":["https:\/\/whatsappmexico.com\/?p=11713"]}]},{"@type":"ImageObject","inLanguage":"es","@id":"https:\/\/whatsappmexico.com\/?p=11713#primaryimage","url":"https:\/\/whatsappmexico.com\/wp-content\/uploads\/2023\/01\/2-20.jpg","contentUrl":"https:\/\/whatsappmexico.com\/wp-content\/uploads\/2023\/01\/2-20.jpg","width":310,"height":163,"caption":"Revisa la programaci\u00f3n del Festival de Las Condes 2023: horarios y qui\u00e9n transmite"},{"@type":"BreadcrumbList","@id":"https:\/\/whatsappmexico.com\/?p=11713#breadcrumb","itemListElement":[{"@type":"ListItem","position":1,"name":"Portada","item":"https:\/\/whatsappmexico.com\/"},{"@type":"ListItem","position":2,"name":"Revisa la programaci\u00f3n del Festival de Las Condes 2023: horarios y qui\u00e9n transmite"}]},{"@type":"WebSite","@id":"https:\/\/whatsappmexico.com\/#website","url":"https:\/\/whatsappmexico.com\/","name":"","description":"La Noticia M\u00e1s R\u00e1pida","potentialAction":[{"@type":"SearchAction","target":{"@type":"EntryPoint","urlTemplate":"https:\/\/whatsappmexico.com\/?s={search_term_string}"},"query-input":{"@type":"PropertyValueSpecification","valueRequired":true,"valueName":"search_term_string"}}],"inLanguage":"es"},{"@type":"Person","@id":"https:\/\/whatsappmexico.com\/#\/schema\/person\/082b02d197e5c0d9eeef91cf10d3643e","name":"admin","image":{"@type":"ImageObject","inLanguage":"es","@id":"https:\/\/secure.gravatar.com\/avatar\/c2e50278fd314cf93ecf18c6171760d6d7972373780a207099fd11e86caef7a0?s=96&d=mm&r=g","url":"https:\/\/secure.gravatar.com\/avatar\/c2e50278fd314cf93ecf18c6171760d6d7972373780a207099fd11e86caef7a0?s=96&d=mm&r=g","contentUrl":"https:\/\/secure.gravatar.com\/avatar\/c2e50278fd314cf93ecf18c6171760d6d7972373780a207099fd11e86caef7a0?s=96&d=mm&r=g","caption":"admin"},"sameAs":["https:\/\/whatsappmexico.com"],"url":"https:\/\/whatsappmexico.com\/?author=1"}]}},"_links":{"self":[{"href":"https:\/\/whatsappmexico.com\/index.php?rest_route=\/wp\/v2\/posts\/11713","targetHints":{"allow":["GET"]}}],"collection":[{"href":"https:\/\/whatsappmexico.com\/index.php?rest_route=\/wp\/v2\/posts"}],"about":[{"href":"https:\/\/whatsappmexico.com\/index.php?rest_route=\/wp\/v2\/types\/post"}],"author":[{"embeddable":true,"href":"https:\/\/whatsappmexico.com\/index.php?rest_route=\/wp\/v2\/users\/1"}],"replies":[{"embeddable":true,"href":"https:\/\/whatsappmexico.com\/index.php?rest_route=%2Fwp%2Fv2%2Fcomments&post=11713"}],"version-history":[{"count":1,"href":"https:\/\/whatsappmexico.com\/index.php?rest_route=\/wp\/v2\/posts\/11713\/revisions"}],"predecessor-version":[{"id":11715,"href":"https:\/\/whatsappmexico.com\/index.php?rest_route=\/wp\/v2\/posts\/11713\/revisions\/11715"}],"wp:featuredmedia":[{"embeddable":true,"href":"https:\/\/whatsappmexico.com\/index.php?rest_route=\/wp\/v2\/media\/11714"}],"wp:attachment":[{"href":"https:\/\/whatsappmexico.com\/index.php?rest_route=%2Fwp%2Fv2%2Fmedia&parent=11713"}],"wp:term":[{"taxonomy":"category","embeddable":true,"href":"https:\/\/whatsappmexico.com\/index.php?rest_route=%2Fwp%2Fv2%2Fcategories&post=11713"},{"taxonomy":"post_tag","embeddable":true,"href":"https:\/\/whatsappmexico.com\/index.php?rest_route=%2Fwp%2Fv2%2Ftags&post=11713"}],"curies":[{"name":"wp","href":"https:\/\/api.w.org\/{rel}","templated":true}]}}