{"id":11735,"date":"2023-01-27T23:55:56","date_gmt":"2023-01-27T23:55:56","guid":{"rendered":"https:\/\/whatsappmexico.com\/?p=11735"},"modified":"2023-01-27T23:55:56","modified_gmt":"2023-01-27T23:55:56","slug":"amealco-en-festival-inclusivo","status":"publish","type":"post","link":"https:\/\/whatsappmexico.com\/?p=11735","title":{"rendered":"Amealco en festival inclusivo"},"content":{"rendered":"<h4>Un amplio grupo de ni\u00f1os y adolescentes ser\u00e1n parte del espect\u00e1culo, que busca ponderar las artes esc\u00e9nicas<\/h4>\n<p>Festival inclusivo: La presidenta del Patronato del Sistema Estatal DIF (SEDIF), Car Herrera de Kuri, inaugur\u00f3 el Festival Art\u00edstico Inclusivo 2023.<\/p>\n<p>El cual\u00a0se realiza del 26 al 29 de enero, cuyo objetivo es promover la inclusi\u00f3n social en la entidad a trav\u00e9s del arte.<\/p>\n<p>Al igual que\u00a0la cultura para el bien com\u00fan.<\/p>\n<p>En el acto, que tuvo lugar en el Centro de las Artes de Quer\u00e9taro (CEART).<\/p>\n<p>As\u00ec como en compa\u00f1\u00eda de la secretaria de Cultura, Marcela Herbert Pesquera, Car Herrera de Kuri asegur\u00f3 que el programa art\u00edstico.<\/p>\n<p>Esto\u00a0del festival es un ejemplo de inclusi\u00f3n social que invita a disfrutar del arte, la m\u00fasica, la pintura, la literatura y la danza.<\/p>\n<h4>Esto\u00a0desde diferentes \u00f3pticas.<\/h4>\n<p>\u201cEn el DIF Estatal trabajamos a diario para dejar a un lado las barreras e impulsar una sociedad m\u00e1s inclusiva, m\u00e1s humana\u201d.<\/p>\n<p>\u201cAl igual que emp\u00e1tica y solidaria; si bien es importante brindar los servicios que ayuden a mejorar la calidad de vida\u201d.<\/p>\n<p>\u201cAs\u00ec como tambi\u00e9n es necesario alimentar el esp\u00edritu mediante la capacitaci\u00f3n, el entretenimiento y la diversi\u00f3n\u201d, dijo.<\/p>\n<p>Realizaron feria universitaria en la UAQ de Amealco<\/p>\n<p>Apunt\u00f3 que el Festival Art\u00edstico Inclusivo propicia la participaci\u00f3n igualitaria de todos los sectores de la poblaci\u00f3n.<\/p>\n<p>Al igual de que\u00a0resalt\u00f3 la importancia de tomar conciencia y ser sensibles para reconocer y defender los derechos de las personas con discapacidad.<\/p>\n<h4>\u201cMi lema es no dejar a nadie atr\u00e1s, as\u00ed que sigamos juntos uniendo corazones y generando oportunidades de accesibilidad\u201d, exhort\u00f3.<\/h4>\n<p>Adem\u00e1s de expresiones art\u00edsticas y culturales en el Centro de las Artes de Quer\u00e9taro, la Casa del Fald\u00f3n, la Galer\u00eda Libertad.<\/p>\n<p>As\u00ec como del Museo de Arte, el Museo de la Ciudad, as\u00ed como en sedes alternas como el Jard\u00edn del Arte, la Plazuela Mariano de las Casas.<\/p>\n<p>Ademas del Teatro Experimental, las canchas Gallos Smiling, el Centro de Apoyo Marista al Migrante, el CRIQ Quer\u00e9taro, el Indereq.<\/p>\n<p>As\u00ec como de las plazas Patio Quer\u00e9taro, Antea y Paseo Quer\u00e9taro, el Hospital General.<\/p>\n<p>Esto\u00a0en los Centros Penitenciarios de San Juan del R\u00edo y de Jalpan de Serra.<\/p>\n","protected":false},"excerpt":{"rendered":"<p>Un amplio grupo de ni\u00f1os y adolescentes ser\u00e1n parte del espect\u00e1culo, que busca ponderar las artes esc\u00e9nicas Festival inclusivo: La presidenta del Patronato del Sistema Estatal DIF (SEDIF), Car Herrera de Kuri, inaugur\u00f3 el Festival Art\u00edstico Inclusivo 2023. El cual\u00a0se&#8230;<\/p>\n","protected":false},"author":1,"featured_media":11736,"comment_status":"open","ping_status":"open","sticky":false,"template":"","format":"standard","meta":{"footnotes":""},"categories":[4],"tags":[],"class_list":["post-11735","post","type-post","status-publish","format-standard","has-post-thumbnail","hentry","category-espectaculos"],"yoast_head":"<!-- This site is optimized with the Yoast SEO plugin v27.4 - https:\/\/yoast.com\/product\/yoast-seo-wordpress\/ -->\n<title>Amealco en festival inclusivo<\/title>\n<meta name=\"description\" content=\"Amealco en festival inclusivo; Un amplio grupo de ni\u00f1os y adolescentes ser\u00e1n parte del espect\u00e1culo, que busca ponderar las artes esc\u00e9nicas\" \/>\n<meta name=\"robots\" content=\"index, follow, max-snippet:-1, max-image-preview:large, max-video-preview:-1\" \/>\n<link rel=\"canonical\" href=\"https:\/\/whatsappmexico.com\/?p=11735\" \/>\n<meta property=\"og:locale\" content=\"es_ES\" \/>\n<meta property=\"og:type\" content=\"article\" \/>\n<meta property=\"og:title\" content=\"Amealco en festival inclusivo\" \/>\n<meta property=\"og:description\" content=\"Amealco en festival inclusivo; Un amplio grupo de ni\u00f1os y adolescentes ser\u00e1n parte del espect\u00e1culo, que busca ponderar las artes esc\u00e9nicas\" \/>\n<meta property=\"og:url\" content=\"https:\/\/whatsappmexico.com\/?p=11735\" \/>\n<meta property=\"article:published_time\" content=\"2023-01-27T23:55:56+00:00\" \/>\n<meta property=\"og:image\" content=\"https:\/\/whatsappmexico.com\/wp-content\/uploads\/2023\/01\/22-17.jpg\" \/>\n\t<meta property=\"og:image:width\" content=\"284\" \/>\n\t<meta property=\"og:image:height\" content=\"177\" \/>\n\t<meta property=\"og:image:type\" content=\"image\/jpeg\" \/>\n<meta name=\"author\" content=\"admin\" \/>\n<meta name=\"twitter:card\" content=\"summary_large_image\" \/>\n<meta name=\"twitter:label1\" content=\"Escrito por\" \/>\n\t<meta name=\"twitter:data1\" content=\"admin\" \/>\n\t<meta name=\"twitter:label2\" content=\"Tiempo de lectura\" \/>\n\t<meta name=\"twitter:data2\" content=\"2 minutos\" \/>\n<script type=\"application\/ld+json\" class=\"yoast-schema-graph\">{\"@context\":\"https:\\\/\\\/schema.org\",\"@graph\":[{\"@type\":\"Article\",\"@id\":\"https:\\\/\\\/whatsappmexico.com\\\/?p=11735#article\",\"isPartOf\":{\"@id\":\"https:\\\/\\\/whatsappmexico.com\\\/?p=11735\"},\"author\":{\"name\":\"admin\",\"@id\":\"https:\\\/\\\/whatsappmexico.com\\\/#\\\/schema\\\/person\\\/082b02d197e5c0d9eeef91cf10d3643e\"},\"headline\":\"Amealco en festival inclusivo\",\"datePublished\":\"2023-01-27T23:55:56+00:00\",\"mainEntityOfPage\":{\"@id\":\"https:\\\/\\\/whatsappmexico.com\\\/?p=11735\"},\"wordCount\":396,\"commentCount\":0,\"image\":{\"@id\":\"https:\\\/\\\/whatsappmexico.com\\\/?p=11735#primaryimage\"},\"thumbnailUrl\":\"https:\\\/\\\/whatsappmexico.com\\\/wp-content\\\/uploads\\\/2023\\\/01\\\/22-17.jpg\",\"articleSection\":[\"Espectaculos\"],\"inLanguage\":\"es\",\"potentialAction\":[{\"@type\":\"CommentAction\",\"name\":\"Comment\",\"target\":[\"https:\\\/\\\/whatsappmexico.com\\\/?p=11735#respond\"]}]},{\"@type\":\"WebPage\",\"@id\":\"https:\\\/\\\/whatsappmexico.com\\\/?p=11735\",\"url\":\"https:\\\/\\\/whatsappmexico.com\\\/?p=11735\",\"name\":\"Amealco en festival inclusivo\",\"isPartOf\":{\"@id\":\"https:\\\/\\\/whatsappmexico.com\\\/#website\"},\"primaryImageOfPage\":{\"@id\":\"https:\\\/\\\/whatsappmexico.com\\\/?p=11735#primaryimage\"},\"image\":{\"@id\":\"https:\\\/\\\/whatsappmexico.com\\\/?p=11735#primaryimage\"},\"thumbnailUrl\":\"https:\\\/\\\/whatsappmexico.com\\\/wp-content\\\/uploads\\\/2023\\\/01\\\/22-17.jpg\",\"datePublished\":\"2023-01-27T23:55:56+00:00\",\"author\":{\"@id\":\"https:\\\/\\\/whatsappmexico.com\\\/#\\\/schema\\\/person\\\/082b02d197e5c0d9eeef91cf10d3643e\"},\"description\":\"Amealco en festival inclusivo; Un amplio grupo de ni\u00f1os y adolescentes ser\u00e1n parte del espect\u00e1culo, que busca ponderar las artes esc\u00e9nicas\",\"breadcrumb\":{\"@id\":\"https:\\\/\\\/whatsappmexico.com\\\/?p=11735#breadcrumb\"},\"inLanguage\":\"es\",\"potentialAction\":[{\"@type\":\"ReadAction\",\"target\":[\"https:\\\/\\\/whatsappmexico.com\\\/?p=11735\"]}]},{\"@type\":\"ImageObject\",\"inLanguage\":\"es\",\"@id\":\"https:\\\/\\\/whatsappmexico.com\\\/?p=11735#primaryimage\",\"url\":\"https:\\\/\\\/whatsappmexico.com\\\/wp-content\\\/uploads\\\/2023\\\/01\\\/22-17.jpg\",\"contentUrl\":\"https:\\\/\\\/whatsappmexico.com\\\/wp-content\\\/uploads\\\/2023\\\/01\\\/22-17.jpg\",\"width\":284,\"height\":177,\"caption\":\"Amealco en festival inclusivo\"},{\"@type\":\"BreadcrumbList\",\"@id\":\"https:\\\/\\\/whatsappmexico.com\\\/?p=11735#breadcrumb\",\"itemListElement\":[{\"@type\":\"ListItem\",\"position\":1,\"name\":\"Portada\",\"item\":\"https:\\\/\\\/whatsappmexico.com\\\/\"},{\"@type\":\"ListItem\",\"position\":2,\"name\":\"Amealco en festival inclusivo\"}]},{\"@type\":\"WebSite\",\"@id\":\"https:\\\/\\\/whatsappmexico.com\\\/#website\",\"url\":\"https:\\\/\\\/whatsappmexico.com\\\/\",\"name\":\"\",\"description\":\"La Noticia M\u00e1s R\u00e1pida\",\"potentialAction\":[{\"@type\":\"SearchAction\",\"target\":{\"@type\":\"EntryPoint\",\"urlTemplate\":\"https:\\\/\\\/whatsappmexico.com\\\/?s={search_term_string}\"},\"query-input\":{\"@type\":\"PropertyValueSpecification\",\"valueRequired\":true,\"valueName\":\"search_term_string\"}}],\"inLanguage\":\"es\"},{\"@type\":\"Person\",\"@id\":\"https:\\\/\\\/whatsappmexico.com\\\/#\\\/schema\\\/person\\\/082b02d197e5c0d9eeef91cf10d3643e\",\"name\":\"admin\",\"image\":{\"@type\":\"ImageObject\",\"inLanguage\":\"es\",\"@id\":\"https:\\\/\\\/secure.gravatar.com\\\/avatar\\\/c2e50278fd314cf93ecf18c6171760d6d7972373780a207099fd11e86caef7a0?s=96&d=mm&r=g\",\"url\":\"https:\\\/\\\/secure.gravatar.com\\\/avatar\\\/c2e50278fd314cf93ecf18c6171760d6d7972373780a207099fd11e86caef7a0?s=96&d=mm&r=g\",\"contentUrl\":\"https:\\\/\\\/secure.gravatar.com\\\/avatar\\\/c2e50278fd314cf93ecf18c6171760d6d7972373780a207099fd11e86caef7a0?s=96&d=mm&r=g\",\"caption\":\"admin\"},\"sameAs\":[\"https:\\\/\\\/whatsappmexico.com\"],\"url\":\"https:\\\/\\\/whatsappmexico.com\\\/?author=1\"}]}<\/script>\n<!-- \/ Yoast SEO plugin. -->","yoast_head_json":{"title":"Amealco en festival inclusivo","description":"Amealco en festival inclusivo; Un amplio grupo de ni\u00f1os y adolescentes ser\u00e1n parte del espect\u00e1culo, que busca ponderar las artes esc\u00e9nicas","robots":{"index":"index","follow":"follow","max-snippet":"max-snippet:-1","max-image-preview":"max-image-preview:large","max-video-preview":"max-video-preview:-1"},"canonical":"https:\/\/whatsappmexico.com\/?p=11735","og_locale":"es_ES","og_type":"article","og_title":"Amealco en festival inclusivo","og_description":"Amealco en festival inclusivo; Un amplio grupo de ni\u00f1os y adolescentes ser\u00e1n parte del espect\u00e1culo, que busca ponderar las artes esc\u00e9nicas","og_url":"https:\/\/whatsappmexico.com\/?p=11735","article_published_time":"2023-01-27T23:55:56+00:00","og_image":[{"width":284,"height":177,"url":"https:\/\/whatsappmexico.com\/wp-content\/uploads\/2023\/01\/22-17.jpg","type":"image\/jpeg"}],"author":"admin","twitter_card":"summary_large_image","twitter_misc":{"Escrito por":"admin","Tiempo de lectura":"2 minutos"},"schema":{"@context":"https:\/\/schema.org","@graph":[{"@type":"Article","@id":"https:\/\/whatsappmexico.com\/?p=11735#article","isPartOf":{"@id":"https:\/\/whatsappmexico.com\/?p=11735"},"author":{"name":"admin","@id":"https:\/\/whatsappmexico.com\/#\/schema\/person\/082b02d197e5c0d9eeef91cf10d3643e"},"headline":"Amealco en festival inclusivo","datePublished":"2023-01-27T23:55:56+00:00","mainEntityOfPage":{"@id":"https:\/\/whatsappmexico.com\/?p=11735"},"wordCount":396,"commentCount":0,"image":{"@id":"https:\/\/whatsappmexico.com\/?p=11735#primaryimage"},"thumbnailUrl":"https:\/\/whatsappmexico.com\/wp-content\/uploads\/2023\/01\/22-17.jpg","articleSection":["Espectaculos"],"inLanguage":"es","potentialAction":[{"@type":"CommentAction","name":"Comment","target":["https:\/\/whatsappmexico.com\/?p=11735#respond"]}]},{"@type":"WebPage","@id":"https:\/\/whatsappmexico.com\/?p=11735","url":"https:\/\/whatsappmexico.com\/?p=11735","name":"Amealco en festival inclusivo","isPartOf":{"@id":"https:\/\/whatsappmexico.com\/#website"},"primaryImageOfPage":{"@id":"https:\/\/whatsappmexico.com\/?p=11735#primaryimage"},"image":{"@id":"https:\/\/whatsappmexico.com\/?p=11735#primaryimage"},"thumbnailUrl":"https:\/\/whatsappmexico.com\/wp-content\/uploads\/2023\/01\/22-17.jpg","datePublished":"2023-01-27T23:55:56+00:00","author":{"@id":"https:\/\/whatsappmexico.com\/#\/schema\/person\/082b02d197e5c0d9eeef91cf10d3643e"},"description":"Amealco en festival inclusivo; Un amplio grupo de ni\u00f1os y adolescentes ser\u00e1n parte del espect\u00e1culo, que busca ponderar las artes esc\u00e9nicas","breadcrumb":{"@id":"https:\/\/whatsappmexico.com\/?p=11735#breadcrumb"},"inLanguage":"es","potentialAction":[{"@type":"ReadAction","target":["https:\/\/whatsappmexico.com\/?p=11735"]}]},{"@type":"ImageObject","inLanguage":"es","@id":"https:\/\/whatsappmexico.com\/?p=11735#primaryimage","url":"https:\/\/whatsappmexico.com\/wp-content\/uploads\/2023\/01\/22-17.jpg","contentUrl":"https:\/\/whatsappmexico.com\/wp-content\/uploads\/2023\/01\/22-17.jpg","width":284,"height":177,"caption":"Amealco en festival inclusivo"},{"@type":"BreadcrumbList","@id":"https:\/\/whatsappmexico.com\/?p=11735#breadcrumb","itemListElement":[{"@type":"ListItem","position":1,"name":"Portada","item":"https:\/\/whatsappmexico.com\/"},{"@type":"ListItem","position":2,"name":"Amealco en festival inclusivo"}]},{"@type":"WebSite","@id":"https:\/\/whatsappmexico.com\/#website","url":"https:\/\/whatsappmexico.com\/","name":"","description":"La Noticia M\u00e1s R\u00e1pida","potentialAction":[{"@type":"SearchAction","target":{"@type":"EntryPoint","urlTemplate":"https:\/\/whatsappmexico.com\/?s={search_term_string}"},"query-input":{"@type":"PropertyValueSpecification","valueRequired":true,"valueName":"search_term_string"}}],"inLanguage":"es"},{"@type":"Person","@id":"https:\/\/whatsappmexico.com\/#\/schema\/person\/082b02d197e5c0d9eeef91cf10d3643e","name":"admin","image":{"@type":"ImageObject","inLanguage":"es","@id":"https:\/\/secure.gravatar.com\/avatar\/c2e50278fd314cf93ecf18c6171760d6d7972373780a207099fd11e86caef7a0?s=96&d=mm&r=g","url":"https:\/\/secure.gravatar.com\/avatar\/c2e50278fd314cf93ecf18c6171760d6d7972373780a207099fd11e86caef7a0?s=96&d=mm&r=g","contentUrl":"https:\/\/secure.gravatar.com\/avatar\/c2e50278fd314cf93ecf18c6171760d6d7972373780a207099fd11e86caef7a0?s=96&d=mm&r=g","caption":"admin"},"sameAs":["https:\/\/whatsappmexico.com"],"url":"https:\/\/whatsappmexico.com\/?author=1"}]}},"_links":{"self":[{"href":"https:\/\/whatsappmexico.com\/index.php?rest_route=\/wp\/v2\/posts\/11735","targetHints":{"allow":["GET"]}}],"collection":[{"href":"https:\/\/whatsappmexico.com\/index.php?rest_route=\/wp\/v2\/posts"}],"about":[{"href":"https:\/\/whatsappmexico.com\/index.php?rest_route=\/wp\/v2\/types\/post"}],"author":[{"embeddable":true,"href":"https:\/\/whatsappmexico.com\/index.php?rest_route=\/wp\/v2\/users\/1"}],"replies":[{"embeddable":true,"href":"https:\/\/whatsappmexico.com\/index.php?rest_route=%2Fwp%2Fv2%2Fcomments&post=11735"}],"version-history":[{"count":1,"href":"https:\/\/whatsappmexico.com\/index.php?rest_route=\/wp\/v2\/posts\/11735\/revisions"}],"predecessor-version":[{"id":11737,"href":"https:\/\/whatsappmexico.com\/index.php?rest_route=\/wp\/v2\/posts\/11735\/revisions\/11737"}],"wp:featuredmedia":[{"embeddable":true,"href":"https:\/\/whatsappmexico.com\/index.php?rest_route=\/wp\/v2\/media\/11736"}],"wp:attachment":[{"href":"https:\/\/whatsappmexico.com\/index.php?rest_route=%2Fwp%2Fv2%2Fmedia&parent=11735"}],"wp:term":[{"taxonomy":"category","embeddable":true,"href":"https:\/\/whatsappmexico.com\/index.php?rest_route=%2Fwp%2Fv2%2Fcategories&post=11735"},{"taxonomy":"post_tag","embeddable":true,"href":"https:\/\/whatsappmexico.com\/index.php?rest_route=%2Fwp%2Fv2%2Ftags&post=11735"}],"curies":[{"name":"wp","href":"https:\/\/api.w.org\/{rel}","templated":true}]}}