{"id":11788,"date":"2023-01-30T23:58:54","date_gmt":"2023-01-30T23:58:54","guid":{"rendered":"https:\/\/whatsappmexico.com\/?p=11788"},"modified":"2023-01-30T23:58:54","modified_gmt":"2023-01-30T23:58:54","slug":"festival-de-sundance-realizadores-ucranianos-e-iranies-homenajeados-en-la-edicion-de-2023","status":"publish","type":"post","link":"https:\/\/whatsappmexico.com\/?p=11788","title":{"rendered":"Festival de Sundance: realizadores ucranianos e iran\u00edes homenajeados en la edici\u00f3n de 2023"},"content":{"rendered":"<h4>Este domingo, 29 de enero de 2023, se ha clausurado el Festival de Cine Independiente de Sundance.<\/h4>\n<p>Festival de Sundance: El cual es un encuentro que anualmente se celebra en lo localidad de Park City, en las monta\u00f1as de Utah, en el oeste de Estados Unidos.<\/p>\n<p>As\u00ed como estar\u00a0comprometido con la realidad del tiempo que vivimos, creado por Robert Redford en agosto de 1978.<\/p>\n<p>Adem\u00e1s que durante la semana ha estado exhibiendo las mejores producciones independientes de todo el mundo.<\/p>\n<p>En esta ocasi\u00f3n, el Festival ha reservado un espacio muy destacado a un par de producciones documentales ucranianas.<\/p>\n<p>Adem\u00e1s de un film de ficci\u00f3n de la misma nacionalidad, que contradicen la propaganda rusa que pretende justificar la invasi\u00f3n.<\/p>\n<p>As\u00ed como que\u00a0ofrecen otro relato de la guerra.<\/p>\n<p>El Festival de Sundance tambi\u00e9n ha rendido homenaje a dos realizadoras iran\u00edes que son una prueba palpable de la dur\u00edsima realidad.<\/p>\n<p>La cual\u00a0que viven las mujeres en un pa\u00eds donde cada vez tienen m\u00e1s restricciones.<\/p>\n<p>As\u00ed como que donde pueden ser asesinadas en una comisar\u00eda, tras detenerlas por llevar el velo mal puesto.<\/p>\n<h4>Testimonios<\/h4>\n<p>\u00abVeinte d\u00edas en Mariupol\u00bb<\/p>\n<p>Se describe la llegada de los invasores rusos en 2022 a la ciudad que fue escenario de una de las batallas m\u00e1s cruentas de esta guerra.<\/p>\n<p>Se trata de im\u00e1genes recogidas en los meses de febrero y marzo de 2021 por diversos periodistas durante el asedio de Mariupol.<\/p>\n<p>La cual fue\u00a0ordenadas por uno de ellos, el realizador Mstyslav Chernov.<\/p>\n<p>Es\u00a0quien espera que su documental afecte m\u00e1s profundamente a los espectadores que las que vemos habitualmente en los informativos.<\/p>\n<p>Mstyslav Chernov arrieg\u00f3 su vida para grabar el ataque ruso a una maternidad, un hecho que indign\u00f3 en todo el mundo.<\/p>\n<p>\u00abMariupol \u2013ha explicado- fue la primera vez que se apreciaron las diferencias entre el relato que hace Rusia de la guerra y la cruda realidad\u00bb.<\/p>\n","protected":false},"excerpt":{"rendered":"<p>Este domingo, 29 de enero de 2023, se ha clausurado el Festival de Cine Independiente de Sundance. Festival de Sundance: El cual es un encuentro que anualmente se celebra en lo localidad de Park City, en las monta\u00f1as de Utah,&#8230;<\/p>\n","protected":false},"author":1,"featured_media":11789,"comment_status":"open","ping_status":"open","sticky":false,"template":"","format":"standard","meta":{"footnotes":""},"categories":[2],"tags":[],"class_list":["post-11788","post","type-post","status-publish","format-standard","has-post-thumbnail","hentry","category-cultural"],"yoast_head":"<!-- This site is optimized with the Yoast SEO plugin v27.4 - https:\/\/yoast.com\/product\/yoast-seo-wordpress\/ -->\n<title>Festival de Sundance: realizadores ucranianos e iran\u00edes homenajeados<\/title>\n<meta name=\"description\" content=\"Festival de Sundance: realizadores ucranianos e iran\u00edes homenajeados en la edici\u00f3n de 2023; Este 29 de enero de 2023, se ha clausurado\" \/>\n<meta name=\"robots\" content=\"index, follow, max-snippet:-1, max-image-preview:large, max-video-preview:-1\" \/>\n<link rel=\"canonical\" href=\"https:\/\/whatsappmexico.com\/?p=11788\" \/>\n<meta property=\"og:locale\" content=\"es_ES\" \/>\n<meta property=\"og:type\" content=\"article\" \/>\n<meta property=\"og:title\" content=\"Festival de Sundance: realizadores ucranianos e iran\u00edes homenajeados\" \/>\n<meta property=\"og:description\" content=\"Festival de Sundance: realizadores ucranianos e iran\u00edes homenajeados en la edici\u00f3n de 2023; Este 29 de enero de 2023, se ha clausurado\" \/>\n<meta property=\"og:url\" content=\"https:\/\/whatsappmexico.com\/?p=11788\" \/>\n<meta property=\"article:published_time\" content=\"2023-01-30T23:58:54+00:00\" \/>\n<meta property=\"og:image\" content=\"https:\/\/whatsappmexico.com\/wp-content\/uploads\/2023\/01\/2-24.jpg\" \/>\n\t<meta property=\"og:image:width\" content=\"260\" \/>\n\t<meta property=\"og:image:height\" content=\"194\" \/>\n\t<meta property=\"og:image:type\" content=\"image\/jpeg\" \/>\n<meta name=\"author\" content=\"admin\" \/>\n<meta name=\"twitter:card\" content=\"summary_large_image\" \/>\n<meta name=\"twitter:label1\" content=\"Escrito por\" \/>\n\t<meta name=\"twitter:data1\" content=\"admin\" \/>\n\t<meta name=\"twitter:label2\" content=\"Tiempo de lectura\" \/>\n\t<meta name=\"twitter:data2\" content=\"2 minutos\" \/>\n<script type=\"application\/ld+json\" class=\"yoast-schema-graph\">{\"@context\":\"https:\\\/\\\/schema.org\",\"@graph\":[{\"@type\":\"Article\",\"@id\":\"https:\\\/\\\/whatsappmexico.com\\\/?p=11788#article\",\"isPartOf\":{\"@id\":\"https:\\\/\\\/whatsappmexico.com\\\/?p=11788\"},\"author\":{\"name\":\"admin\",\"@id\":\"https:\\\/\\\/whatsappmexico.com\\\/#\\\/schema\\\/person\\\/082b02d197e5c0d9eeef91cf10d3643e\"},\"headline\":\"Festival de Sundance: realizadores ucranianos e iran\u00edes homenajeados en la edici\u00f3n de 2023\",\"datePublished\":\"2023-01-30T23:58:54+00:00\",\"mainEntityOfPage\":{\"@id\":\"https:\\\/\\\/whatsappmexico.com\\\/?p=11788\"},\"wordCount\":338,\"commentCount\":0,\"image\":{\"@id\":\"https:\\\/\\\/whatsappmexico.com\\\/?p=11788#primaryimage\"},\"thumbnailUrl\":\"https:\\\/\\\/whatsappmexico.com\\\/wp-content\\\/uploads\\\/2023\\\/01\\\/2-24.jpg\",\"articleSection\":[\"Cultural\"],\"inLanguage\":\"es\",\"potentialAction\":[{\"@type\":\"CommentAction\",\"name\":\"Comment\",\"target\":[\"https:\\\/\\\/whatsappmexico.com\\\/?p=11788#respond\"]}]},{\"@type\":\"WebPage\",\"@id\":\"https:\\\/\\\/whatsappmexico.com\\\/?p=11788\",\"url\":\"https:\\\/\\\/whatsappmexico.com\\\/?p=11788\",\"name\":\"Festival de Sundance: realizadores ucranianos e iran\u00edes homenajeados\",\"isPartOf\":{\"@id\":\"https:\\\/\\\/whatsappmexico.com\\\/#website\"},\"primaryImageOfPage\":{\"@id\":\"https:\\\/\\\/whatsappmexico.com\\\/?p=11788#primaryimage\"},\"image\":{\"@id\":\"https:\\\/\\\/whatsappmexico.com\\\/?p=11788#primaryimage\"},\"thumbnailUrl\":\"https:\\\/\\\/whatsappmexico.com\\\/wp-content\\\/uploads\\\/2023\\\/01\\\/2-24.jpg\",\"datePublished\":\"2023-01-30T23:58:54+00:00\",\"author\":{\"@id\":\"https:\\\/\\\/whatsappmexico.com\\\/#\\\/schema\\\/person\\\/082b02d197e5c0d9eeef91cf10d3643e\"},\"description\":\"Festival de Sundance: realizadores ucranianos e iran\u00edes homenajeados en la edici\u00f3n de 2023; Este 29 de enero de 2023, se ha clausurado\",\"breadcrumb\":{\"@id\":\"https:\\\/\\\/whatsappmexico.com\\\/?p=11788#breadcrumb\"},\"inLanguage\":\"es\",\"potentialAction\":[{\"@type\":\"ReadAction\",\"target\":[\"https:\\\/\\\/whatsappmexico.com\\\/?p=11788\"]}]},{\"@type\":\"ImageObject\",\"inLanguage\":\"es\",\"@id\":\"https:\\\/\\\/whatsappmexico.com\\\/?p=11788#primaryimage\",\"url\":\"https:\\\/\\\/whatsappmexico.com\\\/wp-content\\\/uploads\\\/2023\\\/01\\\/2-24.jpg\",\"contentUrl\":\"https:\\\/\\\/whatsappmexico.com\\\/wp-content\\\/uploads\\\/2023\\\/01\\\/2-24.jpg\",\"width\":260,\"height\":194,\"caption\":\"Festival de Sundance: realizadores ucranianos e iran\u00edes homenajeados en la edici\u00f3n de 2023\"},{\"@type\":\"BreadcrumbList\",\"@id\":\"https:\\\/\\\/whatsappmexico.com\\\/?p=11788#breadcrumb\",\"itemListElement\":[{\"@type\":\"ListItem\",\"position\":1,\"name\":\"Portada\",\"item\":\"https:\\\/\\\/whatsappmexico.com\\\/\"},{\"@type\":\"ListItem\",\"position\":2,\"name\":\"Festival de Sundance: realizadores ucranianos e iran\u00edes homenajeados en la edici\u00f3n de 2023\"}]},{\"@type\":\"WebSite\",\"@id\":\"https:\\\/\\\/whatsappmexico.com\\\/#website\",\"url\":\"https:\\\/\\\/whatsappmexico.com\\\/\",\"name\":\"\",\"description\":\"La Noticia M\u00e1s R\u00e1pida\",\"potentialAction\":[{\"@type\":\"SearchAction\",\"target\":{\"@type\":\"EntryPoint\",\"urlTemplate\":\"https:\\\/\\\/whatsappmexico.com\\\/?s={search_term_string}\"},\"query-input\":{\"@type\":\"PropertyValueSpecification\",\"valueRequired\":true,\"valueName\":\"search_term_string\"}}],\"inLanguage\":\"es\"},{\"@type\":\"Person\",\"@id\":\"https:\\\/\\\/whatsappmexico.com\\\/#\\\/schema\\\/person\\\/082b02d197e5c0d9eeef91cf10d3643e\",\"name\":\"admin\",\"image\":{\"@type\":\"ImageObject\",\"inLanguage\":\"es\",\"@id\":\"https:\\\/\\\/secure.gravatar.com\\\/avatar\\\/c2e50278fd314cf93ecf18c6171760d6d7972373780a207099fd11e86caef7a0?s=96&d=mm&r=g\",\"url\":\"https:\\\/\\\/secure.gravatar.com\\\/avatar\\\/c2e50278fd314cf93ecf18c6171760d6d7972373780a207099fd11e86caef7a0?s=96&d=mm&r=g\",\"contentUrl\":\"https:\\\/\\\/secure.gravatar.com\\\/avatar\\\/c2e50278fd314cf93ecf18c6171760d6d7972373780a207099fd11e86caef7a0?s=96&d=mm&r=g\",\"caption\":\"admin\"},\"sameAs\":[\"https:\\\/\\\/whatsappmexico.com\"],\"url\":\"https:\\\/\\\/whatsappmexico.com\\\/?author=1\"}]}<\/script>\n<!-- \/ Yoast SEO plugin. -->","yoast_head_json":{"title":"Festival de Sundance: realizadores ucranianos e iran\u00edes homenajeados","description":"Festival de Sundance: realizadores ucranianos e iran\u00edes homenajeados en la edici\u00f3n de 2023; Este 29 de enero de 2023, se ha clausurado","robots":{"index":"index","follow":"follow","max-snippet":"max-snippet:-1","max-image-preview":"max-image-preview:large","max-video-preview":"max-video-preview:-1"},"canonical":"https:\/\/whatsappmexico.com\/?p=11788","og_locale":"es_ES","og_type":"article","og_title":"Festival de Sundance: realizadores ucranianos e iran\u00edes homenajeados","og_description":"Festival de Sundance: realizadores ucranianos e iran\u00edes homenajeados en la edici\u00f3n de 2023; Este 29 de enero de 2023, se ha clausurado","og_url":"https:\/\/whatsappmexico.com\/?p=11788","article_published_time":"2023-01-30T23:58:54+00:00","og_image":[{"width":260,"height":194,"url":"https:\/\/whatsappmexico.com\/wp-content\/uploads\/2023\/01\/2-24.jpg","type":"image\/jpeg"}],"author":"admin","twitter_card":"summary_large_image","twitter_misc":{"Escrito por":"admin","Tiempo de lectura":"2 minutos"},"schema":{"@context":"https:\/\/schema.org","@graph":[{"@type":"Article","@id":"https:\/\/whatsappmexico.com\/?p=11788#article","isPartOf":{"@id":"https:\/\/whatsappmexico.com\/?p=11788"},"author":{"name":"admin","@id":"https:\/\/whatsappmexico.com\/#\/schema\/person\/082b02d197e5c0d9eeef91cf10d3643e"},"headline":"Festival de Sundance: realizadores ucranianos e iran\u00edes homenajeados en la edici\u00f3n de 2023","datePublished":"2023-01-30T23:58:54+00:00","mainEntityOfPage":{"@id":"https:\/\/whatsappmexico.com\/?p=11788"},"wordCount":338,"commentCount":0,"image":{"@id":"https:\/\/whatsappmexico.com\/?p=11788#primaryimage"},"thumbnailUrl":"https:\/\/whatsappmexico.com\/wp-content\/uploads\/2023\/01\/2-24.jpg","articleSection":["Cultural"],"inLanguage":"es","potentialAction":[{"@type":"CommentAction","name":"Comment","target":["https:\/\/whatsappmexico.com\/?p=11788#respond"]}]},{"@type":"WebPage","@id":"https:\/\/whatsappmexico.com\/?p=11788","url":"https:\/\/whatsappmexico.com\/?p=11788","name":"Festival de Sundance: realizadores ucranianos e iran\u00edes homenajeados","isPartOf":{"@id":"https:\/\/whatsappmexico.com\/#website"},"primaryImageOfPage":{"@id":"https:\/\/whatsappmexico.com\/?p=11788#primaryimage"},"image":{"@id":"https:\/\/whatsappmexico.com\/?p=11788#primaryimage"},"thumbnailUrl":"https:\/\/whatsappmexico.com\/wp-content\/uploads\/2023\/01\/2-24.jpg","datePublished":"2023-01-30T23:58:54+00:00","author":{"@id":"https:\/\/whatsappmexico.com\/#\/schema\/person\/082b02d197e5c0d9eeef91cf10d3643e"},"description":"Festival de Sundance: realizadores ucranianos e iran\u00edes homenajeados en la edici\u00f3n de 2023; Este 29 de enero de 2023, se ha clausurado","breadcrumb":{"@id":"https:\/\/whatsappmexico.com\/?p=11788#breadcrumb"},"inLanguage":"es","potentialAction":[{"@type":"ReadAction","target":["https:\/\/whatsappmexico.com\/?p=11788"]}]},{"@type":"ImageObject","inLanguage":"es","@id":"https:\/\/whatsappmexico.com\/?p=11788#primaryimage","url":"https:\/\/whatsappmexico.com\/wp-content\/uploads\/2023\/01\/2-24.jpg","contentUrl":"https:\/\/whatsappmexico.com\/wp-content\/uploads\/2023\/01\/2-24.jpg","width":260,"height":194,"caption":"Festival de Sundance: realizadores ucranianos e iran\u00edes homenajeados en la edici\u00f3n de 2023"},{"@type":"BreadcrumbList","@id":"https:\/\/whatsappmexico.com\/?p=11788#breadcrumb","itemListElement":[{"@type":"ListItem","position":1,"name":"Portada","item":"https:\/\/whatsappmexico.com\/"},{"@type":"ListItem","position":2,"name":"Festival de Sundance: realizadores ucranianos e iran\u00edes homenajeados en la edici\u00f3n de 2023"}]},{"@type":"WebSite","@id":"https:\/\/whatsappmexico.com\/#website","url":"https:\/\/whatsappmexico.com\/","name":"","description":"La Noticia M\u00e1s R\u00e1pida","potentialAction":[{"@type":"SearchAction","target":{"@type":"EntryPoint","urlTemplate":"https:\/\/whatsappmexico.com\/?s={search_term_string}"},"query-input":{"@type":"PropertyValueSpecification","valueRequired":true,"valueName":"search_term_string"}}],"inLanguage":"es"},{"@type":"Person","@id":"https:\/\/whatsappmexico.com\/#\/schema\/person\/082b02d197e5c0d9eeef91cf10d3643e","name":"admin","image":{"@type":"ImageObject","inLanguage":"es","@id":"https:\/\/secure.gravatar.com\/avatar\/c2e50278fd314cf93ecf18c6171760d6d7972373780a207099fd11e86caef7a0?s=96&d=mm&r=g","url":"https:\/\/secure.gravatar.com\/avatar\/c2e50278fd314cf93ecf18c6171760d6d7972373780a207099fd11e86caef7a0?s=96&d=mm&r=g","contentUrl":"https:\/\/secure.gravatar.com\/avatar\/c2e50278fd314cf93ecf18c6171760d6d7972373780a207099fd11e86caef7a0?s=96&d=mm&r=g","caption":"admin"},"sameAs":["https:\/\/whatsappmexico.com"],"url":"https:\/\/whatsappmexico.com\/?author=1"}]}},"_links":{"self":[{"href":"https:\/\/whatsappmexico.com\/index.php?rest_route=\/wp\/v2\/posts\/11788","targetHints":{"allow":["GET"]}}],"collection":[{"href":"https:\/\/whatsappmexico.com\/index.php?rest_route=\/wp\/v2\/posts"}],"about":[{"href":"https:\/\/whatsappmexico.com\/index.php?rest_route=\/wp\/v2\/types\/post"}],"author":[{"embeddable":true,"href":"https:\/\/whatsappmexico.com\/index.php?rest_route=\/wp\/v2\/users\/1"}],"replies":[{"embeddable":true,"href":"https:\/\/whatsappmexico.com\/index.php?rest_route=%2Fwp%2Fv2%2Fcomments&post=11788"}],"version-history":[{"count":1,"href":"https:\/\/whatsappmexico.com\/index.php?rest_route=\/wp\/v2\/posts\/11788\/revisions"}],"predecessor-version":[{"id":11790,"href":"https:\/\/whatsappmexico.com\/index.php?rest_route=\/wp\/v2\/posts\/11788\/revisions\/11790"}],"wp:featuredmedia":[{"embeddable":true,"href":"https:\/\/whatsappmexico.com\/index.php?rest_route=\/wp\/v2\/media\/11789"}],"wp:attachment":[{"href":"https:\/\/whatsappmexico.com\/index.php?rest_route=%2Fwp%2Fv2%2Fmedia&parent=11788"}],"wp:term":[{"taxonomy":"category","embeddable":true,"href":"https:\/\/whatsappmexico.com\/index.php?rest_route=%2Fwp%2Fv2%2Fcategories&post=11788"},{"taxonomy":"post_tag","embeddable":true,"href":"https:\/\/whatsappmexico.com\/index.php?rest_route=%2Fwp%2Fv2%2Ftags&post=11788"}],"curies":[{"name":"wp","href":"https:\/\/api.w.org\/{rel}","templated":true}]}}