{"id":11876,"date":"2023-02-03T22:18:02","date_gmt":"2023-02-03T22:18:02","guid":{"rendered":"https:\/\/whatsappmexico.com\/?p=11876"},"modified":"2023-02-03T22:18:02","modified_gmt":"2023-02-03T22:18:02","slug":"concluye-el-i-foro-internacional-ecoislas-con-mas-de-700-visitantes-y-53-conferencias","status":"publish","type":"post","link":"https:\/\/whatsappmexico.com\/?p=11876","title":{"rendered":"Concluye el I Foro Internacional Ecoislas con m\u00e1s de 700 visitantes y 53 conferencias"},"content":{"rendered":"<h4>74 ponentes de hasta siete pa\u00edses han participado en este evento enfocado en encontrar medidas que potencien una transici\u00f3n.<\/h4>\n<p>I Foro Internacional Ecoislas: Esto hacia un modelo socioecon\u00f3mico m\u00e1s verde, m\u00e1s rentable y m\u00e1s sostenible y con un enfoque insular<\/p>\n<p>El I Foro Internacional Ecoislas ha cerrado su primera edici\u00f3n con un magn\u00edfico resultado en todos sus objetivos:<\/p>\n<p>As\u00ed como de m\u00e1s de 700 asistentes, 53 conferencias y 74 ponentes de hasta siete pa\u00edses.<\/p>\n<p>Promovido por el Cabildo de Gran Canaria y organizado por Infecar, el Foro Internacional Ecoislas ha nacido.<\/p>\n<p>Esto\u00a0para consolidarse como un espacio de espacio de discusi\u00f3n, propuestas e impulso de medidas encaminadas.<\/p>\n<p>Al igual que de\u00a0potenciar la transici\u00f3n hacia un modelo socioecon\u00f3mico m\u00e1s verde, m\u00e1s rentable, m\u00e1s autosuficiente.<\/p>\n<p>Adem\u00e1s que de medioambientalmente m\u00e1s sostenible y con un enfoque insular.<\/p>\n<p>La organizaci\u00f3n de este I Foro Internacional Ecoislas celebra los resultados obtenidos.<\/p>\n<p>As\u00ed como\u00a0que son \u201cun avance de extraordinaria dimensi\u00f3n en los imprescindibles procesos de transici\u00f3n ecol\u00f3gica en territorios insulares\u201d.<\/p>\n<h4>El cual est\u00e1 abordando y profundizando en sus cuatro bloques tem\u00e1ticos: adaptaci\u00f3n al cambio clim\u00e1tico; energ\u00eda, agua y movilidad.<\/h4>\n<p>Adem\u00e1s\u00a0de econom\u00eda circular y econom\u00eda azul y de turismo regenerativo.<\/p>\n<p>Este evento ha constituido una extraordinaria fuente de intercambio de conocimiento de decenas de especialistas y organismos de primer nivel mundial.<\/p>\n<p>El cual est\u00e1\u00a0contribuyendo a enriquecer las visiones de futuro m\u00e1s modernas y eficientes, los contextos de la investigaci\u00f3n.<\/p>\n<p>Adem\u00e1s\u00a0de la innovaci\u00f3n, y las acciones dirigidas a la protecci\u00f3n de la poblaci\u00f3n, de sus recursos esenciales.<\/p>\n<p>As\u00ed como de las infraestructuras b\u00e1sicas y de la conservaci\u00f3n de la biodiversidad de las islas Canarias.<\/p>\n<p>El objetivo es avanzar en el proyecto de transformaci\u00f3n socioecon\u00f3mica de un modelo socioecon\u00f3mico.<\/p>\n<p>Esto hacia uno medioambientalmente sostenible, justo socialmente y autocentrado en uno de los territorios m\u00e1s singulares del mundo.<\/p>\n<p>\u201cUn planeta de recursos finitos no puede sostener un modelo de crecimiento infinito\u201d.<\/p>\n<p>El cual\u00a0se\u00f1al\u00f3 en el acto inaugural el presidente del Cabildo de Gran Canaria, Antonio Morales.<\/p>\n","protected":false},"excerpt":{"rendered":"<p>74 ponentes de hasta siete pa\u00edses han participado en este evento enfocado en encontrar medidas que potencien una transici\u00f3n. I Foro Internacional Ecoislas: Esto hacia un modelo socioecon\u00f3mico m\u00e1s verde, m\u00e1s rentable y m\u00e1s sostenible y con un enfoque insular&#8230;<\/p>\n","protected":false},"author":1,"featured_media":11877,"comment_status":"open","ping_status":"open","sticky":false,"template":"","format":"standard","meta":{"footnotes":""},"categories":[9],"tags":[],"class_list":["post-11876","post","type-post","status-publish","format-standard","has-post-thumbnail","hentry","category-politica"],"yoast_head":"<!-- This site is optimized with the Yoast SEO plugin v27.4 - https:\/\/yoast.com\/product\/yoast-seo-wordpress\/ -->\n<title>Concluye el I Foro Internacional Ecoislas con m\u00e1s de 700 visitantes<\/title>\n<meta name=\"description\" content=\"Concluye el I Foro Internacional Ecoislas con m\u00e1s de 700 visitantes y 53 conferencias; de hasta siete pa\u00edses han participado\" \/>\n<meta name=\"robots\" content=\"index, follow, max-snippet:-1, max-image-preview:large, max-video-preview:-1\" \/>\n<link rel=\"canonical\" href=\"https:\/\/whatsappmexico.com\/?p=11876\" \/>\n<meta property=\"og:locale\" content=\"es_ES\" \/>\n<meta property=\"og:type\" content=\"article\" \/>\n<meta property=\"og:title\" content=\"Concluye el I Foro Internacional Ecoislas con m\u00e1s de 700 visitantes\" \/>\n<meta property=\"og:description\" content=\"Concluye el I Foro Internacional Ecoislas con m\u00e1s de 700 visitantes y 53 conferencias; de hasta siete pa\u00edses han participado\" \/>\n<meta property=\"og:url\" content=\"https:\/\/whatsappmexico.com\/?p=11876\" \/>\n<meta property=\"article:published_time\" content=\"2023-02-03T22:18:02+00:00\" \/>\n<meta property=\"og:image\" content=\"https:\/\/whatsappmexico.com\/wp-content\/uploads\/2023\/02\/22222-2.jpg\" \/>\n\t<meta property=\"og:image:width\" content=\"300\" \/>\n\t<meta property=\"og:image:height\" content=\"168\" \/>\n\t<meta property=\"og:image:type\" content=\"image\/jpeg\" \/>\n<meta name=\"author\" content=\"admin\" \/>\n<meta name=\"twitter:card\" content=\"summary_large_image\" \/>\n<meta name=\"twitter:label1\" content=\"Escrito por\" \/>\n\t<meta name=\"twitter:data1\" content=\"admin\" \/>\n\t<meta name=\"twitter:label2\" content=\"Tiempo de lectura\" \/>\n\t<meta name=\"twitter:data2\" content=\"2 minutos\" \/>\n<script type=\"application\/ld+json\" class=\"yoast-schema-graph\">{\"@context\":\"https:\\\/\\\/schema.org\",\"@graph\":[{\"@type\":\"Article\",\"@id\":\"https:\\\/\\\/whatsappmexico.com\\\/?p=11876#article\",\"isPartOf\":{\"@id\":\"https:\\\/\\\/whatsappmexico.com\\\/?p=11876\"},\"author\":{\"name\":\"admin\",\"@id\":\"https:\\\/\\\/whatsappmexico.com\\\/#\\\/schema\\\/person\\\/082b02d197e5c0d9eeef91cf10d3643e\"},\"headline\":\"Concluye el I Foro Internacional Ecoislas con m\u00e1s de 700 visitantes y 53 conferencias\",\"datePublished\":\"2023-02-03T22:18:02+00:00\",\"mainEntityOfPage\":{\"@id\":\"https:\\\/\\\/whatsappmexico.com\\\/?p=11876\"},\"wordCount\":383,\"commentCount\":0,\"image\":{\"@id\":\"https:\\\/\\\/whatsappmexico.com\\\/?p=11876#primaryimage\"},\"thumbnailUrl\":\"https:\\\/\\\/whatsappmexico.com\\\/wp-content\\\/uploads\\\/2023\\\/02\\\/22222-2.jpg\",\"articleSection\":[\"Politica\"],\"inLanguage\":\"es\",\"potentialAction\":[{\"@type\":\"CommentAction\",\"name\":\"Comment\",\"target\":[\"https:\\\/\\\/whatsappmexico.com\\\/?p=11876#respond\"]}]},{\"@type\":\"WebPage\",\"@id\":\"https:\\\/\\\/whatsappmexico.com\\\/?p=11876\",\"url\":\"https:\\\/\\\/whatsappmexico.com\\\/?p=11876\",\"name\":\"Concluye el I Foro Internacional Ecoislas con m\u00e1s de 700 visitantes\",\"isPartOf\":{\"@id\":\"https:\\\/\\\/whatsappmexico.com\\\/#website\"},\"primaryImageOfPage\":{\"@id\":\"https:\\\/\\\/whatsappmexico.com\\\/?p=11876#primaryimage\"},\"image\":{\"@id\":\"https:\\\/\\\/whatsappmexico.com\\\/?p=11876#primaryimage\"},\"thumbnailUrl\":\"https:\\\/\\\/whatsappmexico.com\\\/wp-content\\\/uploads\\\/2023\\\/02\\\/22222-2.jpg\",\"datePublished\":\"2023-02-03T22:18:02+00:00\",\"author\":{\"@id\":\"https:\\\/\\\/whatsappmexico.com\\\/#\\\/schema\\\/person\\\/082b02d197e5c0d9eeef91cf10d3643e\"},\"description\":\"Concluye el I Foro Internacional Ecoislas con m\u00e1s de 700 visitantes y 53 conferencias; de hasta siete pa\u00edses han participado\",\"breadcrumb\":{\"@id\":\"https:\\\/\\\/whatsappmexico.com\\\/?p=11876#breadcrumb\"},\"inLanguage\":\"es\",\"potentialAction\":[{\"@type\":\"ReadAction\",\"target\":[\"https:\\\/\\\/whatsappmexico.com\\\/?p=11876\"]}]},{\"@type\":\"ImageObject\",\"inLanguage\":\"es\",\"@id\":\"https:\\\/\\\/whatsappmexico.com\\\/?p=11876#primaryimage\",\"url\":\"https:\\\/\\\/whatsappmexico.com\\\/wp-content\\\/uploads\\\/2023\\\/02\\\/22222-2.jpg\",\"contentUrl\":\"https:\\\/\\\/whatsappmexico.com\\\/wp-content\\\/uploads\\\/2023\\\/02\\\/22222-2.jpg\",\"width\":300,\"height\":168,\"caption\":\"Concluye el I Foro Internacional Ecoislas con m\u00e1s de 700 visitantes y 53 conferencias\"},{\"@type\":\"BreadcrumbList\",\"@id\":\"https:\\\/\\\/whatsappmexico.com\\\/?p=11876#breadcrumb\",\"itemListElement\":[{\"@type\":\"ListItem\",\"position\":1,\"name\":\"Portada\",\"item\":\"https:\\\/\\\/whatsappmexico.com\\\/\"},{\"@type\":\"ListItem\",\"position\":2,\"name\":\"Concluye el I Foro Internacional Ecoislas con m\u00e1s de 700 visitantes y 53 conferencias\"}]},{\"@type\":\"WebSite\",\"@id\":\"https:\\\/\\\/whatsappmexico.com\\\/#website\",\"url\":\"https:\\\/\\\/whatsappmexico.com\\\/\",\"name\":\"\",\"description\":\"La Noticia M\u00e1s R\u00e1pida\",\"potentialAction\":[{\"@type\":\"SearchAction\",\"target\":{\"@type\":\"EntryPoint\",\"urlTemplate\":\"https:\\\/\\\/whatsappmexico.com\\\/?s={search_term_string}\"},\"query-input\":{\"@type\":\"PropertyValueSpecification\",\"valueRequired\":true,\"valueName\":\"search_term_string\"}}],\"inLanguage\":\"es\"},{\"@type\":\"Person\",\"@id\":\"https:\\\/\\\/whatsappmexico.com\\\/#\\\/schema\\\/person\\\/082b02d197e5c0d9eeef91cf10d3643e\",\"name\":\"admin\",\"image\":{\"@type\":\"ImageObject\",\"inLanguage\":\"es\",\"@id\":\"https:\\\/\\\/secure.gravatar.com\\\/avatar\\\/c2e50278fd314cf93ecf18c6171760d6d7972373780a207099fd11e86caef7a0?s=96&d=mm&r=g\",\"url\":\"https:\\\/\\\/secure.gravatar.com\\\/avatar\\\/c2e50278fd314cf93ecf18c6171760d6d7972373780a207099fd11e86caef7a0?s=96&d=mm&r=g\",\"contentUrl\":\"https:\\\/\\\/secure.gravatar.com\\\/avatar\\\/c2e50278fd314cf93ecf18c6171760d6d7972373780a207099fd11e86caef7a0?s=96&d=mm&r=g\",\"caption\":\"admin\"},\"sameAs\":[\"https:\\\/\\\/whatsappmexico.com\"],\"url\":\"https:\\\/\\\/whatsappmexico.com\\\/?author=1\"}]}<\/script>\n<!-- \/ Yoast SEO plugin. -->","yoast_head_json":{"title":"Concluye el I Foro Internacional Ecoislas con m\u00e1s de 700 visitantes","description":"Concluye el I Foro Internacional Ecoislas con m\u00e1s de 700 visitantes y 53 conferencias; de hasta siete pa\u00edses han participado","robots":{"index":"index","follow":"follow","max-snippet":"max-snippet:-1","max-image-preview":"max-image-preview:large","max-video-preview":"max-video-preview:-1"},"canonical":"https:\/\/whatsappmexico.com\/?p=11876","og_locale":"es_ES","og_type":"article","og_title":"Concluye el I Foro Internacional Ecoislas con m\u00e1s de 700 visitantes","og_description":"Concluye el I Foro Internacional Ecoislas con m\u00e1s de 700 visitantes y 53 conferencias; de hasta siete pa\u00edses han participado","og_url":"https:\/\/whatsappmexico.com\/?p=11876","article_published_time":"2023-02-03T22:18:02+00:00","og_image":[{"width":300,"height":168,"url":"https:\/\/whatsappmexico.com\/wp-content\/uploads\/2023\/02\/22222-2.jpg","type":"image\/jpeg"}],"author":"admin","twitter_card":"summary_large_image","twitter_misc":{"Escrito por":"admin","Tiempo de lectura":"2 minutos"},"schema":{"@context":"https:\/\/schema.org","@graph":[{"@type":"Article","@id":"https:\/\/whatsappmexico.com\/?p=11876#article","isPartOf":{"@id":"https:\/\/whatsappmexico.com\/?p=11876"},"author":{"name":"admin","@id":"https:\/\/whatsappmexico.com\/#\/schema\/person\/082b02d197e5c0d9eeef91cf10d3643e"},"headline":"Concluye el I Foro Internacional Ecoislas con m\u00e1s de 700 visitantes y 53 conferencias","datePublished":"2023-02-03T22:18:02+00:00","mainEntityOfPage":{"@id":"https:\/\/whatsappmexico.com\/?p=11876"},"wordCount":383,"commentCount":0,"image":{"@id":"https:\/\/whatsappmexico.com\/?p=11876#primaryimage"},"thumbnailUrl":"https:\/\/whatsappmexico.com\/wp-content\/uploads\/2023\/02\/22222-2.jpg","articleSection":["Politica"],"inLanguage":"es","potentialAction":[{"@type":"CommentAction","name":"Comment","target":["https:\/\/whatsappmexico.com\/?p=11876#respond"]}]},{"@type":"WebPage","@id":"https:\/\/whatsappmexico.com\/?p=11876","url":"https:\/\/whatsappmexico.com\/?p=11876","name":"Concluye el I Foro Internacional Ecoislas con m\u00e1s de 700 visitantes","isPartOf":{"@id":"https:\/\/whatsappmexico.com\/#website"},"primaryImageOfPage":{"@id":"https:\/\/whatsappmexico.com\/?p=11876#primaryimage"},"image":{"@id":"https:\/\/whatsappmexico.com\/?p=11876#primaryimage"},"thumbnailUrl":"https:\/\/whatsappmexico.com\/wp-content\/uploads\/2023\/02\/22222-2.jpg","datePublished":"2023-02-03T22:18:02+00:00","author":{"@id":"https:\/\/whatsappmexico.com\/#\/schema\/person\/082b02d197e5c0d9eeef91cf10d3643e"},"description":"Concluye el I Foro Internacional Ecoislas con m\u00e1s de 700 visitantes y 53 conferencias; de hasta siete pa\u00edses han participado","breadcrumb":{"@id":"https:\/\/whatsappmexico.com\/?p=11876#breadcrumb"},"inLanguage":"es","potentialAction":[{"@type":"ReadAction","target":["https:\/\/whatsappmexico.com\/?p=11876"]}]},{"@type":"ImageObject","inLanguage":"es","@id":"https:\/\/whatsappmexico.com\/?p=11876#primaryimage","url":"https:\/\/whatsappmexico.com\/wp-content\/uploads\/2023\/02\/22222-2.jpg","contentUrl":"https:\/\/whatsappmexico.com\/wp-content\/uploads\/2023\/02\/22222-2.jpg","width":300,"height":168,"caption":"Concluye el I Foro Internacional Ecoislas con m\u00e1s de 700 visitantes y 53 conferencias"},{"@type":"BreadcrumbList","@id":"https:\/\/whatsappmexico.com\/?p=11876#breadcrumb","itemListElement":[{"@type":"ListItem","position":1,"name":"Portada","item":"https:\/\/whatsappmexico.com\/"},{"@type":"ListItem","position":2,"name":"Concluye el I Foro Internacional Ecoislas con m\u00e1s de 700 visitantes y 53 conferencias"}]},{"@type":"WebSite","@id":"https:\/\/whatsappmexico.com\/#website","url":"https:\/\/whatsappmexico.com\/","name":"","description":"La Noticia M\u00e1s R\u00e1pida","potentialAction":[{"@type":"SearchAction","target":{"@type":"EntryPoint","urlTemplate":"https:\/\/whatsappmexico.com\/?s={search_term_string}"},"query-input":{"@type":"PropertyValueSpecification","valueRequired":true,"valueName":"search_term_string"}}],"inLanguage":"es"},{"@type":"Person","@id":"https:\/\/whatsappmexico.com\/#\/schema\/person\/082b02d197e5c0d9eeef91cf10d3643e","name":"admin","image":{"@type":"ImageObject","inLanguage":"es","@id":"https:\/\/secure.gravatar.com\/avatar\/c2e50278fd314cf93ecf18c6171760d6d7972373780a207099fd11e86caef7a0?s=96&d=mm&r=g","url":"https:\/\/secure.gravatar.com\/avatar\/c2e50278fd314cf93ecf18c6171760d6d7972373780a207099fd11e86caef7a0?s=96&d=mm&r=g","contentUrl":"https:\/\/secure.gravatar.com\/avatar\/c2e50278fd314cf93ecf18c6171760d6d7972373780a207099fd11e86caef7a0?s=96&d=mm&r=g","caption":"admin"},"sameAs":["https:\/\/whatsappmexico.com"],"url":"https:\/\/whatsappmexico.com\/?author=1"}]}},"_links":{"self":[{"href":"https:\/\/whatsappmexico.com\/index.php?rest_route=\/wp\/v2\/posts\/11876","targetHints":{"allow":["GET"]}}],"collection":[{"href":"https:\/\/whatsappmexico.com\/index.php?rest_route=\/wp\/v2\/posts"}],"about":[{"href":"https:\/\/whatsappmexico.com\/index.php?rest_route=\/wp\/v2\/types\/post"}],"author":[{"embeddable":true,"href":"https:\/\/whatsappmexico.com\/index.php?rest_route=\/wp\/v2\/users\/1"}],"replies":[{"embeddable":true,"href":"https:\/\/whatsappmexico.com\/index.php?rest_route=%2Fwp%2Fv2%2Fcomments&post=11876"}],"version-history":[{"count":1,"href":"https:\/\/whatsappmexico.com\/index.php?rest_route=\/wp\/v2\/posts\/11876\/revisions"}],"predecessor-version":[{"id":11878,"href":"https:\/\/whatsappmexico.com\/index.php?rest_route=\/wp\/v2\/posts\/11876\/revisions\/11878"}],"wp:featuredmedia":[{"embeddable":true,"href":"https:\/\/whatsappmexico.com\/index.php?rest_route=\/wp\/v2\/media\/11877"}],"wp:attachment":[{"href":"https:\/\/whatsappmexico.com\/index.php?rest_route=%2Fwp%2Fv2%2Fmedia&parent=11876"}],"wp:term":[{"taxonomy":"category","embeddable":true,"href":"https:\/\/whatsappmexico.com\/index.php?rest_route=%2Fwp%2Fv2%2Fcategories&post=11876"},{"taxonomy":"post_tag","embeddable":true,"href":"https:\/\/whatsappmexico.com\/index.php?rest_route=%2Fwp%2Fv2%2Ftags&post=11876"}],"curies":[{"name":"wp","href":"https:\/\/api.w.org\/{rel}","templated":true}]}}