{"id":12302,"date":"2023-03-04T18:25:23","date_gmt":"2023-03-04T18:25:23","guid":{"rendered":"https:\/\/whatsappmexico.com\/?p=12302"},"modified":"2023-03-04T18:25:23","modified_gmt":"2023-03-04T18:25:23","slug":"festival-de-miami-celebra-sus-40-anos-como-vitrina-del-cine-iberoamericano","status":"publish","type":"post","link":"https:\/\/whatsappmexico.com\/?p=12302","title":{"rendered":"Festival de Miami celebra sus 40 a\u00f1os como vitrina del cine iberoamericano"},"content":{"rendered":"<h4>El Festival de Cine de Miami inicia este viernes su edici\u00f3n 40 celebrando su consolidaci\u00f3n como una vitrina para la cinematograf\u00eda mundial.<\/h4>\n<p>Esto\u00a0con especial \u00e9nfasis en la de Am\u00e9rica Latina y la producida por realizadores noveles.<\/p>\n<p>El actor estadounidense, Raymond \u00abRay\u00bb Romano; la alcaldesa del condado de Miami-Dade, Daniella Levine Cava.<\/p>\n<p>Adem\u00e1s de\u00a0la presidenta del Miami Dade College (MDC), Madeline Pumariega; el jefe del departamento de Cine.<\/p>\n<p>As\u00ed como del \u00a0Entretenimiento del condado, Marco Gir\u00f3n, y la vicepresidenta del MDC encargada de Asuntos Externos y Estrategia.<\/p>\n<p>Al igual que el\u00a0Maryam Laguna, posan en la alfombra roja del Festival de Cine de Miami celebrado hoy, en las salas Silverspot Cinema en Miami, Florida.<\/p>\n<p>El programa de este a\u00f1o incluye m\u00e1s de 140 largometrajes, documentales y cortometrajes de todos los g\u00e9neros.<\/p>\n<p>Los cuales son\u00a0procedentes de m\u00e1s de 30 pa\u00edses, entre los cuales hay una docena de estrenos mundiales y siete estrenos en Estados Unidos.<\/p>\n<p>La actriz cubana Alina Roberts posa en la alfombra roja del Festival de Cine de Miami celebrado hoy.<\/p>\n<h4>Adem\u00e1s que\u00a0en las salas Silverspot Cinema en Miami, Florida (EEUU).<\/h4>\n<p>El Festival de Cine de Miami inicia este viernes su edici\u00f3n 40 celebrando su consolidaci\u00f3n como una vitrina para la cinematograf\u00eda mundial.<\/p>\n<p>Esto\u00a0con especial \u00e9nfasis en la de Am\u00e9rica Latina y la producida por realizadores noveles.<\/p>\n<p>Se trata de una de las ofertas mas grandes en la historia de este festival, como dijo a EFE la directora de programaci\u00f3n, Lauren Cohen.<\/p>\n<p>Fue quien destac\u00f3 que esta cita anual organizada por la universidad Miami Dade College \u201cbrinda oportunidades a cineastas locales e internacionales\u201d.<\/p>\n<p>Se\u00f1al\u00f3 las alianzas con instituciones locales como la Knight Foundation, que permiten \u201cdestacar a los cineastas talentosos aqu\u00ed en Miami\u201d.<\/p>\n<p>As\u00ed como presentar una categor\u00eda dedicada a producciones desarrolladas a nivel local.<\/p>\n<p>Levantara esta noche el tel\u00f3n del certamen el actor Ray Romano, conocido por su personaje en la serie televisiva \u201cEverybody Loves Raymond\u201d.<\/p>\n<p>Adem\u00e1s de\u00a0quien acude a esta ciudad del sur de Florida (EE.UU.) para presentar su debut como director, \u201cSomewhere in Queens\u201d.<\/p>\n<p>As\u00ed como\u00a0de la que es protagonista y coautor del gui\u00f3n junto a Mark Stegemann.<\/p>\n<p>Cohen resalt\u00f3 la lista de celebridades que participar\u00e1n este a\u00f1o, que se completa con Nicolas Cage, Diego Luna y John Leguizamo.<\/p>\n<p>As\u00ed como la escritora estadounidense Judy Blume y el compositor Nicholas Brittell.<\/p>\n<h4>AMPLIA Y REPRESENTATIVA PRESENCIA CUBANA<\/h4>\n<p>La presencia de la cinematograf\u00eda cubana es \u201campl\u00eda y representativa, con un espectro de temas nunca antes visto en este festival\u201d.<\/p>\n<p>Esto seg\u00fan dijo a EFE Alejandro R\u00edos, el responsable de seleccionar a las m\u00e1s de diez producciones de tem\u00e1tica ligada a esta isla.<\/p>\n<p>Adem\u00e1s de que forman parte de la programaci\u00f3n.<\/p>\n<p>Los espectadores podr\u00e1n ver un \u201ccontraste interesante\u201d de la mano de largometrajes como \u201cEl mundo de Nelsito\u201d.<\/p>\n<p>As\u00ed como\u00a0del director Fernando P\u00e9rez (\u201c\u00daltimos D\u00edas en la Habana\u201d), \u201cPlantados\u201d, de Lilo Vilaplana o \u201cHavana Stories\u201d, de Eliecer Jim\u00e9nez Almeida.<\/p>\n<p>Muchas abordan la tem\u00e1tica del reencuentro, ocurrido mayormente en Miami, como matiz\u00f3 R\u00edos, \u00a0con el Gobierno surgido tras la revoluci\u00f3n en la isla como trasfondo.<\/p>\n<p>\u201cPr\u00e1cticamente todo es cine independiente, que es casi la norma entre los realizadores cubanos\u201d, acot\u00f3 R\u00edos.<\/p>\n<p>&nbsp;<\/p>\n<p>&nbsp;<\/p>\n","protected":false},"excerpt":{"rendered":"<p>El Festival de Cine de Miami inicia este viernes su edici\u00f3n 40 celebrando su consolidaci\u00f3n como una vitrina para la cinematograf\u00eda mundial. Esto\u00a0con especial \u00e9nfasis en la de Am\u00e9rica Latina y la producida por realizadores noveles. El actor estadounidense, Raymond&#8230;<\/p>\n","protected":false},"author":1,"featured_media":12303,"comment_status":"open","ping_status":"open","sticky":false,"template":"","format":"standard","meta":{"footnotes":""},"categories":[2],"tags":[],"class_list":["post-12302","post","type-post","status-publish","format-standard","has-post-thumbnail","hentry","category-cultural"],"yoast_head":"<!-- This site is optimized with the Yoast SEO plugin v27.4 - https:\/\/yoast.com\/product\/yoast-seo-wordpress\/ -->\n<title>Festival de Miami celebra sus 40 a\u00f1os; vitrina del cine iberoamericano<\/title>\n<meta name=\"description\" content=\"Festival de Miami celebra sus 40 a\u00f1os como vitrina del cine iberoamericano\" \/>\n<meta name=\"robots\" content=\"index, follow, max-snippet:-1, max-image-preview:large, max-video-preview:-1\" \/>\n<link rel=\"canonical\" href=\"https:\/\/whatsappmexico.com\/?p=12302\" \/>\n<meta property=\"og:locale\" content=\"es_ES\" \/>\n<meta property=\"og:type\" content=\"article\" \/>\n<meta property=\"og:title\" content=\"Festival de Miami celebra sus 40 a\u00f1os; vitrina del cine iberoamericano\" \/>\n<meta property=\"og:description\" content=\"Festival de Miami celebra sus 40 a\u00f1os como vitrina del cine iberoamericano\" \/>\n<meta property=\"og:url\" content=\"https:\/\/whatsappmexico.com\/?p=12302\" \/>\n<meta property=\"article:published_time\" content=\"2023-03-04T18:25:23+00:00\" \/>\n<meta property=\"og:image\" content=\"https:\/\/whatsappmexico.com\/wp-content\/uploads\/2023\/03\/2-3.jpg\" \/>\n\t<meta property=\"og:image:width\" content=\"275\" \/>\n\t<meta property=\"og:image:height\" content=\"183\" \/>\n\t<meta property=\"og:image:type\" content=\"image\/jpeg\" \/>\n<meta name=\"author\" content=\"admin\" \/>\n<meta name=\"twitter:card\" content=\"summary_large_image\" \/>\n<meta name=\"twitter:label1\" content=\"Escrito por\" \/>\n\t<meta name=\"twitter:data1\" content=\"admin\" \/>\n\t<meta name=\"twitter:label2\" content=\"Tiempo de lectura\" \/>\n\t<meta name=\"twitter:data2\" content=\"3 minutos\" \/>\n<script type=\"application\/ld+json\" class=\"yoast-schema-graph\">{\"@context\":\"https:\\\/\\\/schema.org\",\"@graph\":[{\"@type\":\"Article\",\"@id\":\"https:\\\/\\\/whatsappmexico.com\\\/?p=12302#article\",\"isPartOf\":{\"@id\":\"https:\\\/\\\/whatsappmexico.com\\\/?p=12302\"},\"author\":{\"name\":\"admin\",\"@id\":\"https:\\\/\\\/whatsappmexico.com\\\/#\\\/schema\\\/person\\\/082b02d197e5c0d9eeef91cf10d3643e\"},\"headline\":\"Festival de Miami celebra sus 40 a\u00f1os como vitrina del cine iberoamericano\",\"datePublished\":\"2023-03-04T18:25:23+00:00\",\"mainEntityOfPage\":{\"@id\":\"https:\\\/\\\/whatsappmexico.com\\\/?p=12302\"},\"wordCount\":580,\"commentCount\":0,\"image\":{\"@id\":\"https:\\\/\\\/whatsappmexico.com\\\/?p=12302#primaryimage\"},\"thumbnailUrl\":\"https:\\\/\\\/whatsappmexico.com\\\/wp-content\\\/uploads\\\/2023\\\/03\\\/2-3.jpg\",\"articleSection\":[\"Cultural\"],\"inLanguage\":\"es\",\"potentialAction\":[{\"@type\":\"CommentAction\",\"name\":\"Comment\",\"target\":[\"https:\\\/\\\/whatsappmexico.com\\\/?p=12302#respond\"]}]},{\"@type\":\"WebPage\",\"@id\":\"https:\\\/\\\/whatsappmexico.com\\\/?p=12302\",\"url\":\"https:\\\/\\\/whatsappmexico.com\\\/?p=12302\",\"name\":\"Festival de Miami celebra sus 40 a\u00f1os; vitrina del cine iberoamericano\",\"isPartOf\":{\"@id\":\"https:\\\/\\\/whatsappmexico.com\\\/#website\"},\"primaryImageOfPage\":{\"@id\":\"https:\\\/\\\/whatsappmexico.com\\\/?p=12302#primaryimage\"},\"image\":{\"@id\":\"https:\\\/\\\/whatsappmexico.com\\\/?p=12302#primaryimage\"},\"thumbnailUrl\":\"https:\\\/\\\/whatsappmexico.com\\\/wp-content\\\/uploads\\\/2023\\\/03\\\/2-3.jpg\",\"datePublished\":\"2023-03-04T18:25:23+00:00\",\"author\":{\"@id\":\"https:\\\/\\\/whatsappmexico.com\\\/#\\\/schema\\\/person\\\/082b02d197e5c0d9eeef91cf10d3643e\"},\"description\":\"Festival de Miami celebra sus 40 a\u00f1os como vitrina del cine iberoamericano\",\"breadcrumb\":{\"@id\":\"https:\\\/\\\/whatsappmexico.com\\\/?p=12302#breadcrumb\"},\"inLanguage\":\"es\",\"potentialAction\":[{\"@type\":\"ReadAction\",\"target\":[\"https:\\\/\\\/whatsappmexico.com\\\/?p=12302\"]}]},{\"@type\":\"ImageObject\",\"inLanguage\":\"es\",\"@id\":\"https:\\\/\\\/whatsappmexico.com\\\/?p=12302#primaryimage\",\"url\":\"https:\\\/\\\/whatsappmexico.com\\\/wp-content\\\/uploads\\\/2023\\\/03\\\/2-3.jpg\",\"contentUrl\":\"https:\\\/\\\/whatsappmexico.com\\\/wp-content\\\/uploads\\\/2023\\\/03\\\/2-3.jpg\",\"width\":275,\"height\":183,\"caption\":\"Festival de Miami celebra sus 40 a\u00f1os como vitrina del cine iberoamericano\"},{\"@type\":\"BreadcrumbList\",\"@id\":\"https:\\\/\\\/whatsappmexico.com\\\/?p=12302#breadcrumb\",\"itemListElement\":[{\"@type\":\"ListItem\",\"position\":1,\"name\":\"Portada\",\"item\":\"https:\\\/\\\/whatsappmexico.com\\\/\"},{\"@type\":\"ListItem\",\"position\":2,\"name\":\"Festival de Miami celebra sus 40 a\u00f1os como vitrina del cine iberoamericano\"}]},{\"@type\":\"WebSite\",\"@id\":\"https:\\\/\\\/whatsappmexico.com\\\/#website\",\"url\":\"https:\\\/\\\/whatsappmexico.com\\\/\",\"name\":\"\",\"description\":\"La Noticia M\u00e1s R\u00e1pida\",\"potentialAction\":[{\"@type\":\"SearchAction\",\"target\":{\"@type\":\"EntryPoint\",\"urlTemplate\":\"https:\\\/\\\/whatsappmexico.com\\\/?s={search_term_string}\"},\"query-input\":{\"@type\":\"PropertyValueSpecification\",\"valueRequired\":true,\"valueName\":\"search_term_string\"}}],\"inLanguage\":\"es\"},{\"@type\":\"Person\",\"@id\":\"https:\\\/\\\/whatsappmexico.com\\\/#\\\/schema\\\/person\\\/082b02d197e5c0d9eeef91cf10d3643e\",\"name\":\"admin\",\"image\":{\"@type\":\"ImageObject\",\"inLanguage\":\"es\",\"@id\":\"https:\\\/\\\/secure.gravatar.com\\\/avatar\\\/c2e50278fd314cf93ecf18c6171760d6d7972373780a207099fd11e86caef7a0?s=96&d=mm&r=g\",\"url\":\"https:\\\/\\\/secure.gravatar.com\\\/avatar\\\/c2e50278fd314cf93ecf18c6171760d6d7972373780a207099fd11e86caef7a0?s=96&d=mm&r=g\",\"contentUrl\":\"https:\\\/\\\/secure.gravatar.com\\\/avatar\\\/c2e50278fd314cf93ecf18c6171760d6d7972373780a207099fd11e86caef7a0?s=96&d=mm&r=g\",\"caption\":\"admin\"},\"sameAs\":[\"https:\\\/\\\/whatsappmexico.com\"],\"url\":\"https:\\\/\\\/whatsappmexico.com\\\/?author=1\"}]}<\/script>\n<!-- \/ Yoast SEO plugin. -->","yoast_head_json":{"title":"Festival de Miami celebra sus 40 a\u00f1os; vitrina del cine iberoamericano","description":"Festival de Miami celebra sus 40 a\u00f1os como vitrina del cine iberoamericano","robots":{"index":"index","follow":"follow","max-snippet":"max-snippet:-1","max-image-preview":"max-image-preview:large","max-video-preview":"max-video-preview:-1"},"canonical":"https:\/\/whatsappmexico.com\/?p=12302","og_locale":"es_ES","og_type":"article","og_title":"Festival de Miami celebra sus 40 a\u00f1os; vitrina del cine iberoamericano","og_description":"Festival de Miami celebra sus 40 a\u00f1os como vitrina del cine iberoamericano","og_url":"https:\/\/whatsappmexico.com\/?p=12302","article_published_time":"2023-03-04T18:25:23+00:00","og_image":[{"width":275,"height":183,"url":"https:\/\/whatsappmexico.com\/wp-content\/uploads\/2023\/03\/2-3.jpg","type":"image\/jpeg"}],"author":"admin","twitter_card":"summary_large_image","twitter_misc":{"Escrito por":"admin","Tiempo de lectura":"3 minutos"},"schema":{"@context":"https:\/\/schema.org","@graph":[{"@type":"Article","@id":"https:\/\/whatsappmexico.com\/?p=12302#article","isPartOf":{"@id":"https:\/\/whatsappmexico.com\/?p=12302"},"author":{"name":"admin","@id":"https:\/\/whatsappmexico.com\/#\/schema\/person\/082b02d197e5c0d9eeef91cf10d3643e"},"headline":"Festival de Miami celebra sus 40 a\u00f1os como vitrina del cine iberoamericano","datePublished":"2023-03-04T18:25:23+00:00","mainEntityOfPage":{"@id":"https:\/\/whatsappmexico.com\/?p=12302"},"wordCount":580,"commentCount":0,"image":{"@id":"https:\/\/whatsappmexico.com\/?p=12302#primaryimage"},"thumbnailUrl":"https:\/\/whatsappmexico.com\/wp-content\/uploads\/2023\/03\/2-3.jpg","articleSection":["Cultural"],"inLanguage":"es","potentialAction":[{"@type":"CommentAction","name":"Comment","target":["https:\/\/whatsappmexico.com\/?p=12302#respond"]}]},{"@type":"WebPage","@id":"https:\/\/whatsappmexico.com\/?p=12302","url":"https:\/\/whatsappmexico.com\/?p=12302","name":"Festival de Miami celebra sus 40 a\u00f1os; vitrina del cine iberoamericano","isPartOf":{"@id":"https:\/\/whatsappmexico.com\/#website"},"primaryImageOfPage":{"@id":"https:\/\/whatsappmexico.com\/?p=12302#primaryimage"},"image":{"@id":"https:\/\/whatsappmexico.com\/?p=12302#primaryimage"},"thumbnailUrl":"https:\/\/whatsappmexico.com\/wp-content\/uploads\/2023\/03\/2-3.jpg","datePublished":"2023-03-04T18:25:23+00:00","author":{"@id":"https:\/\/whatsappmexico.com\/#\/schema\/person\/082b02d197e5c0d9eeef91cf10d3643e"},"description":"Festival de Miami celebra sus 40 a\u00f1os como vitrina del cine iberoamericano","breadcrumb":{"@id":"https:\/\/whatsappmexico.com\/?p=12302#breadcrumb"},"inLanguage":"es","potentialAction":[{"@type":"ReadAction","target":["https:\/\/whatsappmexico.com\/?p=12302"]}]},{"@type":"ImageObject","inLanguage":"es","@id":"https:\/\/whatsappmexico.com\/?p=12302#primaryimage","url":"https:\/\/whatsappmexico.com\/wp-content\/uploads\/2023\/03\/2-3.jpg","contentUrl":"https:\/\/whatsappmexico.com\/wp-content\/uploads\/2023\/03\/2-3.jpg","width":275,"height":183,"caption":"Festival de Miami celebra sus 40 a\u00f1os como vitrina del cine iberoamericano"},{"@type":"BreadcrumbList","@id":"https:\/\/whatsappmexico.com\/?p=12302#breadcrumb","itemListElement":[{"@type":"ListItem","position":1,"name":"Portada","item":"https:\/\/whatsappmexico.com\/"},{"@type":"ListItem","position":2,"name":"Festival de Miami celebra sus 40 a\u00f1os como vitrina del cine iberoamericano"}]},{"@type":"WebSite","@id":"https:\/\/whatsappmexico.com\/#website","url":"https:\/\/whatsappmexico.com\/","name":"","description":"La Noticia M\u00e1s R\u00e1pida","potentialAction":[{"@type":"SearchAction","target":{"@type":"EntryPoint","urlTemplate":"https:\/\/whatsappmexico.com\/?s={search_term_string}"},"query-input":{"@type":"PropertyValueSpecification","valueRequired":true,"valueName":"search_term_string"}}],"inLanguage":"es"},{"@type":"Person","@id":"https:\/\/whatsappmexico.com\/#\/schema\/person\/082b02d197e5c0d9eeef91cf10d3643e","name":"admin","image":{"@type":"ImageObject","inLanguage":"es","@id":"https:\/\/secure.gravatar.com\/avatar\/c2e50278fd314cf93ecf18c6171760d6d7972373780a207099fd11e86caef7a0?s=96&d=mm&r=g","url":"https:\/\/secure.gravatar.com\/avatar\/c2e50278fd314cf93ecf18c6171760d6d7972373780a207099fd11e86caef7a0?s=96&d=mm&r=g","contentUrl":"https:\/\/secure.gravatar.com\/avatar\/c2e50278fd314cf93ecf18c6171760d6d7972373780a207099fd11e86caef7a0?s=96&d=mm&r=g","caption":"admin"},"sameAs":["https:\/\/whatsappmexico.com"],"url":"https:\/\/whatsappmexico.com\/?author=1"}]}},"_links":{"self":[{"href":"https:\/\/whatsappmexico.com\/index.php?rest_route=\/wp\/v2\/posts\/12302","targetHints":{"allow":["GET"]}}],"collection":[{"href":"https:\/\/whatsappmexico.com\/index.php?rest_route=\/wp\/v2\/posts"}],"about":[{"href":"https:\/\/whatsappmexico.com\/index.php?rest_route=\/wp\/v2\/types\/post"}],"author":[{"embeddable":true,"href":"https:\/\/whatsappmexico.com\/index.php?rest_route=\/wp\/v2\/users\/1"}],"replies":[{"embeddable":true,"href":"https:\/\/whatsappmexico.com\/index.php?rest_route=%2Fwp%2Fv2%2Fcomments&post=12302"}],"version-history":[{"count":1,"href":"https:\/\/whatsappmexico.com\/index.php?rest_route=\/wp\/v2\/posts\/12302\/revisions"}],"predecessor-version":[{"id":12304,"href":"https:\/\/whatsappmexico.com\/index.php?rest_route=\/wp\/v2\/posts\/12302\/revisions\/12304"}],"wp:featuredmedia":[{"embeddable":true,"href":"https:\/\/whatsappmexico.com\/index.php?rest_route=\/wp\/v2\/media\/12303"}],"wp:attachment":[{"href":"https:\/\/whatsappmexico.com\/index.php?rest_route=%2Fwp%2Fv2%2Fmedia&parent=12302"}],"wp:term":[{"taxonomy":"category","embeddable":true,"href":"https:\/\/whatsappmexico.com\/index.php?rest_route=%2Fwp%2Fv2%2Fcategories&post=12302"},{"taxonomy":"post_tag","embeddable":true,"href":"https:\/\/whatsappmexico.com\/index.php?rest_route=%2Fwp%2Fv2%2Ftags&post=12302"}],"curies":[{"name":"wp","href":"https:\/\/api.w.org\/{rel}","templated":true}]}}