{"id":12475,"date":"2023-03-18T01:14:11","date_gmt":"2023-03-18T01:14:11","guid":{"rendered":"https:\/\/whatsappmexico.com\/?p=12475"},"modified":"2023-03-18T01:14:11","modified_gmt":"2023-03-18T01:14:11","slug":"primer-convoy-del-tren-maya-llega-en-julio-a-quintana-roo","status":"publish","type":"post","link":"https:\/\/whatsappmexico.com\/?p=12475","title":{"rendered":"Primer convoy del Tren Maya llega en julio a Quintana Roo"},"content":{"rendered":"<h4>Las primeras cuatro cajas de vagones ya fueron aprobadas por el Fondo Nacional de Fomento al Turismo.<\/h4>\n<p>As\u00ed como de\u00a0los organismos involucrados en la construcci\u00f3n del Tren Maya.<\/p>\n<p>La gobernadora Mara Lezama anunci\u00f3 que en julio pr\u00f3ximo llegar\u00e1 el primer convoy del Tren Maya al taller y cochera que se construye en Canc\u00fan.<\/p>\n<p>\u201cTras las pruebas de rodamiento, estar\u00e1 listo para inauguraci\u00f3n, en diciembre de este 2023\u201d, dijo la gobernadora de Quintana Roo en redes sociales.<\/p>\n<p>Lo que se sabe hasta el momento, adem\u00e1s de lo dicho por la gobernadora de Quintana Roo.<\/p>\n<p>Adem\u00e1s de que\u00a0es que las primeras cuatro cajas de vagones ya fueron aprobadas por el Fondo Nacional de Fomento al Turismo (Fonatur).<\/p>\n<p>As\u00ed como de\u00a0los organismos involucrados, los cuales a principios de marzo fueron pintados para que est\u00e9n en el taller.<\/p>\n<p>Al igual que de la\u00a0cochera de Canc\u00fan el 8 de julio, seg\u00fan informaci\u00f3n dada a conocer por Alstom.<\/p>\n<p>Dicha empresa, encargada del dise\u00f1o y construcci\u00f3n de los trenes.<\/p>\n<p>Con esto, ha informado adem\u00e1s que en total se construir\u00e1n en total tres talleres de mantenimiento en Esc\u00e1rcega, Canc\u00fan y Chetumal.<\/p>\n<h4>As\u00ed como seis cocheras en Esc\u00e1rcega, Campeche, M\u00e9rida, Canc\u00fan, Tulum y Chetumal.<\/h4>\n<p>Las instalaciones ocupan en su conjunto un total de 360 hect\u00e1reas, las cuales generan 6,695 empleos.<\/p>\n<p>De los cuales 4,985 son empleos durante la construcci\u00f3n y el resto durante la operaci\u00f3n de las mismas.<\/p>\n<p>Otros datos que se saben respecto de la operaci\u00f3n del tren es que el gobierno federal trabaja en la potencializaci\u00f3n del transporte de carga.<\/p>\n<p>Esto\u00a0con una terminal de intercambio en Palenque, que unir\u00e1 al tren con el Corredor Interoc\u00e9anico.<\/p>\n<p>As\u00ed como terminales multimodales en Campeche, Progreso, Canc\u00fan y Chetumal.<\/p>\n<p>De hecho, Fonatur ha informado que Pemex ser\u00e1 el principal cliente del Tren Maya.<\/p>\n<p>Esto\u00a0pues 80% de la capacidad de carga de todo el proyecto ser\u00e1 ocupado para movilizar combustible.<\/p>\n<p>Dicho combustible ser\u00e1 menos contaminante que el consumido en todo el pa\u00eds al tener una concentraci\u00f3n de s\u00f3lo 10 por partes de azufre por mill\u00f3n.<\/p>\n<p>As\u00ed como\u00a0contra las 500 partes por mill\u00f3n que tiene el diesel normal que se vende en el pa\u00eds.<\/p>\n<h4>Adem\u00e1s, a trav\u00e9s del Tren Maya se suministrar\u00e1 con este combustible a toda la pen\u00ednsula de Yucat\u00e1n.<\/h4>\n<p>Esto\u00a0tanto para el tren como para el consumo general en la regi\u00f3n.<\/p>\n<p>Se ha informado adem\u00e1s que con la entrada en operaci\u00f3n de la dos plantas de ciclo combinado de la Comisi\u00f3n Federal de Electricidad (CFE).<\/p>\n<p>El cual\u00a0se incrementar\u00e1 la capacidad de generaci\u00f3n de 3,002 a 4,521 megawatts la disponibilidad de energ\u00eda en la pen\u00ednsula de Yucat\u00e1n.<\/p>\n<p>As\u00ed como\u00a0para consumo no s\u00f3lo del tren, sino de usuarios en general.<\/p>\n<p>En los inicios del tren, se contratar\u00e1 a un operador y administrador temprano.<\/p>\n<p>As\u00ed como un sistema de boletaje, que paulatinamente ceder\u00e1 el control total de estas \u00e1reas al Ej\u00e9rcito.<\/p>\n<p>Por \u00faltimo, el Ej\u00e9rcito operar\u00e1 seis hoteles a lo largo de los 1,500 kil\u00f3metros de recorrido del Tren Maya, ubicados en Palenque (160 habitaciones); Edzn\u00e1 (160 habitaciones); Nuevo Uxmal (160 habitaciones).<\/p>\n<p>Adem\u00e1s de\u00a0Chich\u00e9n Itz\u00e1; (160 habitaciones); Tulum (352 habitaciones) y Calakmul (144 habitaciones).<\/p>\n","protected":false},"excerpt":{"rendered":"<p>Las primeras cuatro cajas de vagones ya fueron aprobadas por el Fondo Nacional de Fomento al Turismo. As\u00ed como de\u00a0los organismos involucrados en la construcci\u00f3n del Tren Maya. La gobernadora Mara Lezama anunci\u00f3 que en julio pr\u00f3ximo llegar\u00e1 el primer&#8230;<\/p>\n","protected":false},"author":1,"featured_media":12476,"comment_status":"open","ping_status":"open","sticky":false,"template":"","format":"standard","meta":{"footnotes":""},"categories":[10],"tags":[],"class_list":["post-12475","post","type-post","status-publish","format-standard","has-post-thumbnail","hentry","category-quintana-roo"],"yoast_head":"<!-- This site is optimized with the Yoast SEO plugin v27.4 - https:\/\/yoast.com\/product\/yoast-seo-wordpress\/ -->\n<title>Primer convoy del Tren Maya llega en julio a Quintana Roo<\/title>\n<meta name=\"description\" content=\"Primer convoy del Tren Maya llega en julio a Quintana Roo\" \/>\n<meta name=\"robots\" content=\"index, follow, max-snippet:-1, max-image-preview:large, max-video-preview:-1\" \/>\n<link rel=\"canonical\" href=\"https:\/\/whatsappmexico.com\/?p=12475\" \/>\n<meta property=\"og:locale\" content=\"es_ES\" \/>\n<meta property=\"og:type\" content=\"article\" \/>\n<meta property=\"og:title\" content=\"Primer convoy del Tren Maya llega en julio a Quintana Roo\" \/>\n<meta property=\"og:description\" content=\"Primer convoy del Tren Maya llega en julio a Quintana Roo\" \/>\n<meta property=\"og:url\" content=\"https:\/\/whatsappmexico.com\/?p=12475\" \/>\n<meta property=\"article:published_time\" content=\"2023-03-18T01:14:11+00:00\" \/>\n<meta property=\"og:image\" content=\"https:\/\/whatsappmexico.com\/wp-content\/uploads\/2023\/03\/22-15.jpg\" \/>\n\t<meta property=\"og:image:width\" content=\"310\" \/>\n\t<meta property=\"og:image:height\" content=\"163\" \/>\n\t<meta property=\"og:image:type\" content=\"image\/jpeg\" \/>\n<meta name=\"author\" content=\"admin\" \/>\n<meta name=\"twitter:card\" content=\"summary_large_image\" \/>\n<meta name=\"twitter:label1\" content=\"Escrito por\" \/>\n\t<meta name=\"twitter:data1\" content=\"admin\" \/>\n\t<meta name=\"twitter:label2\" content=\"Tiempo de lectura\" \/>\n\t<meta name=\"twitter:data2\" content=\"3 minutos\" \/>\n<script type=\"application\/ld+json\" class=\"yoast-schema-graph\">{\"@context\":\"https:\\\/\\\/schema.org\",\"@graph\":[{\"@type\":\"Article\",\"@id\":\"https:\\\/\\\/whatsappmexico.com\\\/?p=12475#article\",\"isPartOf\":{\"@id\":\"https:\\\/\\\/whatsappmexico.com\\\/?p=12475\"},\"author\":{\"name\":\"admin\",\"@id\":\"https:\\\/\\\/whatsappmexico.com\\\/#\\\/schema\\\/person\\\/082b02d197e5c0d9eeef91cf10d3643e\"},\"headline\":\"Primer convoy del Tren Maya llega en julio a Quintana Roo\",\"datePublished\":\"2023-03-18T01:14:11+00:00\",\"mainEntityOfPage\":{\"@id\":\"https:\\\/\\\/whatsappmexico.com\\\/?p=12475\"},\"wordCount\":565,\"commentCount\":0,\"image\":{\"@id\":\"https:\\\/\\\/whatsappmexico.com\\\/?p=12475#primaryimage\"},\"thumbnailUrl\":\"https:\\\/\\\/whatsappmexico.com\\\/wp-content\\\/uploads\\\/2023\\\/03\\\/22-15.jpg\",\"articleSection\":[\"Quintana Roo\"],\"inLanguage\":\"es\",\"potentialAction\":[{\"@type\":\"CommentAction\",\"name\":\"Comment\",\"target\":[\"https:\\\/\\\/whatsappmexico.com\\\/?p=12475#respond\"]}]},{\"@type\":\"WebPage\",\"@id\":\"https:\\\/\\\/whatsappmexico.com\\\/?p=12475\",\"url\":\"https:\\\/\\\/whatsappmexico.com\\\/?p=12475\",\"name\":\"Primer convoy del Tren Maya llega en julio a Quintana Roo\",\"isPartOf\":{\"@id\":\"https:\\\/\\\/whatsappmexico.com\\\/#website\"},\"primaryImageOfPage\":{\"@id\":\"https:\\\/\\\/whatsappmexico.com\\\/?p=12475#primaryimage\"},\"image\":{\"@id\":\"https:\\\/\\\/whatsappmexico.com\\\/?p=12475#primaryimage\"},\"thumbnailUrl\":\"https:\\\/\\\/whatsappmexico.com\\\/wp-content\\\/uploads\\\/2023\\\/03\\\/22-15.jpg\",\"datePublished\":\"2023-03-18T01:14:11+00:00\",\"author\":{\"@id\":\"https:\\\/\\\/whatsappmexico.com\\\/#\\\/schema\\\/person\\\/082b02d197e5c0d9eeef91cf10d3643e\"},\"description\":\"Primer convoy del Tren Maya llega en julio a Quintana Roo\",\"breadcrumb\":{\"@id\":\"https:\\\/\\\/whatsappmexico.com\\\/?p=12475#breadcrumb\"},\"inLanguage\":\"es\",\"potentialAction\":[{\"@type\":\"ReadAction\",\"target\":[\"https:\\\/\\\/whatsappmexico.com\\\/?p=12475\"]}]},{\"@type\":\"ImageObject\",\"inLanguage\":\"es\",\"@id\":\"https:\\\/\\\/whatsappmexico.com\\\/?p=12475#primaryimage\",\"url\":\"https:\\\/\\\/whatsappmexico.com\\\/wp-content\\\/uploads\\\/2023\\\/03\\\/22-15.jpg\",\"contentUrl\":\"https:\\\/\\\/whatsappmexico.com\\\/wp-content\\\/uploads\\\/2023\\\/03\\\/22-15.jpg\",\"width\":310,\"height\":163,\"caption\":\"Primer convoy del Tren Maya llega en julio a Quintana Roo\"},{\"@type\":\"BreadcrumbList\",\"@id\":\"https:\\\/\\\/whatsappmexico.com\\\/?p=12475#breadcrumb\",\"itemListElement\":[{\"@type\":\"ListItem\",\"position\":1,\"name\":\"Portada\",\"item\":\"https:\\\/\\\/whatsappmexico.com\\\/\"},{\"@type\":\"ListItem\",\"position\":2,\"name\":\"Primer convoy del Tren Maya llega en julio a Quintana Roo\"}]},{\"@type\":\"WebSite\",\"@id\":\"https:\\\/\\\/whatsappmexico.com\\\/#website\",\"url\":\"https:\\\/\\\/whatsappmexico.com\\\/\",\"name\":\"\",\"description\":\"La Noticia M\u00e1s R\u00e1pida\",\"potentialAction\":[{\"@type\":\"SearchAction\",\"target\":{\"@type\":\"EntryPoint\",\"urlTemplate\":\"https:\\\/\\\/whatsappmexico.com\\\/?s={search_term_string}\"},\"query-input\":{\"@type\":\"PropertyValueSpecification\",\"valueRequired\":true,\"valueName\":\"search_term_string\"}}],\"inLanguage\":\"es\"},{\"@type\":\"Person\",\"@id\":\"https:\\\/\\\/whatsappmexico.com\\\/#\\\/schema\\\/person\\\/082b02d197e5c0d9eeef91cf10d3643e\",\"name\":\"admin\",\"image\":{\"@type\":\"ImageObject\",\"inLanguage\":\"es\",\"@id\":\"https:\\\/\\\/secure.gravatar.com\\\/avatar\\\/c2e50278fd314cf93ecf18c6171760d6d7972373780a207099fd11e86caef7a0?s=96&d=mm&r=g\",\"url\":\"https:\\\/\\\/secure.gravatar.com\\\/avatar\\\/c2e50278fd314cf93ecf18c6171760d6d7972373780a207099fd11e86caef7a0?s=96&d=mm&r=g\",\"contentUrl\":\"https:\\\/\\\/secure.gravatar.com\\\/avatar\\\/c2e50278fd314cf93ecf18c6171760d6d7972373780a207099fd11e86caef7a0?s=96&d=mm&r=g\",\"caption\":\"admin\"},\"sameAs\":[\"https:\\\/\\\/whatsappmexico.com\"],\"url\":\"https:\\\/\\\/whatsappmexico.com\\\/?author=1\"}]}<\/script>\n<!-- \/ Yoast SEO plugin. -->","yoast_head_json":{"title":"Primer convoy del Tren Maya llega en julio a Quintana Roo","description":"Primer convoy del Tren Maya llega en julio a Quintana Roo","robots":{"index":"index","follow":"follow","max-snippet":"max-snippet:-1","max-image-preview":"max-image-preview:large","max-video-preview":"max-video-preview:-1"},"canonical":"https:\/\/whatsappmexico.com\/?p=12475","og_locale":"es_ES","og_type":"article","og_title":"Primer convoy del Tren Maya llega en julio a Quintana Roo","og_description":"Primer convoy del Tren Maya llega en julio a Quintana Roo","og_url":"https:\/\/whatsappmexico.com\/?p=12475","article_published_time":"2023-03-18T01:14:11+00:00","og_image":[{"width":310,"height":163,"url":"https:\/\/whatsappmexico.com\/wp-content\/uploads\/2023\/03\/22-15.jpg","type":"image\/jpeg"}],"author":"admin","twitter_card":"summary_large_image","twitter_misc":{"Escrito por":"admin","Tiempo de lectura":"3 minutos"},"schema":{"@context":"https:\/\/schema.org","@graph":[{"@type":"Article","@id":"https:\/\/whatsappmexico.com\/?p=12475#article","isPartOf":{"@id":"https:\/\/whatsappmexico.com\/?p=12475"},"author":{"name":"admin","@id":"https:\/\/whatsappmexico.com\/#\/schema\/person\/082b02d197e5c0d9eeef91cf10d3643e"},"headline":"Primer convoy del Tren Maya llega en julio a Quintana Roo","datePublished":"2023-03-18T01:14:11+00:00","mainEntityOfPage":{"@id":"https:\/\/whatsappmexico.com\/?p=12475"},"wordCount":565,"commentCount":0,"image":{"@id":"https:\/\/whatsappmexico.com\/?p=12475#primaryimage"},"thumbnailUrl":"https:\/\/whatsappmexico.com\/wp-content\/uploads\/2023\/03\/22-15.jpg","articleSection":["Quintana Roo"],"inLanguage":"es","potentialAction":[{"@type":"CommentAction","name":"Comment","target":["https:\/\/whatsappmexico.com\/?p=12475#respond"]}]},{"@type":"WebPage","@id":"https:\/\/whatsappmexico.com\/?p=12475","url":"https:\/\/whatsappmexico.com\/?p=12475","name":"Primer convoy del Tren Maya llega en julio a Quintana Roo","isPartOf":{"@id":"https:\/\/whatsappmexico.com\/#website"},"primaryImageOfPage":{"@id":"https:\/\/whatsappmexico.com\/?p=12475#primaryimage"},"image":{"@id":"https:\/\/whatsappmexico.com\/?p=12475#primaryimage"},"thumbnailUrl":"https:\/\/whatsappmexico.com\/wp-content\/uploads\/2023\/03\/22-15.jpg","datePublished":"2023-03-18T01:14:11+00:00","author":{"@id":"https:\/\/whatsappmexico.com\/#\/schema\/person\/082b02d197e5c0d9eeef91cf10d3643e"},"description":"Primer convoy del Tren Maya llega en julio a Quintana Roo","breadcrumb":{"@id":"https:\/\/whatsappmexico.com\/?p=12475#breadcrumb"},"inLanguage":"es","potentialAction":[{"@type":"ReadAction","target":["https:\/\/whatsappmexico.com\/?p=12475"]}]},{"@type":"ImageObject","inLanguage":"es","@id":"https:\/\/whatsappmexico.com\/?p=12475#primaryimage","url":"https:\/\/whatsappmexico.com\/wp-content\/uploads\/2023\/03\/22-15.jpg","contentUrl":"https:\/\/whatsappmexico.com\/wp-content\/uploads\/2023\/03\/22-15.jpg","width":310,"height":163,"caption":"Primer convoy del Tren Maya llega en julio a Quintana Roo"},{"@type":"BreadcrumbList","@id":"https:\/\/whatsappmexico.com\/?p=12475#breadcrumb","itemListElement":[{"@type":"ListItem","position":1,"name":"Portada","item":"https:\/\/whatsappmexico.com\/"},{"@type":"ListItem","position":2,"name":"Primer convoy del Tren Maya llega en julio a Quintana Roo"}]},{"@type":"WebSite","@id":"https:\/\/whatsappmexico.com\/#website","url":"https:\/\/whatsappmexico.com\/","name":"","description":"La Noticia M\u00e1s R\u00e1pida","potentialAction":[{"@type":"SearchAction","target":{"@type":"EntryPoint","urlTemplate":"https:\/\/whatsappmexico.com\/?s={search_term_string}"},"query-input":{"@type":"PropertyValueSpecification","valueRequired":true,"valueName":"search_term_string"}}],"inLanguage":"es"},{"@type":"Person","@id":"https:\/\/whatsappmexico.com\/#\/schema\/person\/082b02d197e5c0d9eeef91cf10d3643e","name":"admin","image":{"@type":"ImageObject","inLanguage":"es","@id":"https:\/\/secure.gravatar.com\/avatar\/c2e50278fd314cf93ecf18c6171760d6d7972373780a207099fd11e86caef7a0?s=96&d=mm&r=g","url":"https:\/\/secure.gravatar.com\/avatar\/c2e50278fd314cf93ecf18c6171760d6d7972373780a207099fd11e86caef7a0?s=96&d=mm&r=g","contentUrl":"https:\/\/secure.gravatar.com\/avatar\/c2e50278fd314cf93ecf18c6171760d6d7972373780a207099fd11e86caef7a0?s=96&d=mm&r=g","caption":"admin"},"sameAs":["https:\/\/whatsappmexico.com"],"url":"https:\/\/whatsappmexico.com\/?author=1"}]}},"_links":{"self":[{"href":"https:\/\/whatsappmexico.com\/index.php?rest_route=\/wp\/v2\/posts\/12475","targetHints":{"allow":["GET"]}}],"collection":[{"href":"https:\/\/whatsappmexico.com\/index.php?rest_route=\/wp\/v2\/posts"}],"about":[{"href":"https:\/\/whatsappmexico.com\/index.php?rest_route=\/wp\/v2\/types\/post"}],"author":[{"embeddable":true,"href":"https:\/\/whatsappmexico.com\/index.php?rest_route=\/wp\/v2\/users\/1"}],"replies":[{"embeddable":true,"href":"https:\/\/whatsappmexico.com\/index.php?rest_route=%2Fwp%2Fv2%2Fcomments&post=12475"}],"version-history":[{"count":1,"href":"https:\/\/whatsappmexico.com\/index.php?rest_route=\/wp\/v2\/posts\/12475\/revisions"}],"predecessor-version":[{"id":12477,"href":"https:\/\/whatsappmexico.com\/index.php?rest_route=\/wp\/v2\/posts\/12475\/revisions\/12477"}],"wp:featuredmedia":[{"embeddable":true,"href":"https:\/\/whatsappmexico.com\/index.php?rest_route=\/wp\/v2\/media\/12476"}],"wp:attachment":[{"href":"https:\/\/whatsappmexico.com\/index.php?rest_route=%2Fwp%2Fv2%2Fmedia&parent=12475"}],"wp:term":[{"taxonomy":"category","embeddable":true,"href":"https:\/\/whatsappmexico.com\/index.php?rest_route=%2Fwp%2Fv2%2Fcategories&post=12475"},{"taxonomy":"post_tag","embeddable":true,"href":"https:\/\/whatsappmexico.com\/index.php?rest_route=%2Fwp%2Fv2%2Ftags&post=12475"}],"curies":[{"name":"wp","href":"https:\/\/api.w.org\/{rel}","templated":true}]}}