{"id":13113,"date":"2023-05-03T22:42:44","date_gmt":"2023-05-03T22:42:44","guid":{"rendered":"https:\/\/whatsappmexico.com\/?p=13113"},"modified":"2023-05-03T22:42:44","modified_gmt":"2023-05-03T22:42:44","slug":"avanza-el-combate-frontal-del-dengue-en-quintana-roo-sesa","status":"publish","type":"post","link":"https:\/\/whatsappmexico.com\/?p=13113","title":{"rendered":"Avanza el combate frontal del dengue en Quintana Roo: SESA"},"content":{"rendered":"<h4>Personal de vigilancia epidemiol\u00f3gica y de salud invitan a las y los ciudadanos a no bajar la guardia, mantener limpios patios, azoteas, tinacos y cisternas<\/h4>\n<p>El director general del Centro Nacional de Prevenci\u00f3n y Control de Enfermedades (CENAPRECE) Ruy L\u00f3pez Ridaura.<\/p>\n<p>El cual\u00a0encabez\u00f3 la Reuni\u00f3n de Evaluaci\u00f3n de las Acciones Operativas de Combate contra el dengue.<\/p>\n<p>Esto\u00a0en la que destacaron los avances en la estrategia de control de esta enfermedad en Quintana Roo.<\/p>\n<p>Durante la reuni\u00f3n se present\u00f3 el corte de las acciones realizadas en contra el dengue que coloca a Quintana Roo.<\/p>\n<p>Esto en primer lugar nacional con m\u00e1s personas diagnosticadas con este padecimiento, pero cuya incidencia ha ido a la baja en las \u00faltimas semanas.<\/p>\n<p>De acuerdo con el reporte en la semana epidemiol\u00f3gica n\u00famero 10 se registr\u00f3 una tasa de incidencia de dengue del 7.39 .<\/p>\n<p>As\u00ed como por cada 100 mil habitantes, mientras que a la semana epidemiol\u00f3gica n\u00famero 16.<\/p>\n<p>Adem\u00e1s de\u00a0la tasa de incidencia disminuy\u00f3 a 1.45 por cada 100 mil habitantes.<\/p>\n<p>Autoridades sanitarias invitan a la poblaci\u00f3n a sumarse a las acciones para el control de criaderos.<\/p>\n<h4>As\u00ed como de larvas dentro de casas, escuelas, edificios, actividad primordial para mantener baja la poblaci\u00f3n de moscos adultos.<\/h4>\n<p>Esto en\u00a0que transmiten el dengue, zika y chikungunya.<\/p>\n<p>Al respecto el secretario de Salud en el Estado, Flavio Carlos Rosado, dijo que es prioridad de la gobernadora Mara Lezama Espinosa.<\/p>\n<p>As\u00ed como\u00a0que las y los quintanarroenses gocen de servicios de calidad y buena salud.<\/p>\n<p>As\u00ed\u00a0como se establece en el Nuevo Acuerdo por el Bienestar y Desarrollo de Quintana Roo;<\/p>\n<p>Asimismo, pidi\u00f3 a la poblaci\u00f3n que: \u201cAbra las puertas de sus hogares al personal de vectores debidamente acreditados y uniformados\u00bb.<\/p>\n<p>\u00abCon esto, para que realicen sus labores de cuidado a la salud de las y los quintanarroenses\u201d.<\/p>\n<p>Adem\u00e1s de estar\u00a0agradeci\u00f3 las gestiones de la gobernadora Mara Lezama Espinosa.<\/p>\n<p>As\u00ed como el respaldo del Subsecretario de Prevenci\u00f3n y Promoci\u00f3n a la Salud del Gobierno de M\u00e9xico, Hugo L\u00f3pez-Gatell Ram\u00edrez.<\/p>\n<p>Adem\u00e1s del propio Ruy L\u00f3pez Ridaura, para implementar la estrategia de combate al dengue.<\/p>\n<p>Record\u00f3 que las m\u00e1ximas autoridades en materia de vigilancia epidemiol\u00f3gica apoyaron desde el mes de marzo a Quintana Roo con recursos.<\/p>\n<h4>As\u00ed como con\u00a0veh\u00edculos y maquinaria para el desarrollo de las acciones de combate al dengue en las \u00faltimas semanas.<\/h4>\n<p>El titular de la SESA, afirm\u00f3 que este ejercicio para medir el desempe\u00f1o de las estrategias para el combate al dengue.<\/p>\n<p>El cual\u00a0es tan importante como el desarrollo de las propias acciones operativas.<\/p>\n<p>Adem\u00e1s de que\u00a0pues permite confirmar si se est\u00e1 cumpliendo con los objetivos o si es necesario modificar la estrategia.<\/p>\n<p>Por su parte, Ruy L\u00f3pez Ridaura destac\u00f3 el liderazgo de la gobernadora de Quintana Roo Mara Lezama.<\/p>\n<p>Adem\u00e1s de que se reconoci\u00f3 el trabajo de la SESA, y de todos los trabajadores que participan en la estrategia de combate al dengue.<\/p>\n<p>\u201cEn general veo que con los reportes que me ha dado mi equipo y las que ustedes reportaron ahora, creo que las cosas se han hecho bien\u201d.<\/p>\n<p>\u201cAs\u00ed como, lo que se ve con las estad\u00edsticas de la disminuci\u00f3n de casos\u201d, expres\u00f3.<\/p>\n<p>Reconoci\u00f3 que falta mucho por hacer, pero de la mano de la ciudadan\u00eda se podr\u00e1 avanzar.<\/p>\n<p>El cual es el\u00a0principalmente ahora en la temporada de lluvias y huracanes 2023, concluy\u00f3.<\/p>\n","protected":false},"excerpt":{"rendered":"<p>Personal de vigilancia epidemiol\u00f3gica y de salud invitan a las y los ciudadanos a no bajar la guardia, mantener limpios patios, azoteas, tinacos y cisternas El director general del Centro Nacional de Prevenci\u00f3n y Control de Enfermedades (CENAPRECE) Ruy L\u00f3pez&#8230;<\/p>\n","protected":false},"author":1,"featured_media":13114,"comment_status":"open","ping_status":"open","sticky":false,"template":"","format":"standard","meta":{"footnotes":""},"categories":[10],"tags":[],"class_list":["post-13113","post","type-post","status-publish","format-standard","has-post-thumbnail","hentry","category-quintana-roo"],"yoast_head":"<!-- This site is optimized with the Yoast SEO plugin v27.4 - https:\/\/yoast.com\/product\/yoast-seo-wordpress\/ -->\n<title>Avanza el combate frontal del dengue en Quintana Roo: SESA<\/title>\n<meta name=\"description\" content=\"Avanza el combate frontal del dengue en Quintana Roo: SESA\" \/>\n<meta name=\"robots\" content=\"index, follow, max-snippet:-1, max-image-preview:large, max-video-preview:-1\" \/>\n<link rel=\"canonical\" href=\"https:\/\/whatsappmexico.com\/?p=13113\" \/>\n<meta property=\"og:locale\" content=\"es_ES\" \/>\n<meta property=\"og:type\" content=\"article\" \/>\n<meta property=\"og:title\" content=\"Avanza el combate frontal del dengue en Quintana Roo: SESA\" \/>\n<meta property=\"og:description\" content=\"Avanza el combate frontal del dengue en Quintana Roo: SESA\" \/>\n<meta property=\"og:url\" content=\"https:\/\/whatsappmexico.com\/?p=13113\" \/>\n<meta property=\"article:published_time\" content=\"2023-05-03T22:42:44+00:00\" \/>\n<meta property=\"og:image\" content=\"https:\/\/whatsappmexico.com\/wp-content\/uploads\/2023\/05\/2222-2.jpg\" \/>\n\t<meta property=\"og:image:width\" content=\"275\" \/>\n\t<meta property=\"og:image:height\" content=\"183\" \/>\n\t<meta property=\"og:image:type\" content=\"image\/jpeg\" \/>\n<meta name=\"author\" content=\"admin\" \/>\n<meta name=\"twitter:card\" content=\"summary_large_image\" \/>\n<meta name=\"twitter:label1\" content=\"Escrito por\" \/>\n\t<meta name=\"twitter:data1\" content=\"admin\" \/>\n\t<meta name=\"twitter:label2\" content=\"Tiempo de lectura\" \/>\n\t<meta name=\"twitter:data2\" content=\"3 minutos\" \/>\n<script type=\"application\/ld+json\" class=\"yoast-schema-graph\">{\"@context\":\"https:\\\/\\\/schema.org\",\"@graph\":[{\"@type\":\"Article\",\"@id\":\"https:\\\/\\\/whatsappmexico.com\\\/?p=13113#article\",\"isPartOf\":{\"@id\":\"https:\\\/\\\/whatsappmexico.com\\\/?p=13113\"},\"author\":{\"name\":\"admin\",\"@id\":\"https:\\\/\\\/whatsappmexico.com\\\/#\\\/schema\\\/person\\\/082b02d197e5c0d9eeef91cf10d3643e\"},\"headline\":\"Avanza el combate frontal del dengue en Quintana Roo: SESA\",\"datePublished\":\"2023-05-03T22:42:44+00:00\",\"mainEntityOfPage\":{\"@id\":\"https:\\\/\\\/whatsappmexico.com\\\/?p=13113\"},\"wordCount\":594,\"commentCount\":0,\"image\":{\"@id\":\"https:\\\/\\\/whatsappmexico.com\\\/?p=13113#primaryimage\"},\"thumbnailUrl\":\"https:\\\/\\\/whatsappmexico.com\\\/wp-content\\\/uploads\\\/2023\\\/05\\\/2222-2.jpg\",\"articleSection\":[\"Quintana Roo\"],\"inLanguage\":\"es\",\"potentialAction\":[{\"@type\":\"CommentAction\",\"name\":\"Comment\",\"target\":[\"https:\\\/\\\/whatsappmexico.com\\\/?p=13113#respond\"]}]},{\"@type\":\"WebPage\",\"@id\":\"https:\\\/\\\/whatsappmexico.com\\\/?p=13113\",\"url\":\"https:\\\/\\\/whatsappmexico.com\\\/?p=13113\",\"name\":\"Avanza el combate frontal del dengue en Quintana Roo: SESA\",\"isPartOf\":{\"@id\":\"https:\\\/\\\/whatsappmexico.com\\\/#website\"},\"primaryImageOfPage\":{\"@id\":\"https:\\\/\\\/whatsappmexico.com\\\/?p=13113#primaryimage\"},\"image\":{\"@id\":\"https:\\\/\\\/whatsappmexico.com\\\/?p=13113#primaryimage\"},\"thumbnailUrl\":\"https:\\\/\\\/whatsappmexico.com\\\/wp-content\\\/uploads\\\/2023\\\/05\\\/2222-2.jpg\",\"datePublished\":\"2023-05-03T22:42:44+00:00\",\"author\":{\"@id\":\"https:\\\/\\\/whatsappmexico.com\\\/#\\\/schema\\\/person\\\/082b02d197e5c0d9eeef91cf10d3643e\"},\"description\":\"Avanza el combate frontal del dengue en Quintana Roo: SESA\",\"breadcrumb\":{\"@id\":\"https:\\\/\\\/whatsappmexico.com\\\/?p=13113#breadcrumb\"},\"inLanguage\":\"es\",\"potentialAction\":[{\"@type\":\"ReadAction\",\"target\":[\"https:\\\/\\\/whatsappmexico.com\\\/?p=13113\"]}]},{\"@type\":\"ImageObject\",\"inLanguage\":\"es\",\"@id\":\"https:\\\/\\\/whatsappmexico.com\\\/?p=13113#primaryimage\",\"url\":\"https:\\\/\\\/whatsappmexico.com\\\/wp-content\\\/uploads\\\/2023\\\/05\\\/2222-2.jpg\",\"contentUrl\":\"https:\\\/\\\/whatsappmexico.com\\\/wp-content\\\/uploads\\\/2023\\\/05\\\/2222-2.jpg\",\"width\":275,\"height\":183,\"caption\":\"Avanza el combate frontal del dengue en Quintana Roo: SESA\"},{\"@type\":\"BreadcrumbList\",\"@id\":\"https:\\\/\\\/whatsappmexico.com\\\/?p=13113#breadcrumb\",\"itemListElement\":[{\"@type\":\"ListItem\",\"position\":1,\"name\":\"Portada\",\"item\":\"https:\\\/\\\/whatsappmexico.com\\\/\"},{\"@type\":\"ListItem\",\"position\":2,\"name\":\"Avanza el combate frontal del dengue en Quintana Roo: SESA\"}]},{\"@type\":\"WebSite\",\"@id\":\"https:\\\/\\\/whatsappmexico.com\\\/#website\",\"url\":\"https:\\\/\\\/whatsappmexico.com\\\/\",\"name\":\"\",\"description\":\"La Noticia M\u00e1s R\u00e1pida\",\"potentialAction\":[{\"@type\":\"SearchAction\",\"target\":{\"@type\":\"EntryPoint\",\"urlTemplate\":\"https:\\\/\\\/whatsappmexico.com\\\/?s={search_term_string}\"},\"query-input\":{\"@type\":\"PropertyValueSpecification\",\"valueRequired\":true,\"valueName\":\"search_term_string\"}}],\"inLanguage\":\"es\"},{\"@type\":\"Person\",\"@id\":\"https:\\\/\\\/whatsappmexico.com\\\/#\\\/schema\\\/person\\\/082b02d197e5c0d9eeef91cf10d3643e\",\"name\":\"admin\",\"image\":{\"@type\":\"ImageObject\",\"inLanguage\":\"es\",\"@id\":\"https:\\\/\\\/secure.gravatar.com\\\/avatar\\\/c2e50278fd314cf93ecf18c6171760d6d7972373780a207099fd11e86caef7a0?s=96&d=mm&r=g\",\"url\":\"https:\\\/\\\/secure.gravatar.com\\\/avatar\\\/c2e50278fd314cf93ecf18c6171760d6d7972373780a207099fd11e86caef7a0?s=96&d=mm&r=g\",\"contentUrl\":\"https:\\\/\\\/secure.gravatar.com\\\/avatar\\\/c2e50278fd314cf93ecf18c6171760d6d7972373780a207099fd11e86caef7a0?s=96&d=mm&r=g\",\"caption\":\"admin\"},\"sameAs\":[\"https:\\\/\\\/whatsappmexico.com\"],\"url\":\"https:\\\/\\\/whatsappmexico.com\\\/?author=1\"}]}<\/script>\n<!-- \/ Yoast SEO plugin. -->","yoast_head_json":{"title":"Avanza el combate frontal del dengue en Quintana Roo: SESA","description":"Avanza el combate frontal del dengue en Quintana Roo: SESA","robots":{"index":"index","follow":"follow","max-snippet":"max-snippet:-1","max-image-preview":"max-image-preview:large","max-video-preview":"max-video-preview:-1"},"canonical":"https:\/\/whatsappmexico.com\/?p=13113","og_locale":"es_ES","og_type":"article","og_title":"Avanza el combate frontal del dengue en Quintana Roo: SESA","og_description":"Avanza el combate frontal del dengue en Quintana Roo: SESA","og_url":"https:\/\/whatsappmexico.com\/?p=13113","article_published_time":"2023-05-03T22:42:44+00:00","og_image":[{"width":275,"height":183,"url":"https:\/\/whatsappmexico.com\/wp-content\/uploads\/2023\/05\/2222-2.jpg","type":"image\/jpeg"}],"author":"admin","twitter_card":"summary_large_image","twitter_misc":{"Escrito por":"admin","Tiempo de lectura":"3 minutos"},"schema":{"@context":"https:\/\/schema.org","@graph":[{"@type":"Article","@id":"https:\/\/whatsappmexico.com\/?p=13113#article","isPartOf":{"@id":"https:\/\/whatsappmexico.com\/?p=13113"},"author":{"name":"admin","@id":"https:\/\/whatsappmexico.com\/#\/schema\/person\/082b02d197e5c0d9eeef91cf10d3643e"},"headline":"Avanza el combate frontal del dengue en Quintana Roo: SESA","datePublished":"2023-05-03T22:42:44+00:00","mainEntityOfPage":{"@id":"https:\/\/whatsappmexico.com\/?p=13113"},"wordCount":594,"commentCount":0,"image":{"@id":"https:\/\/whatsappmexico.com\/?p=13113#primaryimage"},"thumbnailUrl":"https:\/\/whatsappmexico.com\/wp-content\/uploads\/2023\/05\/2222-2.jpg","articleSection":["Quintana Roo"],"inLanguage":"es","potentialAction":[{"@type":"CommentAction","name":"Comment","target":["https:\/\/whatsappmexico.com\/?p=13113#respond"]}]},{"@type":"WebPage","@id":"https:\/\/whatsappmexico.com\/?p=13113","url":"https:\/\/whatsappmexico.com\/?p=13113","name":"Avanza el combate frontal del dengue en Quintana Roo: SESA","isPartOf":{"@id":"https:\/\/whatsappmexico.com\/#website"},"primaryImageOfPage":{"@id":"https:\/\/whatsappmexico.com\/?p=13113#primaryimage"},"image":{"@id":"https:\/\/whatsappmexico.com\/?p=13113#primaryimage"},"thumbnailUrl":"https:\/\/whatsappmexico.com\/wp-content\/uploads\/2023\/05\/2222-2.jpg","datePublished":"2023-05-03T22:42:44+00:00","author":{"@id":"https:\/\/whatsappmexico.com\/#\/schema\/person\/082b02d197e5c0d9eeef91cf10d3643e"},"description":"Avanza el combate frontal del dengue en Quintana Roo: SESA","breadcrumb":{"@id":"https:\/\/whatsappmexico.com\/?p=13113#breadcrumb"},"inLanguage":"es","potentialAction":[{"@type":"ReadAction","target":["https:\/\/whatsappmexico.com\/?p=13113"]}]},{"@type":"ImageObject","inLanguage":"es","@id":"https:\/\/whatsappmexico.com\/?p=13113#primaryimage","url":"https:\/\/whatsappmexico.com\/wp-content\/uploads\/2023\/05\/2222-2.jpg","contentUrl":"https:\/\/whatsappmexico.com\/wp-content\/uploads\/2023\/05\/2222-2.jpg","width":275,"height":183,"caption":"Avanza el combate frontal del dengue en Quintana Roo: SESA"},{"@type":"BreadcrumbList","@id":"https:\/\/whatsappmexico.com\/?p=13113#breadcrumb","itemListElement":[{"@type":"ListItem","position":1,"name":"Portada","item":"https:\/\/whatsappmexico.com\/"},{"@type":"ListItem","position":2,"name":"Avanza el combate frontal del dengue en Quintana Roo: SESA"}]},{"@type":"WebSite","@id":"https:\/\/whatsappmexico.com\/#website","url":"https:\/\/whatsappmexico.com\/","name":"","description":"La Noticia M\u00e1s R\u00e1pida","potentialAction":[{"@type":"SearchAction","target":{"@type":"EntryPoint","urlTemplate":"https:\/\/whatsappmexico.com\/?s={search_term_string}"},"query-input":{"@type":"PropertyValueSpecification","valueRequired":true,"valueName":"search_term_string"}}],"inLanguage":"es"},{"@type":"Person","@id":"https:\/\/whatsappmexico.com\/#\/schema\/person\/082b02d197e5c0d9eeef91cf10d3643e","name":"admin","image":{"@type":"ImageObject","inLanguage":"es","@id":"https:\/\/secure.gravatar.com\/avatar\/c2e50278fd314cf93ecf18c6171760d6d7972373780a207099fd11e86caef7a0?s=96&d=mm&r=g","url":"https:\/\/secure.gravatar.com\/avatar\/c2e50278fd314cf93ecf18c6171760d6d7972373780a207099fd11e86caef7a0?s=96&d=mm&r=g","contentUrl":"https:\/\/secure.gravatar.com\/avatar\/c2e50278fd314cf93ecf18c6171760d6d7972373780a207099fd11e86caef7a0?s=96&d=mm&r=g","caption":"admin"},"sameAs":["https:\/\/whatsappmexico.com"],"url":"https:\/\/whatsappmexico.com\/?author=1"}]}},"_links":{"self":[{"href":"https:\/\/whatsappmexico.com\/index.php?rest_route=\/wp\/v2\/posts\/13113","targetHints":{"allow":["GET"]}}],"collection":[{"href":"https:\/\/whatsappmexico.com\/index.php?rest_route=\/wp\/v2\/posts"}],"about":[{"href":"https:\/\/whatsappmexico.com\/index.php?rest_route=\/wp\/v2\/types\/post"}],"author":[{"embeddable":true,"href":"https:\/\/whatsappmexico.com\/index.php?rest_route=\/wp\/v2\/users\/1"}],"replies":[{"embeddable":true,"href":"https:\/\/whatsappmexico.com\/index.php?rest_route=%2Fwp%2Fv2%2Fcomments&post=13113"}],"version-history":[{"count":1,"href":"https:\/\/whatsappmexico.com\/index.php?rest_route=\/wp\/v2\/posts\/13113\/revisions"}],"predecessor-version":[{"id":13115,"href":"https:\/\/whatsappmexico.com\/index.php?rest_route=\/wp\/v2\/posts\/13113\/revisions\/13115"}],"wp:featuredmedia":[{"embeddable":true,"href":"https:\/\/whatsappmexico.com\/index.php?rest_route=\/wp\/v2\/media\/13114"}],"wp:attachment":[{"href":"https:\/\/whatsappmexico.com\/index.php?rest_route=%2Fwp%2Fv2%2Fmedia&parent=13113"}],"wp:term":[{"taxonomy":"category","embeddable":true,"href":"https:\/\/whatsappmexico.com\/index.php?rest_route=%2Fwp%2Fv2%2Fcategories&post=13113"},{"taxonomy":"post_tag","embeddable":true,"href":"https:\/\/whatsappmexico.com\/index.php?rest_route=%2Fwp%2Fv2%2Ftags&post=13113"}],"curies":[{"name":"wp","href":"https:\/\/api.w.org\/{rel}","templated":true}]}}