{"id":13340,"date":"2023-05-20T01:04:12","date_gmt":"2023-05-20T01:04:12","guid":{"rendered":"https:\/\/whatsappmexico.com\/?p=13340"},"modified":"2023-05-20T01:04:12","modified_gmt":"2023-05-20T01:04:12","slug":"el-insolito-rescate-de-una-adolescente-que-paso-una-semana-extraviada-en-la-selva-de-quintana-roo","status":"publish","type":"post","link":"https:\/\/whatsappmexico.com\/?p=13340","title":{"rendered":"El ins\u00f3lito rescate de una adolescente que pas\u00f3 una semana extraviada en la selva de Quintana Roo"},"content":{"rendered":"<h4>Un binomio canino fue el encargado de localizar a la menor de 13 a\u00f1os que hab\u00eda sido abandonada por su propio padre<\/h4>\n<p>Una menor de 13 a\u00f1os fue rescatada tras pasar casi 10 d\u00edas extraviada en la selva de Quintana Roo.<\/p>\n<p>Tras haber pasado poco m\u00e1s de una semana extraviada entre la escurridiza selva del estado de Quintana Roo.<\/p>\n<p>La cual\u00a0una menor de 13 a\u00f1os de edad identificada como Iris Onahi fue rescatada por personal de la Fiscal\u00eda General del Estado (FGE).<\/p>\n<p>Esto\u00a0en un manglar la tarde del pasado jueves 18 de mayo.<\/p>\n<p>De acuerdo con el comunicado emitido por la dependencia, el ins\u00f3lito rescate fue realizado por el Grupo de Coordinaci\u00f3n.<\/p>\n<p>Esto\u00a0para la Construcci\u00f3n de Paz y Seguridad de Quintana Roo, Polic\u00eda Rural, Bomberos.<\/p>\n<p>As\u00ed como la Comisi\u00f3n de B\u00fasqueda de Personas Desaparecidas y la Unidad Canina.<\/p>\n<p>A trav\u00e9s de videos que circulan en redes sociales es posible apreciar como un agente de la Fiscal\u00eda General del Estado (FGE).<\/p>\n<h4>El cual se\u00a0carga en sus hombros a la menor a quien por su propia seguridad cubrieron su rostro.<\/h4>\n<p>Adem\u00e1s de que\u00a0mientras el equipo de b\u00fasqueda les abre paso y capturan con dispositivos m\u00f3viles las diligencias de las autoridades estatales.<\/p>\n<p>Desde el pasado 10 de mayo, Iris Onahi permanec\u00eda en calidad de desaparecida en la comunidad de Subteniente L\u00f3pez.<\/p>\n<p>Esto\u00a0en el municipio de Oth\u00f3n P. Blanco por lo que la Fiscal\u00eda General del Estado (FGE) integr\u00f3 una carpeta de investigaci\u00f3n para su localizaci\u00f3n.<\/p>\n<p>Lo contrat\u00f3 para una obra, no le gust\u00f3 el trabajo y lo secuestr\u00f3 para recuperar el dinero que hab\u00eda invertido<\/p>\n<p>De este modo, las primeras pesquisas de la dependencia revelaron que desde a madrugada del 2 de mayo del a\u00f1o en curso.<\/p>\n<p>Adem\u00e1s de que\u00a0un hombre identificado como Sergio \u201cC\u201d se intern\u00f3 10 d\u00edas con sus tres hijos en una zona de monte.<\/p>\n<p>As\u00ed que en un\u00a0tiempo en el cual los menores de edad estuvieron privados de agua y alimentos.<\/p>\n<p>En dicho lapso, los agraviados fueron v\u00edctimas de violencia f\u00edsica y psicol\u00f3gica por parte de su padre.<\/p>\n<p>Adem\u00e1s de\u00a0quien los golpe\u00f3 en m\u00faltiples ocasiones con el mango de un machete.<\/p>\n<p>Esto\u00a0para posteriormente abandonar a la menor de 13 a\u00f1os en medio de la selva.<\/p>\n","protected":false},"excerpt":{"rendered":"<p>Un binomio canino fue el encargado de localizar a la menor de 13 a\u00f1os que hab\u00eda sido abandonada por su propio padre Una menor de 13 a\u00f1os fue rescatada tras pasar casi 10 d\u00edas extraviada en la selva de Quintana&#8230;<\/p>\n","protected":false},"author":1,"featured_media":13341,"comment_status":"open","ping_status":"open","sticky":false,"template":"","format":"standard","meta":{"footnotes":""},"categories":[10],"tags":[],"class_list":["post-13340","post","type-post","status-publish","format-standard","has-post-thumbnail","hentry","category-quintana-roo"],"yoast_head":"<!-- This site is optimized with the Yoast SEO plugin v27.5 - https:\/\/yoast.com\/product\/yoast-seo-wordpress\/ -->\n<title>El ins\u00f3lito rescate de una adolescente que pas\u00f3 una semana extraviada<\/title>\n<meta name=\"description\" content=\"El ins\u00f3lito rescate de una adolescente que pas\u00f3 una semana extraviada en la selva de Quintana Roo\" \/>\n<meta name=\"robots\" content=\"index, follow, max-snippet:-1, max-image-preview:large, max-video-preview:-1\" \/>\n<link rel=\"canonical\" href=\"https:\/\/whatsappmexico.com\/?p=13340\" \/>\n<meta property=\"og:locale\" content=\"es_ES\" \/>\n<meta property=\"og:type\" content=\"article\" \/>\n<meta property=\"og:title\" content=\"El ins\u00f3lito rescate de una adolescente que pas\u00f3 una semana extraviada\" \/>\n<meta property=\"og:description\" content=\"El ins\u00f3lito rescate de una adolescente que pas\u00f3 una semana extraviada en la selva de Quintana Roo\" \/>\n<meta property=\"og:url\" content=\"https:\/\/whatsappmexico.com\/?p=13340\" \/>\n<meta property=\"article:published_time\" content=\"2023-05-20T01:04:12+00:00\" \/>\n<meta property=\"og:image\" content=\"https:\/\/whatsappmexico.com\/wp-content\/uploads\/2023\/05\/WhatsApp-Image-2023-05-19-at-8.03.38-PM.jpeg\" \/>\n\t<meta property=\"og:image:width\" content=\"721\" \/>\n\t<meta property=\"og:image:height\" content=\"334\" \/>\n\t<meta property=\"og:image:type\" content=\"image\/jpeg\" \/>\n<meta name=\"author\" content=\"admin\" \/>\n<meta name=\"twitter:card\" content=\"summary_large_image\" \/>\n<meta name=\"twitter:label1\" content=\"Escrito por\" \/>\n\t<meta name=\"twitter:data1\" content=\"admin\" \/>\n\t<meta name=\"twitter:label2\" content=\"Tiempo de lectura\" \/>\n\t<meta name=\"twitter:data2\" content=\"2 minutos\" \/>\n<script type=\"application\/ld+json\" class=\"yoast-schema-graph\">{\"@context\":\"https:\\\/\\\/schema.org\",\"@graph\":[{\"@type\":\"Article\",\"@id\":\"https:\\\/\\\/whatsappmexico.com\\\/?p=13340#article\",\"isPartOf\":{\"@id\":\"https:\\\/\\\/whatsappmexico.com\\\/?p=13340\"},\"author\":{\"name\":\"admin\",\"@id\":\"https:\\\/\\\/whatsappmexico.com\\\/#\\\/schema\\\/person\\\/082b02d197e5c0d9eeef91cf10d3643e\"},\"headline\":\"El ins\u00f3lito rescate de una adolescente que pas\u00f3 una semana extraviada en la selva de Quintana Roo\",\"datePublished\":\"2023-05-20T01:04:12+00:00\",\"mainEntityOfPage\":{\"@id\":\"https:\\\/\\\/whatsappmexico.com\\\/?p=13340\"},\"wordCount\":419,\"commentCount\":0,\"image\":{\"@id\":\"https:\\\/\\\/whatsappmexico.com\\\/?p=13340#primaryimage\"},\"thumbnailUrl\":\"https:\\\/\\\/whatsappmexico.com\\\/wp-content\\\/uploads\\\/2023\\\/05\\\/WhatsApp-Image-2023-05-19-at-8.03.38-PM.jpeg\",\"articleSection\":[\"Quintana Roo\"],\"inLanguage\":\"es\",\"potentialAction\":[{\"@type\":\"CommentAction\",\"name\":\"Comment\",\"target\":[\"https:\\\/\\\/whatsappmexico.com\\\/?p=13340#respond\"]}]},{\"@type\":\"WebPage\",\"@id\":\"https:\\\/\\\/whatsappmexico.com\\\/?p=13340\",\"url\":\"https:\\\/\\\/whatsappmexico.com\\\/?p=13340\",\"name\":\"El ins\u00f3lito rescate de una adolescente que pas\u00f3 una semana extraviada\",\"isPartOf\":{\"@id\":\"https:\\\/\\\/whatsappmexico.com\\\/#website\"},\"primaryImageOfPage\":{\"@id\":\"https:\\\/\\\/whatsappmexico.com\\\/?p=13340#primaryimage\"},\"image\":{\"@id\":\"https:\\\/\\\/whatsappmexico.com\\\/?p=13340#primaryimage\"},\"thumbnailUrl\":\"https:\\\/\\\/whatsappmexico.com\\\/wp-content\\\/uploads\\\/2023\\\/05\\\/WhatsApp-Image-2023-05-19-at-8.03.38-PM.jpeg\",\"datePublished\":\"2023-05-20T01:04:12+00:00\",\"author\":{\"@id\":\"https:\\\/\\\/whatsappmexico.com\\\/#\\\/schema\\\/person\\\/082b02d197e5c0d9eeef91cf10d3643e\"},\"description\":\"El ins\u00f3lito rescate de una adolescente que pas\u00f3 una semana extraviada en la selva de Quintana Roo\",\"breadcrumb\":{\"@id\":\"https:\\\/\\\/whatsappmexico.com\\\/?p=13340#breadcrumb\"},\"inLanguage\":\"es\",\"potentialAction\":[{\"@type\":\"ReadAction\",\"target\":[\"https:\\\/\\\/whatsappmexico.com\\\/?p=13340\"]}]},{\"@type\":\"ImageObject\",\"inLanguage\":\"es\",\"@id\":\"https:\\\/\\\/whatsappmexico.com\\\/?p=13340#primaryimage\",\"url\":\"https:\\\/\\\/whatsappmexico.com\\\/wp-content\\\/uploads\\\/2023\\\/05\\\/WhatsApp-Image-2023-05-19-at-8.03.38-PM.jpeg\",\"contentUrl\":\"https:\\\/\\\/whatsappmexico.com\\\/wp-content\\\/uploads\\\/2023\\\/05\\\/WhatsApp-Image-2023-05-19-at-8.03.38-PM.jpeg\",\"width\":721,\"height\":334,\"caption\":\"El ins\u00f3lito rescate de una adolescente que pas\u00f3 una semana extraviada en la selva de Quintana Roo\"},{\"@type\":\"BreadcrumbList\",\"@id\":\"https:\\\/\\\/whatsappmexico.com\\\/?p=13340#breadcrumb\",\"itemListElement\":[{\"@type\":\"ListItem\",\"position\":1,\"name\":\"Portada\",\"item\":\"https:\\\/\\\/whatsappmexico.com\\\/\"},{\"@type\":\"ListItem\",\"position\":2,\"name\":\"El ins\u00f3lito rescate de una adolescente que pas\u00f3 una semana extraviada en la selva de Quintana Roo\"}]},{\"@type\":\"WebSite\",\"@id\":\"https:\\\/\\\/whatsappmexico.com\\\/#website\",\"url\":\"https:\\\/\\\/whatsappmexico.com\\\/\",\"name\":\"\",\"description\":\"La Noticia M\u00e1s R\u00e1pida\",\"potentialAction\":[{\"@type\":\"SearchAction\",\"target\":{\"@type\":\"EntryPoint\",\"urlTemplate\":\"https:\\\/\\\/whatsappmexico.com\\\/?s={search_term_string}\"},\"query-input\":{\"@type\":\"PropertyValueSpecification\",\"valueRequired\":true,\"valueName\":\"search_term_string\"}}],\"inLanguage\":\"es\"},{\"@type\":\"Person\",\"@id\":\"https:\\\/\\\/whatsappmexico.com\\\/#\\\/schema\\\/person\\\/082b02d197e5c0d9eeef91cf10d3643e\",\"name\":\"admin\",\"image\":{\"@type\":\"ImageObject\",\"inLanguage\":\"es\",\"@id\":\"https:\\\/\\\/secure.gravatar.com\\\/avatar\\\/c2e50278fd314cf93ecf18c6171760d6d7972373780a207099fd11e86caef7a0?s=96&d=mm&r=g\",\"url\":\"https:\\\/\\\/secure.gravatar.com\\\/avatar\\\/c2e50278fd314cf93ecf18c6171760d6d7972373780a207099fd11e86caef7a0?s=96&d=mm&r=g\",\"contentUrl\":\"https:\\\/\\\/secure.gravatar.com\\\/avatar\\\/c2e50278fd314cf93ecf18c6171760d6d7972373780a207099fd11e86caef7a0?s=96&d=mm&r=g\",\"caption\":\"admin\"},\"sameAs\":[\"https:\\\/\\\/whatsappmexico.com\"],\"url\":\"https:\\\/\\\/whatsappmexico.com\\\/?author=1\"}]}<\/script>\n<!-- \/ Yoast SEO plugin. -->","yoast_head_json":{"title":"El ins\u00f3lito rescate de una adolescente que pas\u00f3 una semana extraviada","description":"El ins\u00f3lito rescate de una adolescente que pas\u00f3 una semana extraviada en la selva de Quintana Roo","robots":{"index":"index","follow":"follow","max-snippet":"max-snippet:-1","max-image-preview":"max-image-preview:large","max-video-preview":"max-video-preview:-1"},"canonical":"https:\/\/whatsappmexico.com\/?p=13340","og_locale":"es_ES","og_type":"article","og_title":"El ins\u00f3lito rescate de una adolescente que pas\u00f3 una semana extraviada","og_description":"El ins\u00f3lito rescate de una adolescente que pas\u00f3 una semana extraviada en la selva de Quintana Roo","og_url":"https:\/\/whatsappmexico.com\/?p=13340","article_published_time":"2023-05-20T01:04:12+00:00","og_image":[{"width":721,"height":334,"url":"https:\/\/whatsappmexico.com\/wp-content\/uploads\/2023\/05\/WhatsApp-Image-2023-05-19-at-8.03.38-PM.jpeg","type":"image\/jpeg"}],"author":"admin","twitter_card":"summary_large_image","twitter_misc":{"Escrito por":"admin","Tiempo de lectura":"2 minutos"},"schema":{"@context":"https:\/\/schema.org","@graph":[{"@type":"Article","@id":"https:\/\/whatsappmexico.com\/?p=13340#article","isPartOf":{"@id":"https:\/\/whatsappmexico.com\/?p=13340"},"author":{"name":"admin","@id":"https:\/\/whatsappmexico.com\/#\/schema\/person\/082b02d197e5c0d9eeef91cf10d3643e"},"headline":"El ins\u00f3lito rescate de una adolescente que pas\u00f3 una semana extraviada en la selva de Quintana Roo","datePublished":"2023-05-20T01:04:12+00:00","mainEntityOfPage":{"@id":"https:\/\/whatsappmexico.com\/?p=13340"},"wordCount":419,"commentCount":0,"image":{"@id":"https:\/\/whatsappmexico.com\/?p=13340#primaryimage"},"thumbnailUrl":"https:\/\/whatsappmexico.com\/wp-content\/uploads\/2023\/05\/WhatsApp-Image-2023-05-19-at-8.03.38-PM.jpeg","articleSection":["Quintana Roo"],"inLanguage":"es","potentialAction":[{"@type":"CommentAction","name":"Comment","target":["https:\/\/whatsappmexico.com\/?p=13340#respond"]}]},{"@type":"WebPage","@id":"https:\/\/whatsappmexico.com\/?p=13340","url":"https:\/\/whatsappmexico.com\/?p=13340","name":"El ins\u00f3lito rescate de una adolescente que pas\u00f3 una semana extraviada","isPartOf":{"@id":"https:\/\/whatsappmexico.com\/#website"},"primaryImageOfPage":{"@id":"https:\/\/whatsappmexico.com\/?p=13340#primaryimage"},"image":{"@id":"https:\/\/whatsappmexico.com\/?p=13340#primaryimage"},"thumbnailUrl":"https:\/\/whatsappmexico.com\/wp-content\/uploads\/2023\/05\/WhatsApp-Image-2023-05-19-at-8.03.38-PM.jpeg","datePublished":"2023-05-20T01:04:12+00:00","author":{"@id":"https:\/\/whatsappmexico.com\/#\/schema\/person\/082b02d197e5c0d9eeef91cf10d3643e"},"description":"El ins\u00f3lito rescate de una adolescente que pas\u00f3 una semana extraviada en la selva de Quintana Roo","breadcrumb":{"@id":"https:\/\/whatsappmexico.com\/?p=13340#breadcrumb"},"inLanguage":"es","potentialAction":[{"@type":"ReadAction","target":["https:\/\/whatsappmexico.com\/?p=13340"]}]},{"@type":"ImageObject","inLanguage":"es","@id":"https:\/\/whatsappmexico.com\/?p=13340#primaryimage","url":"https:\/\/whatsappmexico.com\/wp-content\/uploads\/2023\/05\/WhatsApp-Image-2023-05-19-at-8.03.38-PM.jpeg","contentUrl":"https:\/\/whatsappmexico.com\/wp-content\/uploads\/2023\/05\/WhatsApp-Image-2023-05-19-at-8.03.38-PM.jpeg","width":721,"height":334,"caption":"El ins\u00f3lito rescate de una adolescente que pas\u00f3 una semana extraviada en la selva de Quintana Roo"},{"@type":"BreadcrumbList","@id":"https:\/\/whatsappmexico.com\/?p=13340#breadcrumb","itemListElement":[{"@type":"ListItem","position":1,"name":"Portada","item":"https:\/\/whatsappmexico.com\/"},{"@type":"ListItem","position":2,"name":"El ins\u00f3lito rescate de una adolescente que pas\u00f3 una semana extraviada en la selva de Quintana Roo"}]},{"@type":"WebSite","@id":"https:\/\/whatsappmexico.com\/#website","url":"https:\/\/whatsappmexico.com\/","name":"","description":"La Noticia M\u00e1s R\u00e1pida","potentialAction":[{"@type":"SearchAction","target":{"@type":"EntryPoint","urlTemplate":"https:\/\/whatsappmexico.com\/?s={search_term_string}"},"query-input":{"@type":"PropertyValueSpecification","valueRequired":true,"valueName":"search_term_string"}}],"inLanguage":"es"},{"@type":"Person","@id":"https:\/\/whatsappmexico.com\/#\/schema\/person\/082b02d197e5c0d9eeef91cf10d3643e","name":"admin","image":{"@type":"ImageObject","inLanguage":"es","@id":"https:\/\/secure.gravatar.com\/avatar\/c2e50278fd314cf93ecf18c6171760d6d7972373780a207099fd11e86caef7a0?s=96&d=mm&r=g","url":"https:\/\/secure.gravatar.com\/avatar\/c2e50278fd314cf93ecf18c6171760d6d7972373780a207099fd11e86caef7a0?s=96&d=mm&r=g","contentUrl":"https:\/\/secure.gravatar.com\/avatar\/c2e50278fd314cf93ecf18c6171760d6d7972373780a207099fd11e86caef7a0?s=96&d=mm&r=g","caption":"admin"},"sameAs":["https:\/\/whatsappmexico.com"],"url":"https:\/\/whatsappmexico.com\/?author=1"}]}},"_links":{"self":[{"href":"https:\/\/whatsappmexico.com\/index.php?rest_route=\/wp\/v2\/posts\/13340","targetHints":{"allow":["GET"]}}],"collection":[{"href":"https:\/\/whatsappmexico.com\/index.php?rest_route=\/wp\/v2\/posts"}],"about":[{"href":"https:\/\/whatsappmexico.com\/index.php?rest_route=\/wp\/v2\/types\/post"}],"author":[{"embeddable":true,"href":"https:\/\/whatsappmexico.com\/index.php?rest_route=\/wp\/v2\/users\/1"}],"replies":[{"embeddable":true,"href":"https:\/\/whatsappmexico.com\/index.php?rest_route=%2Fwp%2Fv2%2Fcomments&post=13340"}],"version-history":[{"count":1,"href":"https:\/\/whatsappmexico.com\/index.php?rest_route=\/wp\/v2\/posts\/13340\/revisions"}],"predecessor-version":[{"id":13342,"href":"https:\/\/whatsappmexico.com\/index.php?rest_route=\/wp\/v2\/posts\/13340\/revisions\/13342"}],"wp:featuredmedia":[{"embeddable":true,"href":"https:\/\/whatsappmexico.com\/index.php?rest_route=\/wp\/v2\/media\/13341"}],"wp:attachment":[{"href":"https:\/\/whatsappmexico.com\/index.php?rest_route=%2Fwp%2Fv2%2Fmedia&parent=13340"}],"wp:term":[{"taxonomy":"category","embeddable":true,"href":"https:\/\/whatsappmexico.com\/index.php?rest_route=%2Fwp%2Fv2%2Fcategories&post=13340"},{"taxonomy":"post_tag","embeddable":true,"href":"https:\/\/whatsappmexico.com\/index.php?rest_route=%2Fwp%2Fv2%2Ftags&post=13340"}],"curies":[{"name":"wp","href":"https:\/\/api.w.org\/{rel}","templated":true}]}}