{"id":23693,"date":"2025-04-12T11:25:23","date_gmt":"2025-04-12T16:25:23","guid":{"rendered":"https:\/\/whatsappmexico.com\/?p=23693"},"modified":"2025-04-13T19:39:38","modified_gmt":"2025-04-13T19:39:38","slug":"trump-se-somete-a-examen-medico-tengo-buen-corazon-y-buena-alma","status":"publish","type":"post","link":"https:\/\/whatsappmexico.com\/?p=23693","title":{"rendered":"Trump se somete a examen m\u00e9dico: \u00abtengo buen coraz\u00f3n y buena alma\u00bb"},"content":{"rendered":"<p>\ud83d\udd38 El presidente de Estados Unidos acudi\u00f3 con el doctor para su primera revisi\u00f3n anual desde que volvi\u00f3 al cargo.<\/p>\n<p>#ESTADOSUNIDOS | Donald Trump, que a sus 78 a\u00f1os es el presidente de m\u00e1s edad elegido en Estados Unidos, dijo ayer viernes estar en \u00abplena forma\u00bb tras someterse a su primer chequeo m\u00e9dico anual desde que regres\u00f3 al poder.<\/p>\n<p>\u00abEn general, me sent\u00ed en plena forma. Un buen coraz\u00f3n. Una buena alma. Una muy buena alma\u00bb, afirm\u00f3 el millonario a bordo del avi\u00f3n presidencial Air Force One, que lo llevaba a Florida tras pasar un chequeo en el hospital militar Walter Reed, cerca de Washington.<\/p>\n<p>Adem\u00e1s de las pruebas card\u00edacas asegura haber pasado un test cognitivo.<\/p>\n<p>\u00abQuer\u00eda ser un poco diferente a (el expresidente dem\u00f3crata Joe) Biden. Hice una prueba cognitiva. No s\u00e9 qu\u00e9 decirles, salvo que acert\u00e9 todas las respuestas\u00bb, cont\u00f3.<\/p>\n<p>El domingo se publicar\u00e1 un informe con los resultados, anunci\u00f3 Trump.<\/p>\n<p>El republicano ha presumido de estar sano desde que en enero comenz\u00f3 su segundo mandato en la Casa Blanca y suele burlarse de Biden, de 82 a\u00f1os, a quien consideraba senil e incapaz mentalmente para el cargo.<\/p>\n<p>\u00abTengo una buena alma\u00bb: A Trump se le ha acusado de falta de transparencia sobre su salud, en particular durante su primer mandato de 2017 a 2021.<\/p>\n<p>El magnate practica golf, no acostumbra beber alcohol ni fuma pero consume comida r\u00e1pida. Est\u00e1 m\u00e1s delgado que en su primer mandato.<\/p>\n<p>Los m\u00e9dicos personales y de la Casa Blanca de Trump han hecho en ocasiones afirmaciones extravagantes sobre su salud.<\/p>\n<p>En 2015, cuando Trump era candidato a la presidencia por primera vez, su m\u00e9dico Harold Bornstein public\u00f3 una carta diciendo que el magnate \u00absin lugar a dudas, ser\u00e1 el individuo m\u00e1s sano jam\u00e1s elegido\u00bb para el cargo.<br \/>\nM\u00e1s tarde, Bornstein declar\u00f3 a CNN que fue Trump quien \u00abdict\u00f3\u00bb la carta.<\/p>\n<p>Su m\u00e9dico de la Casa Blanca en su primer mandato, Ronny Jackson, dijo en 2018 que con una dieta m\u00e1s saludable Trump podr\u00eda \u00abvivir hasta los 200 a\u00f1os\u00bb.<\/p>\n<p>M\u00e1s tarde su informe recomend\u00f3 que perdiera peso pero asegur\u00f3 que goza de \u00abexcelente salud\u00bb.<\/p>\n<p>Un a\u00f1o despu\u00e9s Trump, que mide 1 metro 90 y pesaba 110 kilos, estaba t\u00e9cnicamente obeso y tomaba medicamentos para controlar el colesterol. En 2020 le dijo a Fox News que pas\u00f3 una prueba de deterioro cognitivo repitiendo la frase \u00abpersona, mujer, hombre, c\u00e1mara, televisor\u00bb.<\/p>\n","protected":false},"excerpt":{"rendered":"<p>\ud83d\udd38 El presidente de Estados Unidos acudi\u00f3 con el doctor para su primera revisi\u00f3n anual desde que volvi\u00f3 al cargo. #ESTADOSUNIDOS | Donald Trump, que a sus 78 a\u00f1os es el presidente de m\u00e1s edad elegido en Estados Unidos, dijo&#8230;<\/p>\n","protected":false},"author":1,"featured_media":23695,"comment_status":"open","ping_status":"closed","sticky":false,"template":"","format":"standard","meta":{"footnotes":""},"categories":[5],"tags":[],"class_list":["post-23693","post","type-post","status-publish","format-standard","has-post-thumbnail","hentry","category-internacional"],"yoast_head":"<!-- This site is optimized with the Yoast SEO plugin v27.4 - https:\/\/yoast.com\/product\/yoast-seo-wordpress\/ -->\n<title>Trump se somete a examen m\u00e9dico: &quot;tengo buen coraz\u00f3n y buena alma&quot; -<\/title>\n<meta name=\"robots\" content=\"index, follow, max-snippet:-1, max-image-preview:large, max-video-preview:-1\" \/>\n<link rel=\"canonical\" href=\"https:\/\/whatsappmexico.com\/?p=23693\" \/>\n<meta property=\"og:locale\" content=\"es_ES\" \/>\n<meta property=\"og:type\" content=\"article\" \/>\n<meta property=\"og:title\" content=\"Trump se somete a examen m\u00e9dico: &quot;tengo buen coraz\u00f3n y buena alma&quot; -\" \/>\n<meta property=\"og:description\" content=\"\ud83d\udd38 El presidente de Estados Unidos acudi\u00f3 con el doctor para su primera revisi\u00f3n anual desde que volvi\u00f3 al cargo. #ESTADOSUNIDOS | Donald Trump, que a sus 78 a\u00f1os es el presidente de m\u00e1s edad elegido en Estados Unidos, dijo...\" \/>\n<meta property=\"og:url\" content=\"https:\/\/whatsappmexico.com\/?p=23693\" \/>\n<meta property=\"article:published_time\" content=\"2025-04-12T16:25:23+00:00\" \/>\n<meta property=\"article:modified_time\" content=\"2025-04-13T19:39:38+00:00\" \/>\n<meta name=\"author\" content=\"admin\" \/>\n<meta name=\"twitter:card\" content=\"summary_large_image\" \/>\n<meta name=\"twitter:label1\" content=\"Escrito por\" \/>\n\t<meta name=\"twitter:data1\" content=\"admin\" \/>\n\t<meta name=\"twitter:label2\" content=\"Tiempo de lectura\" \/>\n\t<meta name=\"twitter:data2\" content=\"2 minutos\" \/>\n<script type=\"application\/ld+json\" class=\"yoast-schema-graph\">{\"@context\":\"https:\\\/\\\/schema.org\",\"@graph\":[{\"@type\":\"Article\",\"@id\":\"https:\\\/\\\/whatsappmexico.com\\\/?p=23693#article\",\"isPartOf\":{\"@id\":\"https:\\\/\\\/whatsappmexico.com\\\/?p=23693\"},\"author\":{\"name\":\"admin\",\"@id\":\"https:\\\/\\\/whatsappmexico.com\\\/#\\\/schema\\\/person\\\/082b02d197e5c0d9eeef91cf10d3643e\"},\"headline\":\"Trump se somete a examen m\u00e9dico: \u00abtengo buen coraz\u00f3n y buena alma\u00bb\",\"datePublished\":\"2025-04-12T16:25:23+00:00\",\"dateModified\":\"2025-04-13T19:39:38+00:00\",\"mainEntityOfPage\":{\"@id\":\"https:\\\/\\\/whatsappmexico.com\\\/?p=23693\"},\"wordCount\":424,\"commentCount\":0,\"image\":{\"@id\":\"https:\\\/\\\/whatsappmexico.com\\\/?p=23693#primaryimage\"},\"thumbnailUrl\":\"https:\\\/\\\/whatsappmexico.com\\\/wp-content\\\/uploads\\\/2025\\\/04\\\/WhatsApp-Image-2025-04-12-at-11.24.47.jpeg\",\"articleSection\":[\"Internacional\"],\"inLanguage\":\"es\",\"potentialAction\":[{\"@type\":\"CommentAction\",\"name\":\"Comment\",\"target\":[\"https:\\\/\\\/whatsappmexico.com\\\/?p=23693#respond\"]}]},{\"@type\":\"WebPage\",\"@id\":\"https:\\\/\\\/whatsappmexico.com\\\/?p=23693\",\"url\":\"https:\\\/\\\/whatsappmexico.com\\\/?p=23693\",\"name\":\"Trump se somete a examen m\u00e9dico: \\\"tengo buen coraz\u00f3n y buena alma\\\" -\",\"isPartOf\":{\"@id\":\"https:\\\/\\\/whatsappmexico.com\\\/#website\"},\"primaryImageOfPage\":{\"@id\":\"https:\\\/\\\/whatsappmexico.com\\\/?p=23693#primaryimage\"},\"image\":{\"@id\":\"https:\\\/\\\/whatsappmexico.com\\\/?p=23693#primaryimage\"},\"thumbnailUrl\":\"https:\\\/\\\/whatsappmexico.com\\\/wp-content\\\/uploads\\\/2025\\\/04\\\/WhatsApp-Image-2025-04-12-at-11.24.47.jpeg\",\"datePublished\":\"2025-04-12T16:25:23+00:00\",\"dateModified\":\"2025-04-13T19:39:38+00:00\",\"author\":{\"@id\":\"https:\\\/\\\/whatsappmexico.com\\\/#\\\/schema\\\/person\\\/082b02d197e5c0d9eeef91cf10d3643e\"},\"breadcrumb\":{\"@id\":\"https:\\\/\\\/whatsappmexico.com\\\/?p=23693#breadcrumb\"},\"inLanguage\":\"es\",\"potentialAction\":[{\"@type\":\"ReadAction\",\"target\":[\"https:\\\/\\\/whatsappmexico.com\\\/?p=23693\"]}]},{\"@type\":\"ImageObject\",\"inLanguage\":\"es\",\"@id\":\"https:\\\/\\\/whatsappmexico.com\\\/?p=23693#primaryimage\",\"url\":\"https:\\\/\\\/whatsappmexico.com\\\/wp-content\\\/uploads\\\/2025\\\/04\\\/WhatsApp-Image-2025-04-12-at-11.24.47.jpeg\",\"contentUrl\":\"https:\\\/\\\/whatsappmexico.com\\\/wp-content\\\/uploads\\\/2025\\\/04\\\/WhatsApp-Image-2025-04-12-at-11.24.47.jpeg\",\"width\":846,\"height\":474},{\"@type\":\"BreadcrumbList\",\"@id\":\"https:\\\/\\\/whatsappmexico.com\\\/?p=23693#breadcrumb\",\"itemListElement\":[{\"@type\":\"ListItem\",\"position\":1,\"name\":\"Portada\",\"item\":\"https:\\\/\\\/whatsappmexico.com\\\/\"},{\"@type\":\"ListItem\",\"position\":2,\"name\":\"Trump se somete a examen m\u00e9dico: \u00abtengo buen coraz\u00f3n y buena alma\u00bb\"}]},{\"@type\":\"WebSite\",\"@id\":\"https:\\\/\\\/whatsappmexico.com\\\/#website\",\"url\":\"https:\\\/\\\/whatsappmexico.com\\\/\",\"name\":\"\",\"description\":\"La Noticia M\u00e1s R\u00e1pida\",\"potentialAction\":[{\"@type\":\"SearchAction\",\"target\":{\"@type\":\"EntryPoint\",\"urlTemplate\":\"https:\\\/\\\/whatsappmexico.com\\\/?s={search_term_string}\"},\"query-input\":{\"@type\":\"PropertyValueSpecification\",\"valueRequired\":true,\"valueName\":\"search_term_string\"}}],\"inLanguage\":\"es\"},{\"@type\":\"Person\",\"@id\":\"https:\\\/\\\/whatsappmexico.com\\\/#\\\/schema\\\/person\\\/082b02d197e5c0d9eeef91cf10d3643e\",\"name\":\"admin\",\"image\":{\"@type\":\"ImageObject\",\"inLanguage\":\"es\",\"@id\":\"https:\\\/\\\/secure.gravatar.com\\\/avatar\\\/c2e50278fd314cf93ecf18c6171760d6d7972373780a207099fd11e86caef7a0?s=96&d=mm&r=g\",\"url\":\"https:\\\/\\\/secure.gravatar.com\\\/avatar\\\/c2e50278fd314cf93ecf18c6171760d6d7972373780a207099fd11e86caef7a0?s=96&d=mm&r=g\",\"contentUrl\":\"https:\\\/\\\/secure.gravatar.com\\\/avatar\\\/c2e50278fd314cf93ecf18c6171760d6d7972373780a207099fd11e86caef7a0?s=96&d=mm&r=g\",\"caption\":\"admin\"},\"sameAs\":[\"https:\\\/\\\/whatsappmexico.com\"],\"url\":\"https:\\\/\\\/whatsappmexico.com\\\/?author=1\"}]}<\/script>\n<!-- \/ Yoast SEO plugin. -->","yoast_head_json":{"title":"Trump se somete a examen m\u00e9dico: \"tengo buen coraz\u00f3n y buena alma\" -","robots":{"index":"index","follow":"follow","max-snippet":"max-snippet:-1","max-image-preview":"max-image-preview:large","max-video-preview":"max-video-preview:-1"},"canonical":"https:\/\/whatsappmexico.com\/?p=23693","og_locale":"es_ES","og_type":"article","og_title":"Trump se somete a examen m\u00e9dico: \"tengo buen coraz\u00f3n y buena alma\" -","og_description":"\ud83d\udd38 El presidente de Estados Unidos acudi\u00f3 con el doctor para su primera revisi\u00f3n anual desde que volvi\u00f3 al cargo. #ESTADOSUNIDOS | Donald Trump, que a sus 78 a\u00f1os es el presidente de m\u00e1s edad elegido en Estados Unidos, dijo...","og_url":"https:\/\/whatsappmexico.com\/?p=23693","article_published_time":"2025-04-12T16:25:23+00:00","article_modified_time":"2025-04-13T19:39:38+00:00","author":"admin","twitter_card":"summary_large_image","twitter_misc":{"Escrito por":"admin","Tiempo de lectura":"2 minutos"},"schema":{"@context":"https:\/\/schema.org","@graph":[{"@type":"Article","@id":"https:\/\/whatsappmexico.com\/?p=23693#article","isPartOf":{"@id":"https:\/\/whatsappmexico.com\/?p=23693"},"author":{"name":"admin","@id":"https:\/\/whatsappmexico.com\/#\/schema\/person\/082b02d197e5c0d9eeef91cf10d3643e"},"headline":"Trump se somete a examen m\u00e9dico: \u00abtengo buen coraz\u00f3n y buena alma\u00bb","datePublished":"2025-04-12T16:25:23+00:00","dateModified":"2025-04-13T19:39:38+00:00","mainEntityOfPage":{"@id":"https:\/\/whatsappmexico.com\/?p=23693"},"wordCount":424,"commentCount":0,"image":{"@id":"https:\/\/whatsappmexico.com\/?p=23693#primaryimage"},"thumbnailUrl":"https:\/\/whatsappmexico.com\/wp-content\/uploads\/2025\/04\/WhatsApp-Image-2025-04-12-at-11.24.47.jpeg","articleSection":["Internacional"],"inLanguage":"es","potentialAction":[{"@type":"CommentAction","name":"Comment","target":["https:\/\/whatsappmexico.com\/?p=23693#respond"]}]},{"@type":"WebPage","@id":"https:\/\/whatsappmexico.com\/?p=23693","url":"https:\/\/whatsappmexico.com\/?p=23693","name":"Trump se somete a examen m\u00e9dico: \"tengo buen coraz\u00f3n y buena alma\" -","isPartOf":{"@id":"https:\/\/whatsappmexico.com\/#website"},"primaryImageOfPage":{"@id":"https:\/\/whatsappmexico.com\/?p=23693#primaryimage"},"image":{"@id":"https:\/\/whatsappmexico.com\/?p=23693#primaryimage"},"thumbnailUrl":"https:\/\/whatsappmexico.com\/wp-content\/uploads\/2025\/04\/WhatsApp-Image-2025-04-12-at-11.24.47.jpeg","datePublished":"2025-04-12T16:25:23+00:00","dateModified":"2025-04-13T19:39:38+00:00","author":{"@id":"https:\/\/whatsappmexico.com\/#\/schema\/person\/082b02d197e5c0d9eeef91cf10d3643e"},"breadcrumb":{"@id":"https:\/\/whatsappmexico.com\/?p=23693#breadcrumb"},"inLanguage":"es","potentialAction":[{"@type":"ReadAction","target":["https:\/\/whatsappmexico.com\/?p=23693"]}]},{"@type":"ImageObject","inLanguage":"es","@id":"https:\/\/whatsappmexico.com\/?p=23693#primaryimage","url":"https:\/\/whatsappmexico.com\/wp-content\/uploads\/2025\/04\/WhatsApp-Image-2025-04-12-at-11.24.47.jpeg","contentUrl":"https:\/\/whatsappmexico.com\/wp-content\/uploads\/2025\/04\/WhatsApp-Image-2025-04-12-at-11.24.47.jpeg","width":846,"height":474},{"@type":"BreadcrumbList","@id":"https:\/\/whatsappmexico.com\/?p=23693#breadcrumb","itemListElement":[{"@type":"ListItem","position":1,"name":"Portada","item":"https:\/\/whatsappmexico.com\/"},{"@type":"ListItem","position":2,"name":"Trump se somete a examen m\u00e9dico: \u00abtengo buen coraz\u00f3n y buena alma\u00bb"}]},{"@type":"WebSite","@id":"https:\/\/whatsappmexico.com\/#website","url":"https:\/\/whatsappmexico.com\/","name":"","description":"La Noticia M\u00e1s R\u00e1pida","potentialAction":[{"@type":"SearchAction","target":{"@type":"EntryPoint","urlTemplate":"https:\/\/whatsappmexico.com\/?s={search_term_string}"},"query-input":{"@type":"PropertyValueSpecification","valueRequired":true,"valueName":"search_term_string"}}],"inLanguage":"es"},{"@type":"Person","@id":"https:\/\/whatsappmexico.com\/#\/schema\/person\/082b02d197e5c0d9eeef91cf10d3643e","name":"admin","image":{"@type":"ImageObject","inLanguage":"es","@id":"https:\/\/secure.gravatar.com\/avatar\/c2e50278fd314cf93ecf18c6171760d6d7972373780a207099fd11e86caef7a0?s=96&d=mm&r=g","url":"https:\/\/secure.gravatar.com\/avatar\/c2e50278fd314cf93ecf18c6171760d6d7972373780a207099fd11e86caef7a0?s=96&d=mm&r=g","contentUrl":"https:\/\/secure.gravatar.com\/avatar\/c2e50278fd314cf93ecf18c6171760d6d7972373780a207099fd11e86caef7a0?s=96&d=mm&r=g","caption":"admin"},"sameAs":["https:\/\/whatsappmexico.com"],"url":"https:\/\/whatsappmexico.com\/?author=1"}]}},"_links":{"self":[{"href":"https:\/\/whatsappmexico.com\/index.php?rest_route=\/wp\/v2\/posts\/23693","targetHints":{"allow":["GET"]}}],"collection":[{"href":"https:\/\/whatsappmexico.com\/index.php?rest_route=\/wp\/v2\/posts"}],"about":[{"href":"https:\/\/whatsappmexico.com\/index.php?rest_route=\/wp\/v2\/types\/post"}],"author":[{"embeddable":true,"href":"https:\/\/whatsappmexico.com\/index.php?rest_route=\/wp\/v2\/users\/1"}],"replies":[{"embeddable":true,"href":"https:\/\/whatsappmexico.com\/index.php?rest_route=%2Fwp%2Fv2%2Fcomments&post=23693"}],"version-history":[{"count":1,"href":"https:\/\/whatsappmexico.com\/index.php?rest_route=\/wp\/v2\/posts\/23693\/revisions"}],"predecessor-version":[{"id":23694,"href":"https:\/\/whatsappmexico.com\/index.php?rest_route=\/wp\/v2\/posts\/23693\/revisions\/23694"}],"wp:featuredmedia":[{"embeddable":true,"href":"https:\/\/whatsappmexico.com\/index.php?rest_route=\/wp\/v2\/media\/23695"}],"wp:attachment":[{"href":"https:\/\/whatsappmexico.com\/index.php?rest_route=%2Fwp%2Fv2%2Fmedia&parent=23693"}],"wp:term":[{"taxonomy":"category","embeddable":true,"href":"https:\/\/whatsappmexico.com\/index.php?rest_route=%2Fwp%2Fv2%2Fcategories&post=23693"},{"taxonomy":"post_tag","embeddable":true,"href":"https:\/\/whatsappmexico.com\/index.php?rest_route=%2Fwp%2Fv2%2Ftags&post=23693"}],"curies":[{"name":"wp","href":"https:\/\/api.w.org\/{rel}","templated":true}]}}