{"id":23917,"date":"2025-04-21T09:24:27","date_gmt":"2025-04-21T14:24:27","guid":{"rendered":"https:\/\/whatsappmexico.com\/?p=23917"},"modified":"2025-04-21T14:24:51","modified_gmt":"2025-04-21T14:24:51","slug":"muere-un-gran-humanista-lamenta-claudia-sheinbaum-el-fallecimiento-del-papa-francisco","status":"publish","type":"post","link":"https:\/\/whatsappmexico.com\/?p=23917","title":{"rendered":"\u201cMuere un gran humanista\u201d: lamenta Claudia Sheinbaum el fallecimiento del Papa Francisco"},"content":{"rendered":"<p>\ud83d\udd38\u00a0\u201cHaberlo conocido fue un honor\u201d, escribi\u00f3 la mandataria en sus\u00a0redes sociales.<\/p>\n<p>&nbsp;<\/p>\n<p>#NACIONAL | Muere el Papa Francisco, l\u00edder de la Iglesia Cat\u00f3lica desde 2013. Diversas figuras del gobierno de M\u00e9xico, incluida la presidenta Claudia Sheinbaum, reaccionaron a su fallecimiento con mensajes en redes sociales. La presidenta public\u00f3 en su cuenta de X un mensaje acompa\u00f1ado de una fotograf\u00eda con el pont\u00edfice, destacando su legado y expresando que haberlo conocido fue un honor.<\/p>\n<p>&nbsp;<\/p>\n<p>Reacci\u00f3n de Claudia Sheinbaum tras la muerte del Papa Francisco<\/p>\n<p>La presidenta Claudia Sheinbaum escribi\u00f3 en su cuenta oficial:<\/p>\n<p>&nbsp;<\/p>\n<p>\u201cMuere el Papa Francisco. Un humanista que opt\u00f3 por los pobres, la paz y la igualdad. Deja un gran legado de verdadero amor al pr\u00f3jimo. Para los cat\u00f3licos y los que no lo son, es una gran p\u00e9rdida. Haberlo conocido fue un gran honor y privilegio. Descanse en paz.\u201d<\/p>\n<p>&nbsp;<\/p>\n<p>La\u00a0<strong><b>secretaria de Gobernaci\u00f3n<\/b><\/strong>, Rosa Icela Rodr\u00edguez Vel\u00e1zquez, tambi\u00e9n expres\u00f3 su pesar por el deceso del Papa. Public\u00f3 un mensaje destacando su papel como primer pont\u00edfice latinoamericano y defensor de los pobres y la justicia, acompa\u00f1ado de una fotograf\u00eda del l\u00edder religioso. La funcionaria fue una de las primeras integrantes del gabinete en pronunciarse p\u00fablicamente.<\/p>\n<p>&nbsp;<\/p>\n<p>&nbsp;<\/p>\n<p>Adem\u00e1s, el\u00a0<strong><b>secretario de Econom\u00eda<\/b><\/strong>, Marcelo Ebrard, comparti\u00f3 en redes sociales un mensaje en el que lament\u00f3 la muerte del Papa.<\/p>\n<p>&nbsp;<\/p>\n<p>&nbsp;<\/p>\n<p>La\u00a0<strong><b>Conferencia del Episcopado Mexicano (CEM)<\/b><\/strong>\u00a0tambi\u00e9n se pronunci\u00f3 sobre el fallecimiento con un mensaje institucional en el que expres\u00f3 \u201cprofundo dolor\u201d.<\/p>\n<p>&nbsp;<\/p>\n<p>&nbsp;<\/p>\n<p>El Papa Francisco falleci\u00f3 a los\u00a0<strong><b>88 a\u00f1os<\/b><\/strong>\u00a0a las 07:35 (hora Vaticano) en su residencia del Vaticano, tras complicaciones por una\u00a0<strong><b>neumon\u00eda<\/b><\/strong>\u00a0que lo mantuvo hospitalizado durante 38 d\u00edas. La informaci\u00f3n fue confirmada por el cardenal camarlengo Kevin Farrell en un comunicado oficial difundido por el Vaticano.<\/p>\n<p>Un d\u00eda antes, el Papa tuvo su \u00faltima aparici\u00f3n p\u00fablica desde el balc\u00f3n de la bas\u00edlica de San Pedro durante el domingo de Pascua.<\/p>\n<h2><strong><b>La Catedral Metropolitana de CDMX activa protocolo por muerte del Papa<\/b><\/strong><\/h2>\n<p>En la\u00a0<strong><b>Catedral Metropolitana de la Ciudad de M\u00e9xico<\/b><\/strong>, se activ\u00f3 el\u00a0<strong><b>protocolo lit\u00fargico<\/b><\/strong>\u00a0correspondiente a la sede vacante. Bajo la direcci\u00f3n del Campanero Mayor Ernesto P\u00e9rez, se realizaron\u00a0<strong><b>100 campanadas f\u00fanebres<\/b><\/strong>\u00a0desde la campana Santa Mar\u00eda de Guadalupe, acci\u00f3n que se escuch\u00f3 en varios puntos del Centro Hist\u00f3rico.<\/p>\n<p>&nbsp;<\/p>\n<p>La cuenta oficial de la Catedral public\u00f3 un mensaje donde se elevan oraciones \u201cpor el regreso a la Casa del Padre de nuestro amado Papa Francisco\u201d.<\/p>\n<h3><strong><b>Reacciones internacionales tras la muerte del Papa Francisco<\/b><\/strong><\/h3>\n<p>L\u00edderes de distintos pa\u00edses tambi\u00e9n se pronunciaron. Entre ellos se encuentran:<\/p>\n<ul>\n<li><b><\/b><strong><b>Javier Milei<\/b><\/strong>, presidente de Argentina<\/li>\n<li><b><\/b><strong><b>Pedro S\u00e1nchez<\/b><\/strong>, presidente del Gobierno de Espa\u00f1a<\/li>\n<li><b><\/b><strong><b>Giorgia Meloni<\/b><\/strong>, primera ministra de Italia<\/li>\n<li><b><\/b><strong><b>Emmanuel Macron<\/b><\/strong>, presidente de Francia<\/li>\n<li><b><\/b><strong><b>JD Vance<\/b><\/strong>, vicepresidente de Estados Unidos<\/li>\n<\/ul>\n<p>Todos ellos destacaron aspectos del legado del Papa Francisco, incluyendo su defensa de los pobres y su impulso a una Iglesia de vocaci\u00f3n global.<\/p>\n<p>&nbsp;<\/p>\n","protected":false},"excerpt":{"rendered":"<p>\ud83d\udd38\u00a0\u201cHaberlo conocido fue un honor\u201d, escribi\u00f3 la mandataria en sus\u00a0redes sociales. &nbsp; #NACIONAL | Muere el Papa Francisco, l\u00edder de la Iglesia Cat\u00f3lica desde 2013. Diversas figuras del gobierno de M\u00e9xico, incluida la presidenta Claudia Sheinbaum, reaccionaron a su fallecimiento&#8230;<\/p>\n","protected":false},"author":1,"featured_media":23919,"comment_status":"open","ping_status":"closed","sticky":false,"template":"","format":"standard","meta":{"footnotes":""},"categories":[7],"tags":[],"class_list":["post-23917","post","type-post","status-publish","format-standard","has-post-thumbnail","hentry","category-nacional"],"yoast_head":"<!-- This site is optimized with the Yoast SEO plugin v27.4 - https:\/\/yoast.com\/product\/yoast-seo-wordpress\/ -->\n<title>\u201cMuere un gran humanista\u201d: lamenta Claudia Sheinbaum el fallecimiento del Papa Francisco -<\/title>\n<meta name=\"robots\" content=\"index, follow, max-snippet:-1, max-image-preview:large, max-video-preview:-1\" \/>\n<link rel=\"canonical\" href=\"https:\/\/whatsappmexico.com\/?p=23917\" \/>\n<meta property=\"og:locale\" content=\"es_ES\" \/>\n<meta property=\"og:type\" content=\"article\" \/>\n<meta property=\"og:title\" content=\"\u201cMuere un gran humanista\u201d: lamenta Claudia Sheinbaum el fallecimiento del Papa Francisco -\" \/>\n<meta property=\"og:description\" content=\"\ud83d\udd38\u00a0\u201cHaberlo conocido fue un honor\u201d, escribi\u00f3 la mandataria en sus\u00a0redes sociales. &nbsp; #NACIONAL | Muere el Papa Francisco, l\u00edder de la Iglesia Cat\u00f3lica desde 2013. Diversas figuras del gobierno de M\u00e9xico, incluida la presidenta Claudia Sheinbaum, reaccionaron a su fallecimiento...\" \/>\n<meta property=\"og:url\" content=\"https:\/\/whatsappmexico.com\/?p=23917\" \/>\n<meta property=\"article:published_time\" content=\"2025-04-21T14:24:27+00:00\" \/>\n<meta property=\"article:modified_time\" content=\"2025-04-21T14:24:51+00:00\" \/>\n<meta name=\"author\" content=\"admin\" \/>\n<meta name=\"twitter:card\" content=\"summary_large_image\" \/>\n<meta name=\"twitter:label1\" content=\"Escrito por\" \/>\n\t<meta name=\"twitter:data1\" content=\"admin\" \/>\n\t<meta name=\"twitter:label2\" content=\"Tiempo de lectura\" \/>\n\t<meta name=\"twitter:data2\" content=\"3 minutos\" \/>\n<script type=\"application\/ld+json\" class=\"yoast-schema-graph\">{\"@context\":\"https:\\\/\\\/schema.org\",\"@graph\":[{\"@type\":\"Article\",\"@id\":\"https:\\\/\\\/whatsappmexico.com\\\/?p=23917#article\",\"isPartOf\":{\"@id\":\"https:\\\/\\\/whatsappmexico.com\\\/?p=23917\"},\"author\":{\"name\":\"admin\",\"@id\":\"https:\\\/\\\/whatsappmexico.com\\\/#\\\/schema\\\/person\\\/082b02d197e5c0d9eeef91cf10d3643e\"},\"headline\":\"\u201cMuere un gran humanista\u201d: lamenta Claudia Sheinbaum el fallecimiento del Papa Francisco\",\"datePublished\":\"2025-04-21T14:24:27+00:00\",\"dateModified\":\"2025-04-21T14:24:51+00:00\",\"mainEntityOfPage\":{\"@id\":\"https:\\\/\\\/whatsappmexico.com\\\/?p=23917\"},\"wordCount\":532,\"commentCount\":0,\"image\":{\"@id\":\"https:\\\/\\\/whatsappmexico.com\\\/?p=23917#primaryimage\"},\"thumbnailUrl\":\"https:\\\/\\\/whatsappmexico.com\\\/wp-content\\\/uploads\\\/2025\\\/04\\\/WhatsApp-Image-2025-04-21-at-09.22.09-e1745245439748.jpeg\",\"articleSection\":[\"Nacional\"],\"inLanguage\":\"es\",\"potentialAction\":[{\"@type\":\"CommentAction\",\"name\":\"Comment\",\"target\":[\"https:\\\/\\\/whatsappmexico.com\\\/?p=23917#respond\"]}]},{\"@type\":\"WebPage\",\"@id\":\"https:\\\/\\\/whatsappmexico.com\\\/?p=23917\",\"url\":\"https:\\\/\\\/whatsappmexico.com\\\/?p=23917\",\"name\":\"\u201cMuere un gran humanista\u201d: lamenta Claudia Sheinbaum el fallecimiento del Papa Francisco -\",\"isPartOf\":{\"@id\":\"https:\\\/\\\/whatsappmexico.com\\\/#website\"},\"primaryImageOfPage\":{\"@id\":\"https:\\\/\\\/whatsappmexico.com\\\/?p=23917#primaryimage\"},\"image\":{\"@id\":\"https:\\\/\\\/whatsappmexico.com\\\/?p=23917#primaryimage\"},\"thumbnailUrl\":\"https:\\\/\\\/whatsappmexico.com\\\/wp-content\\\/uploads\\\/2025\\\/04\\\/WhatsApp-Image-2025-04-21-at-09.22.09-e1745245439748.jpeg\",\"datePublished\":\"2025-04-21T14:24:27+00:00\",\"dateModified\":\"2025-04-21T14:24:51+00:00\",\"author\":{\"@id\":\"https:\\\/\\\/whatsappmexico.com\\\/#\\\/schema\\\/person\\\/082b02d197e5c0d9eeef91cf10d3643e\"},\"breadcrumb\":{\"@id\":\"https:\\\/\\\/whatsappmexico.com\\\/?p=23917#breadcrumb\"},\"inLanguage\":\"es\",\"potentialAction\":[{\"@type\":\"ReadAction\",\"target\":[\"https:\\\/\\\/whatsappmexico.com\\\/?p=23917\"]}]},{\"@type\":\"ImageObject\",\"inLanguage\":\"es\",\"@id\":\"https:\\\/\\\/whatsappmexico.com\\\/?p=23917#primaryimage\",\"url\":\"https:\\\/\\\/whatsappmexico.com\\\/wp-content\\\/uploads\\\/2025\\\/04\\\/WhatsApp-Image-2025-04-21-at-09.22.09-e1745245439748.jpeg\",\"contentUrl\":\"https:\\\/\\\/whatsappmexico.com\\\/wp-content\\\/uploads\\\/2025\\\/04\\\/WhatsApp-Image-2025-04-21-at-09.22.09-e1745245439748.jpeg\",\"width\":675,\"height\":436},{\"@type\":\"BreadcrumbList\",\"@id\":\"https:\\\/\\\/whatsappmexico.com\\\/?p=23917#breadcrumb\",\"itemListElement\":[{\"@type\":\"ListItem\",\"position\":1,\"name\":\"Portada\",\"item\":\"https:\\\/\\\/whatsappmexico.com\\\/\"},{\"@type\":\"ListItem\",\"position\":2,\"name\":\"\u201cMuere un gran humanista\u201d: lamenta Claudia Sheinbaum el fallecimiento del Papa Francisco\"}]},{\"@type\":\"WebSite\",\"@id\":\"https:\\\/\\\/whatsappmexico.com\\\/#website\",\"url\":\"https:\\\/\\\/whatsappmexico.com\\\/\",\"name\":\"\",\"description\":\"La Noticia M\u00e1s R\u00e1pida\",\"potentialAction\":[{\"@type\":\"SearchAction\",\"target\":{\"@type\":\"EntryPoint\",\"urlTemplate\":\"https:\\\/\\\/whatsappmexico.com\\\/?s={search_term_string}\"},\"query-input\":{\"@type\":\"PropertyValueSpecification\",\"valueRequired\":true,\"valueName\":\"search_term_string\"}}],\"inLanguage\":\"es\"},{\"@type\":\"Person\",\"@id\":\"https:\\\/\\\/whatsappmexico.com\\\/#\\\/schema\\\/person\\\/082b02d197e5c0d9eeef91cf10d3643e\",\"name\":\"admin\",\"image\":{\"@type\":\"ImageObject\",\"inLanguage\":\"es\",\"@id\":\"https:\\\/\\\/secure.gravatar.com\\\/avatar\\\/c2e50278fd314cf93ecf18c6171760d6d7972373780a207099fd11e86caef7a0?s=96&d=mm&r=g\",\"url\":\"https:\\\/\\\/secure.gravatar.com\\\/avatar\\\/c2e50278fd314cf93ecf18c6171760d6d7972373780a207099fd11e86caef7a0?s=96&d=mm&r=g\",\"contentUrl\":\"https:\\\/\\\/secure.gravatar.com\\\/avatar\\\/c2e50278fd314cf93ecf18c6171760d6d7972373780a207099fd11e86caef7a0?s=96&d=mm&r=g\",\"caption\":\"admin\"},\"sameAs\":[\"https:\\\/\\\/whatsappmexico.com\"],\"url\":\"https:\\\/\\\/whatsappmexico.com\\\/?author=1\"}]}<\/script>\n<!-- \/ Yoast SEO plugin. -->","yoast_head_json":{"title":"\u201cMuere un gran humanista\u201d: lamenta Claudia Sheinbaum el fallecimiento del Papa Francisco -","robots":{"index":"index","follow":"follow","max-snippet":"max-snippet:-1","max-image-preview":"max-image-preview:large","max-video-preview":"max-video-preview:-1"},"canonical":"https:\/\/whatsappmexico.com\/?p=23917","og_locale":"es_ES","og_type":"article","og_title":"\u201cMuere un gran humanista\u201d: lamenta Claudia Sheinbaum el fallecimiento del Papa Francisco -","og_description":"\ud83d\udd38\u00a0\u201cHaberlo conocido fue un honor\u201d, escribi\u00f3 la mandataria en sus\u00a0redes sociales. &nbsp; #NACIONAL | Muere el Papa Francisco, l\u00edder de la Iglesia Cat\u00f3lica desde 2013. Diversas figuras del gobierno de M\u00e9xico, incluida la presidenta Claudia Sheinbaum, reaccionaron a su fallecimiento...","og_url":"https:\/\/whatsappmexico.com\/?p=23917","article_published_time":"2025-04-21T14:24:27+00:00","article_modified_time":"2025-04-21T14:24:51+00:00","author":"admin","twitter_card":"summary_large_image","twitter_misc":{"Escrito por":"admin","Tiempo de lectura":"3 minutos"},"schema":{"@context":"https:\/\/schema.org","@graph":[{"@type":"Article","@id":"https:\/\/whatsappmexico.com\/?p=23917#article","isPartOf":{"@id":"https:\/\/whatsappmexico.com\/?p=23917"},"author":{"name":"admin","@id":"https:\/\/whatsappmexico.com\/#\/schema\/person\/082b02d197e5c0d9eeef91cf10d3643e"},"headline":"\u201cMuere un gran humanista\u201d: lamenta Claudia Sheinbaum el fallecimiento del Papa Francisco","datePublished":"2025-04-21T14:24:27+00:00","dateModified":"2025-04-21T14:24:51+00:00","mainEntityOfPage":{"@id":"https:\/\/whatsappmexico.com\/?p=23917"},"wordCount":532,"commentCount":0,"image":{"@id":"https:\/\/whatsappmexico.com\/?p=23917#primaryimage"},"thumbnailUrl":"https:\/\/whatsappmexico.com\/wp-content\/uploads\/2025\/04\/WhatsApp-Image-2025-04-21-at-09.22.09-e1745245439748.jpeg","articleSection":["Nacional"],"inLanguage":"es","potentialAction":[{"@type":"CommentAction","name":"Comment","target":["https:\/\/whatsappmexico.com\/?p=23917#respond"]}]},{"@type":"WebPage","@id":"https:\/\/whatsappmexico.com\/?p=23917","url":"https:\/\/whatsappmexico.com\/?p=23917","name":"\u201cMuere un gran humanista\u201d: lamenta Claudia Sheinbaum el fallecimiento del Papa Francisco -","isPartOf":{"@id":"https:\/\/whatsappmexico.com\/#website"},"primaryImageOfPage":{"@id":"https:\/\/whatsappmexico.com\/?p=23917#primaryimage"},"image":{"@id":"https:\/\/whatsappmexico.com\/?p=23917#primaryimage"},"thumbnailUrl":"https:\/\/whatsappmexico.com\/wp-content\/uploads\/2025\/04\/WhatsApp-Image-2025-04-21-at-09.22.09-e1745245439748.jpeg","datePublished":"2025-04-21T14:24:27+00:00","dateModified":"2025-04-21T14:24:51+00:00","author":{"@id":"https:\/\/whatsappmexico.com\/#\/schema\/person\/082b02d197e5c0d9eeef91cf10d3643e"},"breadcrumb":{"@id":"https:\/\/whatsappmexico.com\/?p=23917#breadcrumb"},"inLanguage":"es","potentialAction":[{"@type":"ReadAction","target":["https:\/\/whatsappmexico.com\/?p=23917"]}]},{"@type":"ImageObject","inLanguage":"es","@id":"https:\/\/whatsappmexico.com\/?p=23917#primaryimage","url":"https:\/\/whatsappmexico.com\/wp-content\/uploads\/2025\/04\/WhatsApp-Image-2025-04-21-at-09.22.09-e1745245439748.jpeg","contentUrl":"https:\/\/whatsappmexico.com\/wp-content\/uploads\/2025\/04\/WhatsApp-Image-2025-04-21-at-09.22.09-e1745245439748.jpeg","width":675,"height":436},{"@type":"BreadcrumbList","@id":"https:\/\/whatsappmexico.com\/?p=23917#breadcrumb","itemListElement":[{"@type":"ListItem","position":1,"name":"Portada","item":"https:\/\/whatsappmexico.com\/"},{"@type":"ListItem","position":2,"name":"\u201cMuere un gran humanista\u201d: lamenta Claudia Sheinbaum el fallecimiento del Papa Francisco"}]},{"@type":"WebSite","@id":"https:\/\/whatsappmexico.com\/#website","url":"https:\/\/whatsappmexico.com\/","name":"","description":"La Noticia M\u00e1s R\u00e1pida","potentialAction":[{"@type":"SearchAction","target":{"@type":"EntryPoint","urlTemplate":"https:\/\/whatsappmexico.com\/?s={search_term_string}"},"query-input":{"@type":"PropertyValueSpecification","valueRequired":true,"valueName":"search_term_string"}}],"inLanguage":"es"},{"@type":"Person","@id":"https:\/\/whatsappmexico.com\/#\/schema\/person\/082b02d197e5c0d9eeef91cf10d3643e","name":"admin","image":{"@type":"ImageObject","inLanguage":"es","@id":"https:\/\/secure.gravatar.com\/avatar\/c2e50278fd314cf93ecf18c6171760d6d7972373780a207099fd11e86caef7a0?s=96&d=mm&r=g","url":"https:\/\/secure.gravatar.com\/avatar\/c2e50278fd314cf93ecf18c6171760d6d7972373780a207099fd11e86caef7a0?s=96&d=mm&r=g","contentUrl":"https:\/\/secure.gravatar.com\/avatar\/c2e50278fd314cf93ecf18c6171760d6d7972373780a207099fd11e86caef7a0?s=96&d=mm&r=g","caption":"admin"},"sameAs":["https:\/\/whatsappmexico.com"],"url":"https:\/\/whatsappmexico.com\/?author=1"}]}},"_links":{"self":[{"href":"https:\/\/whatsappmexico.com\/index.php?rest_route=\/wp\/v2\/posts\/23917","targetHints":{"allow":["GET"]}}],"collection":[{"href":"https:\/\/whatsappmexico.com\/index.php?rest_route=\/wp\/v2\/posts"}],"about":[{"href":"https:\/\/whatsappmexico.com\/index.php?rest_route=\/wp\/v2\/types\/post"}],"author":[{"embeddable":true,"href":"https:\/\/whatsappmexico.com\/index.php?rest_route=\/wp\/v2\/users\/1"}],"replies":[{"embeddable":true,"href":"https:\/\/whatsappmexico.com\/index.php?rest_route=%2Fwp%2Fv2%2Fcomments&post=23917"}],"version-history":[{"count":1,"href":"https:\/\/whatsappmexico.com\/index.php?rest_route=\/wp\/v2\/posts\/23917\/revisions"}],"predecessor-version":[{"id":23918,"href":"https:\/\/whatsappmexico.com\/index.php?rest_route=\/wp\/v2\/posts\/23917\/revisions\/23918"}],"wp:featuredmedia":[{"embeddable":true,"href":"https:\/\/whatsappmexico.com\/index.php?rest_route=\/wp\/v2\/media\/23919"}],"wp:attachment":[{"href":"https:\/\/whatsappmexico.com\/index.php?rest_route=%2Fwp%2Fv2%2Fmedia&parent=23917"}],"wp:term":[{"taxonomy":"category","embeddable":true,"href":"https:\/\/whatsappmexico.com\/index.php?rest_route=%2Fwp%2Fv2%2Fcategories&post=23917"},{"taxonomy":"post_tag","embeddable":true,"href":"https:\/\/whatsappmexico.com\/index.php?rest_route=%2Fwp%2Fv2%2Ftags&post=23917"}],"curies":[{"name":"wp","href":"https:\/\/api.w.org\/{rel}","templated":true}]}}