{"id":23953,"date":"2025-04-22T09:45:44","date_gmt":"2025-04-22T14:45:44","guid":{"rendered":"https:\/\/whatsappmexico.com\/?p=23953"},"modified":"2025-04-22T15:01:14","modified_gmt":"2025-04-22T15:01:14","slug":"fieles-podran-despedir-al-papa-francisco-en-la-basilica-de-san-pedro","status":"publish","type":"post","link":"https:\/\/whatsappmexico.com\/?p=23953","title":{"rendered":"Fieles podr\u00e1n despedir al papa Francisco en la Bas\u00edlica de San Pedro"},"content":{"rendered":"<p>\ud83d\udd38 La capilla ardiente del Santo Papa estar\u00e1 abierta al p\u00fablico , desde el mi\u00e9rcoles hasta el viernes por la tarde<\/p>\n<p>#VATICANO | El f\u00e9retro del papa Francisco ser\u00e1 expuesto desde ma\u00f1ana mi\u00e9rcoles en la bas\u00edlica de San Pedro del Vaticano hasta el viernes a las 19:00, h local, pero los dos primeros d\u00edas el templo estar\u00e1 abierto hasta la medianoche.<\/p>\n<p>El pont\u00edfice est\u00e1 siendo velado en la capilla de su residencia, la Casa Santa Marta, solo por trabajadores vaticanos y religiosos, mientras que ma\u00f1ana mi\u00e9rcoles a las 9:00, h local ser\u00e1 llevado a la bas\u00edlica de San Pedro, en lo que se conoce como el rito de la \u201ctraslaci\u00f3n\u201d.<\/p>\n<p>La capilla ardiente en la bas\u00edlica permanecer\u00e1 abierta hasta el pr\u00f3ximo viernes a las 19:00 h local, inform\u00f3 la Santa Sede.<\/p>\n<p>El resto de d\u00edas se permitir\u00e1 despedir al pont\u00edfice hasta la medianoche: el mi\u00e9rcoles 23 de abril de 11:00 a las 00:00 h local y el jueves incluso durante m\u00e1s tiempo, desde las 7:00 h durante todo el d\u00eda.<\/p>\n<p>El s\u00e1bado 26 de abril a las 10:00 h tendr\u00e1 lugar el funeral del pont\u00edfice argentino y luego ser\u00e1 sepultado en la bas\u00edlica de Santa Mar\u00eda la Mayor, tal y como dispuso \u00e9l en vida.<\/p>\n<p>El papa Francisco muri\u00f3 este lunes en su residencia de la Casa Santa Marta, anunci\u00f3 en un video mensaje el camarlengo, el cardenal Kevin Joseph Farrel.<\/p>\n<p>Con profundo dolor tengo que anunciar que el papa Francisco ha muerto a las 7:35 horas de hoy, el obispo de Roma ha vuelto a la casa del padre, su vida entera ha estado dedicada servicio del Se\u00f1or y de su Iglesia y nos ha ense\u00f1ado el valor del evangelio con fidelidad, valor y amor universal y en manera particular a favor de los m\u00e1s pobres y marginados\u201d, anunci\u00f3 Farrel.<\/p>\n<p>Y contin\u00fao: \u201cCon inmensa gratitud por su ejemplo como disc\u00edpulo del Se\u00f1or Jes\u00fas recomendamos el alma del papa Francisco al infinito amor misericordioso de Dios Uno e trino\u201d.<\/p>\n<p>En el video, grabado en la capilla de la Casa Santa Marta tambi\u00e9n aparecen el secretario de Estado, el cardenal Pietro Parolin y el sustituto de la secretaria de Estado, el venezolano Edgar Pe\u00f1a Parra.<\/p>\n","protected":false},"excerpt":{"rendered":"<p>\ud83d\udd38 La capilla ardiente del Santo Papa estar\u00e1 abierta al p\u00fablico , desde el mi\u00e9rcoles hasta el viernes por la tarde #VATICANO | El f\u00e9retro del papa Francisco ser\u00e1 expuesto desde ma\u00f1ana mi\u00e9rcoles en la bas\u00edlica de San Pedro del&#8230;<\/p>\n","protected":false},"author":1,"featured_media":23955,"comment_status":"open","ping_status":"closed","sticky":false,"template":"","format":"standard","meta":{"footnotes":""},"categories":[5],"tags":[],"class_list":["post-23953","post","type-post","status-publish","format-standard","has-post-thumbnail","hentry","category-internacional"],"yoast_head":"<!-- This site is optimized with the Yoast SEO plugin v27.4 - https:\/\/yoast.com\/product\/yoast-seo-wordpress\/ -->\n<title>Fieles podr\u00e1n despedir al papa Francisco en la Bas\u00edlica de San Pedro -<\/title>\n<meta name=\"robots\" content=\"index, follow, max-snippet:-1, max-image-preview:large, max-video-preview:-1\" \/>\n<link rel=\"canonical\" href=\"https:\/\/whatsappmexico.com\/?p=23953\" \/>\n<meta property=\"og:locale\" content=\"es_ES\" \/>\n<meta property=\"og:type\" content=\"article\" \/>\n<meta property=\"og:title\" content=\"Fieles podr\u00e1n despedir al papa Francisco en la Bas\u00edlica de San Pedro -\" \/>\n<meta property=\"og:description\" content=\"\ud83d\udd38 La capilla ardiente del Santo Papa estar\u00e1 abierta al p\u00fablico , desde el mi\u00e9rcoles hasta el viernes por la tarde #VATICANO | El f\u00e9retro del papa Francisco ser\u00e1 expuesto desde ma\u00f1ana mi\u00e9rcoles en la bas\u00edlica de San Pedro del...\" \/>\n<meta property=\"og:url\" content=\"https:\/\/whatsappmexico.com\/?p=23953\" \/>\n<meta property=\"article:published_time\" content=\"2025-04-22T14:45:44+00:00\" \/>\n<meta property=\"article:modified_time\" content=\"2025-04-22T15:01:14+00:00\" \/>\n<meta name=\"author\" content=\"admin\" \/>\n<meta name=\"twitter:card\" content=\"summary_large_image\" \/>\n<meta name=\"twitter:label1\" content=\"Escrito por\" \/>\n\t<meta name=\"twitter:data1\" content=\"admin\" \/>\n\t<meta name=\"twitter:label2\" content=\"Tiempo de lectura\" \/>\n\t<meta name=\"twitter:data2\" content=\"2 minutos\" \/>\n<script type=\"application\/ld+json\" class=\"yoast-schema-graph\">{\"@context\":\"https:\\\/\\\/schema.org\",\"@graph\":[{\"@type\":\"Article\",\"@id\":\"https:\\\/\\\/whatsappmexico.com\\\/?p=23953#article\",\"isPartOf\":{\"@id\":\"https:\\\/\\\/whatsappmexico.com\\\/?p=23953\"},\"author\":{\"name\":\"admin\",\"@id\":\"https:\\\/\\\/whatsappmexico.com\\\/#\\\/schema\\\/person\\\/082b02d197e5c0d9eeef91cf10d3643e\"},\"headline\":\"Fieles podr\u00e1n despedir al papa Francisco en la Bas\u00edlica de San Pedro\",\"datePublished\":\"2025-04-22T14:45:44+00:00\",\"dateModified\":\"2025-04-22T15:01:14+00:00\",\"mainEntityOfPage\":{\"@id\":\"https:\\\/\\\/whatsappmexico.com\\\/?p=23953\"},\"wordCount\":397,\"commentCount\":0,\"image\":{\"@id\":\"https:\\\/\\\/whatsappmexico.com\\\/?p=23953#primaryimage\"},\"thumbnailUrl\":\"https:\\\/\\\/whatsappmexico.com\\\/wp-content\\\/uploads\\\/2025\\\/04\\\/WhatsApp-Image-2025-04-22-at-09.44.10.jpeg\",\"articleSection\":[\"Internacional\"],\"inLanguage\":\"es\",\"potentialAction\":[{\"@type\":\"CommentAction\",\"name\":\"Comment\",\"target\":[\"https:\\\/\\\/whatsappmexico.com\\\/?p=23953#respond\"]}]},{\"@type\":\"WebPage\",\"@id\":\"https:\\\/\\\/whatsappmexico.com\\\/?p=23953\",\"url\":\"https:\\\/\\\/whatsappmexico.com\\\/?p=23953\",\"name\":\"Fieles podr\u00e1n despedir al papa Francisco en la Bas\u00edlica de San Pedro -\",\"isPartOf\":{\"@id\":\"https:\\\/\\\/whatsappmexico.com\\\/#website\"},\"primaryImageOfPage\":{\"@id\":\"https:\\\/\\\/whatsappmexico.com\\\/?p=23953#primaryimage\"},\"image\":{\"@id\":\"https:\\\/\\\/whatsappmexico.com\\\/?p=23953#primaryimage\"},\"thumbnailUrl\":\"https:\\\/\\\/whatsappmexico.com\\\/wp-content\\\/uploads\\\/2025\\\/04\\\/WhatsApp-Image-2025-04-22-at-09.44.10.jpeg\",\"datePublished\":\"2025-04-22T14:45:44+00:00\",\"dateModified\":\"2025-04-22T15:01:14+00:00\",\"author\":{\"@id\":\"https:\\\/\\\/whatsappmexico.com\\\/#\\\/schema\\\/person\\\/082b02d197e5c0d9eeef91cf10d3643e\"},\"breadcrumb\":{\"@id\":\"https:\\\/\\\/whatsappmexico.com\\\/?p=23953#breadcrumb\"},\"inLanguage\":\"es\",\"potentialAction\":[{\"@type\":\"ReadAction\",\"target\":[\"https:\\\/\\\/whatsappmexico.com\\\/?p=23953\"]}]},{\"@type\":\"ImageObject\",\"inLanguage\":\"es\",\"@id\":\"https:\\\/\\\/whatsappmexico.com\\\/?p=23953#primaryimage\",\"url\":\"https:\\\/\\\/whatsappmexico.com\\\/wp-content\\\/uploads\\\/2025\\\/04\\\/WhatsApp-Image-2025-04-22-at-09.44.10.jpeg\",\"contentUrl\":\"https:\\\/\\\/whatsappmexico.com\\\/wp-content\\\/uploads\\\/2025\\\/04\\\/WhatsApp-Image-2025-04-22-at-09.44.10.jpeg\",\"width\":1200,\"height\":676},{\"@type\":\"BreadcrumbList\",\"@id\":\"https:\\\/\\\/whatsappmexico.com\\\/?p=23953#breadcrumb\",\"itemListElement\":[{\"@type\":\"ListItem\",\"position\":1,\"name\":\"Portada\",\"item\":\"https:\\\/\\\/whatsappmexico.com\\\/\"},{\"@type\":\"ListItem\",\"position\":2,\"name\":\"Fieles podr\u00e1n despedir al papa Francisco en la Bas\u00edlica de San Pedro\"}]},{\"@type\":\"WebSite\",\"@id\":\"https:\\\/\\\/whatsappmexico.com\\\/#website\",\"url\":\"https:\\\/\\\/whatsappmexico.com\\\/\",\"name\":\"\",\"description\":\"La Noticia M\u00e1s R\u00e1pida\",\"potentialAction\":[{\"@type\":\"SearchAction\",\"target\":{\"@type\":\"EntryPoint\",\"urlTemplate\":\"https:\\\/\\\/whatsappmexico.com\\\/?s={search_term_string}\"},\"query-input\":{\"@type\":\"PropertyValueSpecification\",\"valueRequired\":true,\"valueName\":\"search_term_string\"}}],\"inLanguage\":\"es\"},{\"@type\":\"Person\",\"@id\":\"https:\\\/\\\/whatsappmexico.com\\\/#\\\/schema\\\/person\\\/082b02d197e5c0d9eeef91cf10d3643e\",\"name\":\"admin\",\"image\":{\"@type\":\"ImageObject\",\"inLanguage\":\"es\",\"@id\":\"https:\\\/\\\/secure.gravatar.com\\\/avatar\\\/c2e50278fd314cf93ecf18c6171760d6d7972373780a207099fd11e86caef7a0?s=96&d=mm&r=g\",\"url\":\"https:\\\/\\\/secure.gravatar.com\\\/avatar\\\/c2e50278fd314cf93ecf18c6171760d6d7972373780a207099fd11e86caef7a0?s=96&d=mm&r=g\",\"contentUrl\":\"https:\\\/\\\/secure.gravatar.com\\\/avatar\\\/c2e50278fd314cf93ecf18c6171760d6d7972373780a207099fd11e86caef7a0?s=96&d=mm&r=g\",\"caption\":\"admin\"},\"sameAs\":[\"https:\\\/\\\/whatsappmexico.com\"],\"url\":\"https:\\\/\\\/whatsappmexico.com\\\/?author=1\"}]}<\/script>\n<!-- \/ Yoast SEO plugin. -->","yoast_head_json":{"title":"Fieles podr\u00e1n despedir al papa Francisco en la Bas\u00edlica de San Pedro -","robots":{"index":"index","follow":"follow","max-snippet":"max-snippet:-1","max-image-preview":"max-image-preview:large","max-video-preview":"max-video-preview:-1"},"canonical":"https:\/\/whatsappmexico.com\/?p=23953","og_locale":"es_ES","og_type":"article","og_title":"Fieles podr\u00e1n despedir al papa Francisco en la Bas\u00edlica de San Pedro -","og_description":"\ud83d\udd38 La capilla ardiente del Santo Papa estar\u00e1 abierta al p\u00fablico , desde el mi\u00e9rcoles hasta el viernes por la tarde #VATICANO | El f\u00e9retro del papa Francisco ser\u00e1 expuesto desde ma\u00f1ana mi\u00e9rcoles en la bas\u00edlica de San Pedro del...","og_url":"https:\/\/whatsappmexico.com\/?p=23953","article_published_time":"2025-04-22T14:45:44+00:00","article_modified_time":"2025-04-22T15:01:14+00:00","author":"admin","twitter_card":"summary_large_image","twitter_misc":{"Escrito por":"admin","Tiempo de lectura":"2 minutos"},"schema":{"@context":"https:\/\/schema.org","@graph":[{"@type":"Article","@id":"https:\/\/whatsappmexico.com\/?p=23953#article","isPartOf":{"@id":"https:\/\/whatsappmexico.com\/?p=23953"},"author":{"name":"admin","@id":"https:\/\/whatsappmexico.com\/#\/schema\/person\/082b02d197e5c0d9eeef91cf10d3643e"},"headline":"Fieles podr\u00e1n despedir al papa Francisco en la Bas\u00edlica de San Pedro","datePublished":"2025-04-22T14:45:44+00:00","dateModified":"2025-04-22T15:01:14+00:00","mainEntityOfPage":{"@id":"https:\/\/whatsappmexico.com\/?p=23953"},"wordCount":397,"commentCount":0,"image":{"@id":"https:\/\/whatsappmexico.com\/?p=23953#primaryimage"},"thumbnailUrl":"https:\/\/whatsappmexico.com\/wp-content\/uploads\/2025\/04\/WhatsApp-Image-2025-04-22-at-09.44.10.jpeg","articleSection":["Internacional"],"inLanguage":"es","potentialAction":[{"@type":"CommentAction","name":"Comment","target":["https:\/\/whatsappmexico.com\/?p=23953#respond"]}]},{"@type":"WebPage","@id":"https:\/\/whatsappmexico.com\/?p=23953","url":"https:\/\/whatsappmexico.com\/?p=23953","name":"Fieles podr\u00e1n despedir al papa Francisco en la Bas\u00edlica de San Pedro -","isPartOf":{"@id":"https:\/\/whatsappmexico.com\/#website"},"primaryImageOfPage":{"@id":"https:\/\/whatsappmexico.com\/?p=23953#primaryimage"},"image":{"@id":"https:\/\/whatsappmexico.com\/?p=23953#primaryimage"},"thumbnailUrl":"https:\/\/whatsappmexico.com\/wp-content\/uploads\/2025\/04\/WhatsApp-Image-2025-04-22-at-09.44.10.jpeg","datePublished":"2025-04-22T14:45:44+00:00","dateModified":"2025-04-22T15:01:14+00:00","author":{"@id":"https:\/\/whatsappmexico.com\/#\/schema\/person\/082b02d197e5c0d9eeef91cf10d3643e"},"breadcrumb":{"@id":"https:\/\/whatsappmexico.com\/?p=23953#breadcrumb"},"inLanguage":"es","potentialAction":[{"@type":"ReadAction","target":["https:\/\/whatsappmexico.com\/?p=23953"]}]},{"@type":"ImageObject","inLanguage":"es","@id":"https:\/\/whatsappmexico.com\/?p=23953#primaryimage","url":"https:\/\/whatsappmexico.com\/wp-content\/uploads\/2025\/04\/WhatsApp-Image-2025-04-22-at-09.44.10.jpeg","contentUrl":"https:\/\/whatsappmexico.com\/wp-content\/uploads\/2025\/04\/WhatsApp-Image-2025-04-22-at-09.44.10.jpeg","width":1200,"height":676},{"@type":"BreadcrumbList","@id":"https:\/\/whatsappmexico.com\/?p=23953#breadcrumb","itemListElement":[{"@type":"ListItem","position":1,"name":"Portada","item":"https:\/\/whatsappmexico.com\/"},{"@type":"ListItem","position":2,"name":"Fieles podr\u00e1n despedir al papa Francisco en la Bas\u00edlica de San Pedro"}]},{"@type":"WebSite","@id":"https:\/\/whatsappmexico.com\/#website","url":"https:\/\/whatsappmexico.com\/","name":"","description":"La Noticia M\u00e1s R\u00e1pida","potentialAction":[{"@type":"SearchAction","target":{"@type":"EntryPoint","urlTemplate":"https:\/\/whatsappmexico.com\/?s={search_term_string}"},"query-input":{"@type":"PropertyValueSpecification","valueRequired":true,"valueName":"search_term_string"}}],"inLanguage":"es"},{"@type":"Person","@id":"https:\/\/whatsappmexico.com\/#\/schema\/person\/082b02d197e5c0d9eeef91cf10d3643e","name":"admin","image":{"@type":"ImageObject","inLanguage":"es","@id":"https:\/\/secure.gravatar.com\/avatar\/c2e50278fd314cf93ecf18c6171760d6d7972373780a207099fd11e86caef7a0?s=96&d=mm&r=g","url":"https:\/\/secure.gravatar.com\/avatar\/c2e50278fd314cf93ecf18c6171760d6d7972373780a207099fd11e86caef7a0?s=96&d=mm&r=g","contentUrl":"https:\/\/secure.gravatar.com\/avatar\/c2e50278fd314cf93ecf18c6171760d6d7972373780a207099fd11e86caef7a0?s=96&d=mm&r=g","caption":"admin"},"sameAs":["https:\/\/whatsappmexico.com"],"url":"https:\/\/whatsappmexico.com\/?author=1"}]}},"_links":{"self":[{"href":"https:\/\/whatsappmexico.com\/index.php?rest_route=\/wp\/v2\/posts\/23953","targetHints":{"allow":["GET"]}}],"collection":[{"href":"https:\/\/whatsappmexico.com\/index.php?rest_route=\/wp\/v2\/posts"}],"about":[{"href":"https:\/\/whatsappmexico.com\/index.php?rest_route=\/wp\/v2\/types\/post"}],"author":[{"embeddable":true,"href":"https:\/\/whatsappmexico.com\/index.php?rest_route=\/wp\/v2\/users\/1"}],"replies":[{"embeddable":true,"href":"https:\/\/whatsappmexico.com\/index.php?rest_route=%2Fwp%2Fv2%2Fcomments&post=23953"}],"version-history":[{"count":1,"href":"https:\/\/whatsappmexico.com\/index.php?rest_route=\/wp\/v2\/posts\/23953\/revisions"}],"predecessor-version":[{"id":23954,"href":"https:\/\/whatsappmexico.com\/index.php?rest_route=\/wp\/v2\/posts\/23953\/revisions\/23954"}],"wp:featuredmedia":[{"embeddable":true,"href":"https:\/\/whatsappmexico.com\/index.php?rest_route=\/wp\/v2\/media\/23955"}],"wp:attachment":[{"href":"https:\/\/whatsappmexico.com\/index.php?rest_route=%2Fwp%2Fv2%2Fmedia&parent=23953"}],"wp:term":[{"taxonomy":"category","embeddable":true,"href":"https:\/\/whatsappmexico.com\/index.php?rest_route=%2Fwp%2Fv2%2Fcategories&post=23953"},{"taxonomy":"post_tag","embeddable":true,"href":"https:\/\/whatsappmexico.com\/index.php?rest_route=%2Fwp%2Fv2%2Ftags&post=23953"}],"curies":[{"name":"wp","href":"https:\/\/api.w.org\/{rel}","templated":true}]}}