{"id":23965,"date":"2025-04-22T16:00:39","date_gmt":"2025-04-22T21:00:39","guid":{"rendered":"https:\/\/whatsappmexico.com\/?p=23965"},"modified":"2025-04-22T15:35:00","modified_gmt":"2025-04-22T15:35:00","slug":"padres-de-debanhi-escobar-buscaran-justicia-ante-instancias-internacionales","status":"publish","type":"post","link":"https:\/\/whatsappmexico.com\/?p=23965","title":{"rendered":"Padres de Debanhi Escobar buscar\u00e1n justicia ante instancias internacionales"},"content":{"rendered":"<p>\ud83d\udd38 A tres a\u00f1os del hallazgo del cuerpo de su hija, Mario Escobar y Dolores Bazald\u00faa consideran llevar el caso ante la ONU y organismos interamericanos si las autoridades mexicanas no garantizan avances en la investigaci\u00f3n.<\/p>\n<p>#NACIONAL | Los padres de Debanhi Susana Escobar Bazald\u00faa aseguraron que estar dispuestos a llevar el caso ante organismos internacionales si en M\u00e9xico no se hace justicia en el caso del feminicidio de su hija.<\/p>\n<p>El lunes por la noche, Mario Escobar y Dolores Bazald\u00faa afirmaron lo anterior en la conmemoraci\u00f3n de una misa, a tres a\u00f1os del hallazgo del cuerpo de su hija, reportada como desaparecida el 9 de abril de 2022 en Nuevo Le\u00f3n.<\/p>\n<p>(Ir\u00edamos) Obviamente ante organizaciones internacionales, la ONU Mujeres, organizaciones interamericanas que se han acercado a nosotros\u201d, revel\u00f3 el padre.<\/p>\n<p>A\u00f1adi\u00f3 que han cumplido con todos los protocolos de ley en Nuevo Le\u00f3n y con la autoridad federal, que atrajo el caso a trav\u00e9s de la Fiscal\u00eda General de la Rep\u00fablica (FGR), sin embargo, si en un momento sienten que ya no hay garant\u00edas ni avances en la investigaci\u00f3n acudir\u00e1n a las instancias internacionales.<\/p>\n<p>Debanhi Escobar desapareci\u00f3 tras acudir a una fiesta en una quinta en el municipio de General Escobedo, conurbado a Monterrey, y su cuerpo fue localizado el 21 de abril en una cisterna en desuso del Motel Nueva Castilla, cerca del sitio en donde fue vista por \u00faltima vez con vida.<\/p>\n<p>Si no hay avances, nos vamos a ir a instancias internacionales, pero ya no brincamos ning\u00fan protocolo. Se nos han acercado muchas fuentes, entonces no descartamos nada\u201d, subray\u00f3 Escobar.<\/p>\n<p>Agreg\u00f3 que se asegurar\u00e1n de que el crimen de su hija no quede impune y no van a descansar hasta obtener justicia \u201cno va a quedar impune, no vamos a descansar\u201d, estableci\u00f3.<\/p>\n<p>A tres a\u00f1os del hallazgo de los restos de su hija y de que no han existido avances en la investigaci\u00f3n, Escobar confes\u00f3 que se encuentran muy enojados, indignados.<\/p>\n<p>\u201cLos protocolos seguir\u00edan con los organismos internacionales\u201d, remarc\u00f3 el padre, quien dijo que busca hacer justicia en memoria de su hija.<\/p>\n<p>Lament\u00f3 que la carpeta de investigaci\u00f3n \u201cest\u00e9n sin avances\u201d, entre otras cosas, por la situaci\u00f3n que se present\u00f3 del cambio de gobierno a nivel federal y una huelga de trabajadores del Poder Judicial.<\/p>\n<p>\u201cTraemos mucho coraje, mucha frustraci\u00f3n porque no ha habido avances, estoy a punto de decir muchas cosas, pero tengo que esperar, le sigo dando la oportunidad a las autoridades\u201d, mencion\u00f3 Escobar.<\/p>\n<p>Comparti\u00f3 que ya solicitaron una entrevista con la presidenta de M\u00e9xico, Claudia Sheinbaum, para plantear su caso.<\/p>\n<p>\u201cEsperamos pronto charlar con la presidenta, Claudia Sheinbaum, de mujer a mujer con mi esposa. Que sienta lo que siente una madre porque as\u00ed como nosotros hay mucha gente de desaparecidos\u201d, adelant\u00f3 la madre.<\/p>\n","protected":false},"excerpt":{"rendered":"<p>\ud83d\udd38 A tres a\u00f1os del hallazgo del cuerpo de su hija, Mario Escobar y Dolores Bazald\u00faa consideran llevar el caso ante la ONU y organismos interamericanos si las autoridades mexicanas no garantizan avances en la investigaci\u00f3n. #NACIONAL | Los padres&#8230;<\/p>\n","protected":false},"author":1,"featured_media":23967,"comment_status":"open","ping_status":"closed","sticky":false,"template":"","format":"standard","meta":{"footnotes":""},"categories":[7],"tags":[],"class_list":["post-23965","post","type-post","status-publish","format-standard","has-post-thumbnail","hentry","category-nacional"],"yoast_head":"<!-- This site is optimized with the Yoast SEO plugin v27.4 - https:\/\/yoast.com\/product\/yoast-seo-wordpress\/ -->\n<title>Padres de Debanhi Escobar buscar\u00e1n justicia ante instancias internacionales -<\/title>\n<meta name=\"robots\" content=\"index, follow, max-snippet:-1, max-image-preview:large, max-video-preview:-1\" \/>\n<link rel=\"canonical\" href=\"https:\/\/whatsappmexico.com\/?p=23965\" \/>\n<meta property=\"og:locale\" content=\"es_ES\" \/>\n<meta property=\"og:type\" content=\"article\" \/>\n<meta property=\"og:title\" content=\"Padres de Debanhi Escobar buscar\u00e1n justicia ante instancias internacionales -\" \/>\n<meta property=\"og:description\" content=\"\ud83d\udd38 A tres a\u00f1os del hallazgo del cuerpo de su hija, Mario Escobar y Dolores Bazald\u00faa consideran llevar el caso ante la ONU y organismos interamericanos si las autoridades mexicanas no garantizan avances en la investigaci\u00f3n. #NACIONAL | Los padres...\" \/>\n<meta property=\"og:url\" content=\"https:\/\/whatsappmexico.com\/?p=23965\" \/>\n<meta property=\"article:published_time\" content=\"2025-04-22T21:00:39+00:00\" \/>\n<meta property=\"og:image\" content=\"https:\/\/whatsappmexico.com\/wp-content\/uploads\/2025\/04\/WhatsApp-Image-2025-04-22-at-10.33.16.jpeg\" \/>\n\t<meta property=\"og:image:width\" content=\"1600\" \/>\n\t<meta property=\"og:image:height\" content=\"1023\" \/>\n\t<meta property=\"og:image:type\" content=\"image\/jpeg\" \/>\n<meta name=\"author\" content=\"admin\" \/>\n<meta name=\"twitter:card\" content=\"summary_large_image\" \/>\n<meta name=\"twitter:label1\" content=\"Escrito por\" \/>\n\t<meta name=\"twitter:data1\" content=\"admin\" \/>\n\t<meta name=\"twitter:label2\" content=\"Tiempo de lectura\" \/>\n\t<meta name=\"twitter:data2\" content=\"2 minutos\" \/>\n<script type=\"application\/ld+json\" class=\"yoast-schema-graph\">{\"@context\":\"https:\\\/\\\/schema.org\",\"@graph\":[{\"@type\":\"Article\",\"@id\":\"https:\\\/\\\/whatsappmexico.com\\\/?p=23965#article\",\"isPartOf\":{\"@id\":\"https:\\\/\\\/whatsappmexico.com\\\/?p=23965\"},\"author\":{\"name\":\"admin\",\"@id\":\"https:\\\/\\\/whatsappmexico.com\\\/#\\\/schema\\\/person\\\/082b02d197e5c0d9eeef91cf10d3643e\"},\"headline\":\"Padres de Debanhi Escobar buscar\u00e1n justicia ante instancias internacionales\",\"datePublished\":\"2025-04-22T21:00:39+00:00\",\"mainEntityOfPage\":{\"@id\":\"https:\\\/\\\/whatsappmexico.com\\\/?p=23965\"},\"wordCount\":494,\"commentCount\":0,\"image\":{\"@id\":\"https:\\\/\\\/whatsappmexico.com\\\/?p=23965#primaryimage\"},\"thumbnailUrl\":\"https:\\\/\\\/whatsappmexico.com\\\/wp-content\\\/uploads\\\/2025\\\/04\\\/WhatsApp-Image-2025-04-22-at-10.33.16.jpeg\",\"articleSection\":[\"Nacional\"],\"inLanguage\":\"es\",\"potentialAction\":[{\"@type\":\"CommentAction\",\"name\":\"Comment\",\"target\":[\"https:\\\/\\\/whatsappmexico.com\\\/?p=23965#respond\"]}]},{\"@type\":\"WebPage\",\"@id\":\"https:\\\/\\\/whatsappmexico.com\\\/?p=23965\",\"url\":\"https:\\\/\\\/whatsappmexico.com\\\/?p=23965\",\"name\":\"Padres de Debanhi Escobar buscar\u00e1n justicia ante instancias internacionales -\",\"isPartOf\":{\"@id\":\"https:\\\/\\\/whatsappmexico.com\\\/#website\"},\"primaryImageOfPage\":{\"@id\":\"https:\\\/\\\/whatsappmexico.com\\\/?p=23965#primaryimage\"},\"image\":{\"@id\":\"https:\\\/\\\/whatsappmexico.com\\\/?p=23965#primaryimage\"},\"thumbnailUrl\":\"https:\\\/\\\/whatsappmexico.com\\\/wp-content\\\/uploads\\\/2025\\\/04\\\/WhatsApp-Image-2025-04-22-at-10.33.16.jpeg\",\"datePublished\":\"2025-04-22T21:00:39+00:00\",\"author\":{\"@id\":\"https:\\\/\\\/whatsappmexico.com\\\/#\\\/schema\\\/person\\\/082b02d197e5c0d9eeef91cf10d3643e\"},\"breadcrumb\":{\"@id\":\"https:\\\/\\\/whatsappmexico.com\\\/?p=23965#breadcrumb\"},\"inLanguage\":\"es\",\"potentialAction\":[{\"@type\":\"ReadAction\",\"target\":[\"https:\\\/\\\/whatsappmexico.com\\\/?p=23965\"]}]},{\"@type\":\"ImageObject\",\"inLanguage\":\"es\",\"@id\":\"https:\\\/\\\/whatsappmexico.com\\\/?p=23965#primaryimage\",\"url\":\"https:\\\/\\\/whatsappmexico.com\\\/wp-content\\\/uploads\\\/2025\\\/04\\\/WhatsApp-Image-2025-04-22-at-10.33.16.jpeg\",\"contentUrl\":\"https:\\\/\\\/whatsappmexico.com\\\/wp-content\\\/uploads\\\/2025\\\/04\\\/WhatsApp-Image-2025-04-22-at-10.33.16.jpeg\",\"width\":1600,\"height\":1023},{\"@type\":\"BreadcrumbList\",\"@id\":\"https:\\\/\\\/whatsappmexico.com\\\/?p=23965#breadcrumb\",\"itemListElement\":[{\"@type\":\"ListItem\",\"position\":1,\"name\":\"Portada\",\"item\":\"https:\\\/\\\/whatsappmexico.com\\\/\"},{\"@type\":\"ListItem\",\"position\":2,\"name\":\"Padres de Debanhi Escobar buscar\u00e1n justicia ante instancias internacionales\"}]},{\"@type\":\"WebSite\",\"@id\":\"https:\\\/\\\/whatsappmexico.com\\\/#website\",\"url\":\"https:\\\/\\\/whatsappmexico.com\\\/\",\"name\":\"\",\"description\":\"La Noticia M\u00e1s R\u00e1pida\",\"potentialAction\":[{\"@type\":\"SearchAction\",\"target\":{\"@type\":\"EntryPoint\",\"urlTemplate\":\"https:\\\/\\\/whatsappmexico.com\\\/?s={search_term_string}\"},\"query-input\":{\"@type\":\"PropertyValueSpecification\",\"valueRequired\":true,\"valueName\":\"search_term_string\"}}],\"inLanguage\":\"es\"},{\"@type\":\"Person\",\"@id\":\"https:\\\/\\\/whatsappmexico.com\\\/#\\\/schema\\\/person\\\/082b02d197e5c0d9eeef91cf10d3643e\",\"name\":\"admin\",\"image\":{\"@type\":\"ImageObject\",\"inLanguage\":\"es\",\"@id\":\"https:\\\/\\\/secure.gravatar.com\\\/avatar\\\/c2e50278fd314cf93ecf18c6171760d6d7972373780a207099fd11e86caef7a0?s=96&d=mm&r=g\",\"url\":\"https:\\\/\\\/secure.gravatar.com\\\/avatar\\\/c2e50278fd314cf93ecf18c6171760d6d7972373780a207099fd11e86caef7a0?s=96&d=mm&r=g\",\"contentUrl\":\"https:\\\/\\\/secure.gravatar.com\\\/avatar\\\/c2e50278fd314cf93ecf18c6171760d6d7972373780a207099fd11e86caef7a0?s=96&d=mm&r=g\",\"caption\":\"admin\"},\"sameAs\":[\"https:\\\/\\\/whatsappmexico.com\"],\"url\":\"https:\\\/\\\/whatsappmexico.com\\\/?author=1\"}]}<\/script>\n<!-- \/ Yoast SEO plugin. -->","yoast_head_json":{"title":"Padres de Debanhi Escobar buscar\u00e1n justicia ante instancias internacionales -","robots":{"index":"index","follow":"follow","max-snippet":"max-snippet:-1","max-image-preview":"max-image-preview:large","max-video-preview":"max-video-preview:-1"},"canonical":"https:\/\/whatsappmexico.com\/?p=23965","og_locale":"es_ES","og_type":"article","og_title":"Padres de Debanhi Escobar buscar\u00e1n justicia ante instancias internacionales -","og_description":"\ud83d\udd38 A tres a\u00f1os del hallazgo del cuerpo de su hija, Mario Escobar y Dolores Bazald\u00faa consideran llevar el caso ante la ONU y organismos interamericanos si las autoridades mexicanas no garantizan avances en la investigaci\u00f3n. #NACIONAL | Los padres...","og_url":"https:\/\/whatsappmexico.com\/?p=23965","article_published_time":"2025-04-22T21:00:39+00:00","og_image":[{"width":1600,"height":1023,"url":"https:\/\/whatsappmexico.com\/wp-content\/uploads\/2025\/04\/WhatsApp-Image-2025-04-22-at-10.33.16.jpeg","type":"image\/jpeg"}],"author":"admin","twitter_card":"summary_large_image","twitter_misc":{"Escrito por":"admin","Tiempo de lectura":"2 minutos"},"schema":{"@context":"https:\/\/schema.org","@graph":[{"@type":"Article","@id":"https:\/\/whatsappmexico.com\/?p=23965#article","isPartOf":{"@id":"https:\/\/whatsappmexico.com\/?p=23965"},"author":{"name":"admin","@id":"https:\/\/whatsappmexico.com\/#\/schema\/person\/082b02d197e5c0d9eeef91cf10d3643e"},"headline":"Padres de Debanhi Escobar buscar\u00e1n justicia ante instancias internacionales","datePublished":"2025-04-22T21:00:39+00:00","mainEntityOfPage":{"@id":"https:\/\/whatsappmexico.com\/?p=23965"},"wordCount":494,"commentCount":0,"image":{"@id":"https:\/\/whatsappmexico.com\/?p=23965#primaryimage"},"thumbnailUrl":"https:\/\/whatsappmexico.com\/wp-content\/uploads\/2025\/04\/WhatsApp-Image-2025-04-22-at-10.33.16.jpeg","articleSection":["Nacional"],"inLanguage":"es","potentialAction":[{"@type":"CommentAction","name":"Comment","target":["https:\/\/whatsappmexico.com\/?p=23965#respond"]}]},{"@type":"WebPage","@id":"https:\/\/whatsappmexico.com\/?p=23965","url":"https:\/\/whatsappmexico.com\/?p=23965","name":"Padres de Debanhi Escobar buscar\u00e1n justicia ante instancias internacionales -","isPartOf":{"@id":"https:\/\/whatsappmexico.com\/#website"},"primaryImageOfPage":{"@id":"https:\/\/whatsappmexico.com\/?p=23965#primaryimage"},"image":{"@id":"https:\/\/whatsappmexico.com\/?p=23965#primaryimage"},"thumbnailUrl":"https:\/\/whatsappmexico.com\/wp-content\/uploads\/2025\/04\/WhatsApp-Image-2025-04-22-at-10.33.16.jpeg","datePublished":"2025-04-22T21:00:39+00:00","author":{"@id":"https:\/\/whatsappmexico.com\/#\/schema\/person\/082b02d197e5c0d9eeef91cf10d3643e"},"breadcrumb":{"@id":"https:\/\/whatsappmexico.com\/?p=23965#breadcrumb"},"inLanguage":"es","potentialAction":[{"@type":"ReadAction","target":["https:\/\/whatsappmexico.com\/?p=23965"]}]},{"@type":"ImageObject","inLanguage":"es","@id":"https:\/\/whatsappmexico.com\/?p=23965#primaryimage","url":"https:\/\/whatsappmexico.com\/wp-content\/uploads\/2025\/04\/WhatsApp-Image-2025-04-22-at-10.33.16.jpeg","contentUrl":"https:\/\/whatsappmexico.com\/wp-content\/uploads\/2025\/04\/WhatsApp-Image-2025-04-22-at-10.33.16.jpeg","width":1600,"height":1023},{"@type":"BreadcrumbList","@id":"https:\/\/whatsappmexico.com\/?p=23965#breadcrumb","itemListElement":[{"@type":"ListItem","position":1,"name":"Portada","item":"https:\/\/whatsappmexico.com\/"},{"@type":"ListItem","position":2,"name":"Padres de Debanhi Escobar buscar\u00e1n justicia ante instancias internacionales"}]},{"@type":"WebSite","@id":"https:\/\/whatsappmexico.com\/#website","url":"https:\/\/whatsappmexico.com\/","name":"","description":"La Noticia M\u00e1s R\u00e1pida","potentialAction":[{"@type":"SearchAction","target":{"@type":"EntryPoint","urlTemplate":"https:\/\/whatsappmexico.com\/?s={search_term_string}"},"query-input":{"@type":"PropertyValueSpecification","valueRequired":true,"valueName":"search_term_string"}}],"inLanguage":"es"},{"@type":"Person","@id":"https:\/\/whatsappmexico.com\/#\/schema\/person\/082b02d197e5c0d9eeef91cf10d3643e","name":"admin","image":{"@type":"ImageObject","inLanguage":"es","@id":"https:\/\/secure.gravatar.com\/avatar\/c2e50278fd314cf93ecf18c6171760d6d7972373780a207099fd11e86caef7a0?s=96&d=mm&r=g","url":"https:\/\/secure.gravatar.com\/avatar\/c2e50278fd314cf93ecf18c6171760d6d7972373780a207099fd11e86caef7a0?s=96&d=mm&r=g","contentUrl":"https:\/\/secure.gravatar.com\/avatar\/c2e50278fd314cf93ecf18c6171760d6d7972373780a207099fd11e86caef7a0?s=96&d=mm&r=g","caption":"admin"},"sameAs":["https:\/\/whatsappmexico.com"],"url":"https:\/\/whatsappmexico.com\/?author=1"}]}},"_links":{"self":[{"href":"https:\/\/whatsappmexico.com\/index.php?rest_route=\/wp\/v2\/posts\/23965","targetHints":{"allow":["GET"]}}],"collection":[{"href":"https:\/\/whatsappmexico.com\/index.php?rest_route=\/wp\/v2\/posts"}],"about":[{"href":"https:\/\/whatsappmexico.com\/index.php?rest_route=\/wp\/v2\/types\/post"}],"author":[{"embeddable":true,"href":"https:\/\/whatsappmexico.com\/index.php?rest_route=\/wp\/v2\/users\/1"}],"replies":[{"embeddable":true,"href":"https:\/\/whatsappmexico.com\/index.php?rest_route=%2Fwp%2Fv2%2Fcomments&post=23965"}],"version-history":[{"count":1,"href":"https:\/\/whatsappmexico.com\/index.php?rest_route=\/wp\/v2\/posts\/23965\/revisions"}],"predecessor-version":[{"id":23966,"href":"https:\/\/whatsappmexico.com\/index.php?rest_route=\/wp\/v2\/posts\/23965\/revisions\/23966"}],"wp:featuredmedia":[{"embeddable":true,"href":"https:\/\/whatsappmexico.com\/index.php?rest_route=\/wp\/v2\/media\/23967"}],"wp:attachment":[{"href":"https:\/\/whatsappmexico.com\/index.php?rest_route=%2Fwp%2Fv2%2Fmedia&parent=23965"}],"wp:term":[{"taxonomy":"category","embeddable":true,"href":"https:\/\/whatsappmexico.com\/index.php?rest_route=%2Fwp%2Fv2%2Fcategories&post=23965"},{"taxonomy":"post_tag","embeddable":true,"href":"https:\/\/whatsappmexico.com\/index.php?rest_route=%2Fwp%2Fv2%2Ftags&post=23965"}],"curies":[{"name":"wp","href":"https:\/\/api.w.org\/{rel}","templated":true}]}}