{"id":24019,"date":"2025-04-23T20:00:29","date_gmt":"2025-04-24T01:00:29","guid":{"rendered":"https:\/\/whatsappmexico.com\/?p=24019"},"modified":"2025-04-23T19:12:28","modified_gmt":"2025-04-23T19:12:28","slug":"robert-sarah-el-cardenal-africano-que-podria-suceder-al-papa-francisco-segun-la-ia","status":"publish","type":"post","link":"https:\/\/whatsappmexico.com\/?p=24019","title":{"rendered":"Robert Sarah, el cardenal africano que podr\u00eda suceder al papa Francisco, seg\u00fan la IA"},"content":{"rendered":"<p>\ud83d\udd38 De acuerdo con varias herramientas de Inteligencia Artificial, el cardenal tiene las mayores posibilidades de ser elegido.<\/p>\n<p>#VATICANO | Mientras la Iglesia cat\u00f3lica se prepara para el c\u00f3nclave que elegir\u00e1 al nuevo papa, tras la muerte de Francisco, la inteligencia artificial vaticina que el elegido ser\u00e1 Robert Sarah.<\/p>\n<p>De acuerdo con varias herramientas de IA consultadas por Milenio, el cardenal originario de Guinea tiene las mayores posibilidades de ser elegido papa.<\/p>\n<p>Robert Sarah es una figura destacada dentro del ala m\u00e1s conservadora de la Iglesia, caracterizado por su defensa de la doctrina cat\u00f3lica tradicional.<\/p>\n<p>Se ha pronunciado por recuperar el \u201csentido de la adoraci\u00f3n y de la postraci\u00f3n con fe y asombro ante el misterio de Dios\u201d.<\/p>\n<p>La p\u00e9rdida del valor religioso de arrodillarse y del sentido de adoraci\u00f3n a Dios es el origen de todos los incendios y crisis que sacuden al mundo y a la Iglesia, de la inquietud e insatisfacci\u00f3n que vemos en nuestra sociedad\u201d, sostiene.<\/p>\n<p>El cardenal africano desat\u00f3 la pol\u00e9mica por sus cr\u00edticas a la bendici\u00f3n de las parejas homosexuales, aprobada por el papa Francisco.<\/p>\n<p>Presumi\u00f3 que las uniones homosexuales no son leg\u00edtimas ni conforme a la naturaleza creada por Dios.<\/p>\n<p>Sarah tambi\u00e9n ha dedicado su carrera eclesi\u00e1stica a la lucha contra las dictaduras africanas.<\/p>\n<p>Aunque se perfila como uno de los candidatos m\u00e1s fuertes a suceder al papa Francisco se encuentra en el l\u00edmite de edad para ser elegido.<\/p>\n<p>Tiene 79 a\u00f1os. Cabe recordar que a partir de los 80 a\u00f1os los cardenales dejan de ser candidatos a sumo pont\u00edfice.<\/p>\n<p>El papa Francisco muri\u00f3 este lunes en su residencia de la Casa Santa Marta, anunci\u00f3 en un video mensaje el camarlengo, el cardenal Kevin Joseph Farrel.<\/p>\n<p>Con profundo dolor tengo que anunciar que el papa Francisco ha muerto a las 7:35 horas de hoy, el obispo de Roma ha vuelto a la casa del padre, su vida entera ha estado dedicada servicio del Se\u00f1or y de su Iglesia y nos ha ense\u00f1ado el valor del evangelio con fidelidad, valor y amor universal y en manera particular a favor de los m\u00e1s pobres y marginados\u201d, anunci\u00f3 Farrel.<\/p>\n<p>Y contin\u00fao: \u201cCon inmensa gratitud por su ejemplo como disc\u00edpulo del Se\u00f1or Jes\u00fas recomendamos el alma del papa Francisco al infinito amor misericordioso de Dios Uno e trino\u201d.<\/p>\n<p>En el video, grabado en la capilla de la Casa Santa Marta tambi\u00e9n aparecen el secretario de Estado, el cardenal Pietro Parolin y el sustituto de la secretaria de Estado, el venezolano Edgar Pe\u00f1a Parra.<\/p>\n","protected":false},"excerpt":{"rendered":"<p>\ud83d\udd38 De acuerdo con varias herramientas de Inteligencia Artificial, el cardenal tiene las mayores posibilidades de ser elegido. #VATICANO | Mientras la Iglesia cat\u00f3lica se prepara para el c\u00f3nclave que elegir\u00e1 al nuevo papa, tras la muerte de Francisco, la&#8230;<\/p>\n","protected":false},"author":1,"featured_media":24021,"comment_status":"open","ping_status":"closed","sticky":false,"template":"","format":"standard","meta":{"footnotes":""},"categories":[5],"tags":[],"class_list":["post-24019","post","type-post","status-publish","format-standard","has-post-thumbnail","hentry","category-internacional"],"yoast_head":"<!-- This site is optimized with the Yoast SEO plugin v27.5 - https:\/\/yoast.com\/product\/yoast-seo-wordpress\/ -->\n<title>Robert Sarah, el cardenal africano que podr\u00eda suceder al papa Francisco, seg\u00fan la IA -<\/title>\n<meta name=\"robots\" content=\"index, follow, max-snippet:-1, max-image-preview:large, max-video-preview:-1\" \/>\n<link rel=\"canonical\" href=\"https:\/\/whatsappmexico.com\/?p=24019\" \/>\n<meta property=\"og:locale\" content=\"es_ES\" \/>\n<meta property=\"og:type\" content=\"article\" \/>\n<meta property=\"og:title\" content=\"Robert Sarah, el cardenal africano que podr\u00eda suceder al papa Francisco, seg\u00fan la IA -\" \/>\n<meta property=\"og:description\" content=\"\ud83d\udd38 De acuerdo con varias herramientas de Inteligencia Artificial, el cardenal tiene las mayores posibilidades de ser elegido. #VATICANO | Mientras la Iglesia cat\u00f3lica se prepara para el c\u00f3nclave que elegir\u00e1 al nuevo papa, tras la muerte de Francisco, la...\" \/>\n<meta property=\"og:url\" content=\"https:\/\/whatsappmexico.com\/?p=24019\" \/>\n<meta property=\"article:published_time\" content=\"2025-04-24T01:00:29+00:00\" \/>\n<meta property=\"og:image\" content=\"https:\/\/whatsappmexico.com\/wp-content\/uploads\/2025\/04\/WhatsApp-Image-2025-04-23-at-14.10.20.jpeg\" \/>\n\t<meta property=\"og:image:width\" content=\"980\" \/>\n\t<meta property=\"og:image:height\" content=\"551\" \/>\n\t<meta property=\"og:image:type\" content=\"image\/jpeg\" \/>\n<meta name=\"author\" content=\"admin\" \/>\n<meta name=\"twitter:card\" content=\"summary_large_image\" \/>\n<meta name=\"twitter:label1\" content=\"Escrito por\" \/>\n\t<meta name=\"twitter:data1\" content=\"admin\" \/>\n\t<meta name=\"twitter:label2\" content=\"Tiempo de lectura\" \/>\n\t<meta name=\"twitter:data2\" content=\"2 minutos\" \/>\n<script type=\"application\/ld+json\" class=\"yoast-schema-graph\">{\"@context\":\"https:\\\/\\\/schema.org\",\"@graph\":[{\"@type\":\"Article\",\"@id\":\"https:\\\/\\\/whatsappmexico.com\\\/?p=24019#article\",\"isPartOf\":{\"@id\":\"https:\\\/\\\/whatsappmexico.com\\\/?p=24019\"},\"author\":{\"name\":\"admin\",\"@id\":\"https:\\\/\\\/whatsappmexico.com\\\/#\\\/schema\\\/person\\\/082b02d197e5c0d9eeef91cf10d3643e\"},\"headline\":\"Robert Sarah, el cardenal africano que podr\u00eda suceder al papa Francisco, seg\u00fan la IA\",\"datePublished\":\"2025-04-24T01:00:29+00:00\",\"mainEntityOfPage\":{\"@id\":\"https:\\\/\\\/whatsappmexico.com\\\/?p=24019\"},\"wordCount\":456,\"commentCount\":0,\"image\":{\"@id\":\"https:\\\/\\\/whatsappmexico.com\\\/?p=24019#primaryimage\"},\"thumbnailUrl\":\"https:\\\/\\\/whatsappmexico.com\\\/wp-content\\\/uploads\\\/2025\\\/04\\\/WhatsApp-Image-2025-04-23-at-14.10.20.jpeg\",\"articleSection\":[\"Internacional\"],\"inLanguage\":\"es\",\"potentialAction\":[{\"@type\":\"CommentAction\",\"name\":\"Comment\",\"target\":[\"https:\\\/\\\/whatsappmexico.com\\\/?p=24019#respond\"]}]},{\"@type\":\"WebPage\",\"@id\":\"https:\\\/\\\/whatsappmexico.com\\\/?p=24019\",\"url\":\"https:\\\/\\\/whatsappmexico.com\\\/?p=24019\",\"name\":\"Robert Sarah, el cardenal africano que podr\u00eda suceder al papa Francisco, seg\u00fan la IA -\",\"isPartOf\":{\"@id\":\"https:\\\/\\\/whatsappmexico.com\\\/#website\"},\"primaryImageOfPage\":{\"@id\":\"https:\\\/\\\/whatsappmexico.com\\\/?p=24019#primaryimage\"},\"image\":{\"@id\":\"https:\\\/\\\/whatsappmexico.com\\\/?p=24019#primaryimage\"},\"thumbnailUrl\":\"https:\\\/\\\/whatsappmexico.com\\\/wp-content\\\/uploads\\\/2025\\\/04\\\/WhatsApp-Image-2025-04-23-at-14.10.20.jpeg\",\"datePublished\":\"2025-04-24T01:00:29+00:00\",\"author\":{\"@id\":\"https:\\\/\\\/whatsappmexico.com\\\/#\\\/schema\\\/person\\\/082b02d197e5c0d9eeef91cf10d3643e\"},\"breadcrumb\":{\"@id\":\"https:\\\/\\\/whatsappmexico.com\\\/?p=24019#breadcrumb\"},\"inLanguage\":\"es\",\"potentialAction\":[{\"@type\":\"ReadAction\",\"target\":[\"https:\\\/\\\/whatsappmexico.com\\\/?p=24019\"]}]},{\"@type\":\"ImageObject\",\"inLanguage\":\"es\",\"@id\":\"https:\\\/\\\/whatsappmexico.com\\\/?p=24019#primaryimage\",\"url\":\"https:\\\/\\\/whatsappmexico.com\\\/wp-content\\\/uploads\\\/2025\\\/04\\\/WhatsApp-Image-2025-04-23-at-14.10.20.jpeg\",\"contentUrl\":\"https:\\\/\\\/whatsappmexico.com\\\/wp-content\\\/uploads\\\/2025\\\/04\\\/WhatsApp-Image-2025-04-23-at-14.10.20.jpeg\",\"width\":980,\"height\":551},{\"@type\":\"BreadcrumbList\",\"@id\":\"https:\\\/\\\/whatsappmexico.com\\\/?p=24019#breadcrumb\",\"itemListElement\":[{\"@type\":\"ListItem\",\"position\":1,\"name\":\"Portada\",\"item\":\"https:\\\/\\\/whatsappmexico.com\\\/\"},{\"@type\":\"ListItem\",\"position\":2,\"name\":\"Robert Sarah, el cardenal africano que podr\u00eda suceder al papa Francisco, seg\u00fan la IA\"}]},{\"@type\":\"WebSite\",\"@id\":\"https:\\\/\\\/whatsappmexico.com\\\/#website\",\"url\":\"https:\\\/\\\/whatsappmexico.com\\\/\",\"name\":\"\",\"description\":\"La Noticia M\u00e1s R\u00e1pida\",\"potentialAction\":[{\"@type\":\"SearchAction\",\"target\":{\"@type\":\"EntryPoint\",\"urlTemplate\":\"https:\\\/\\\/whatsappmexico.com\\\/?s={search_term_string}\"},\"query-input\":{\"@type\":\"PropertyValueSpecification\",\"valueRequired\":true,\"valueName\":\"search_term_string\"}}],\"inLanguage\":\"es\"},{\"@type\":\"Person\",\"@id\":\"https:\\\/\\\/whatsappmexico.com\\\/#\\\/schema\\\/person\\\/082b02d197e5c0d9eeef91cf10d3643e\",\"name\":\"admin\",\"image\":{\"@type\":\"ImageObject\",\"inLanguage\":\"es\",\"@id\":\"https:\\\/\\\/secure.gravatar.com\\\/avatar\\\/c2e50278fd314cf93ecf18c6171760d6d7972373780a207099fd11e86caef7a0?s=96&d=mm&r=g\",\"url\":\"https:\\\/\\\/secure.gravatar.com\\\/avatar\\\/c2e50278fd314cf93ecf18c6171760d6d7972373780a207099fd11e86caef7a0?s=96&d=mm&r=g\",\"contentUrl\":\"https:\\\/\\\/secure.gravatar.com\\\/avatar\\\/c2e50278fd314cf93ecf18c6171760d6d7972373780a207099fd11e86caef7a0?s=96&d=mm&r=g\",\"caption\":\"admin\"},\"sameAs\":[\"https:\\\/\\\/whatsappmexico.com\"],\"url\":\"https:\\\/\\\/whatsappmexico.com\\\/?author=1\"}]}<\/script>\n<!-- \/ Yoast SEO plugin. -->","yoast_head_json":{"title":"Robert Sarah, el cardenal africano que podr\u00eda suceder al papa Francisco, seg\u00fan la IA -","robots":{"index":"index","follow":"follow","max-snippet":"max-snippet:-1","max-image-preview":"max-image-preview:large","max-video-preview":"max-video-preview:-1"},"canonical":"https:\/\/whatsappmexico.com\/?p=24019","og_locale":"es_ES","og_type":"article","og_title":"Robert Sarah, el cardenal africano que podr\u00eda suceder al papa Francisco, seg\u00fan la IA -","og_description":"\ud83d\udd38 De acuerdo con varias herramientas de Inteligencia Artificial, el cardenal tiene las mayores posibilidades de ser elegido. #VATICANO | Mientras la Iglesia cat\u00f3lica se prepara para el c\u00f3nclave que elegir\u00e1 al nuevo papa, tras la muerte de Francisco, la...","og_url":"https:\/\/whatsappmexico.com\/?p=24019","article_published_time":"2025-04-24T01:00:29+00:00","og_image":[{"width":980,"height":551,"url":"https:\/\/whatsappmexico.com\/wp-content\/uploads\/2025\/04\/WhatsApp-Image-2025-04-23-at-14.10.20.jpeg","type":"image\/jpeg"}],"author":"admin","twitter_card":"summary_large_image","twitter_misc":{"Escrito por":"admin","Tiempo de lectura":"2 minutos"},"schema":{"@context":"https:\/\/schema.org","@graph":[{"@type":"Article","@id":"https:\/\/whatsappmexico.com\/?p=24019#article","isPartOf":{"@id":"https:\/\/whatsappmexico.com\/?p=24019"},"author":{"name":"admin","@id":"https:\/\/whatsappmexico.com\/#\/schema\/person\/082b02d197e5c0d9eeef91cf10d3643e"},"headline":"Robert Sarah, el cardenal africano que podr\u00eda suceder al papa Francisco, seg\u00fan la IA","datePublished":"2025-04-24T01:00:29+00:00","mainEntityOfPage":{"@id":"https:\/\/whatsappmexico.com\/?p=24019"},"wordCount":456,"commentCount":0,"image":{"@id":"https:\/\/whatsappmexico.com\/?p=24019#primaryimage"},"thumbnailUrl":"https:\/\/whatsappmexico.com\/wp-content\/uploads\/2025\/04\/WhatsApp-Image-2025-04-23-at-14.10.20.jpeg","articleSection":["Internacional"],"inLanguage":"es","potentialAction":[{"@type":"CommentAction","name":"Comment","target":["https:\/\/whatsappmexico.com\/?p=24019#respond"]}]},{"@type":"WebPage","@id":"https:\/\/whatsappmexico.com\/?p=24019","url":"https:\/\/whatsappmexico.com\/?p=24019","name":"Robert Sarah, el cardenal africano que podr\u00eda suceder al papa Francisco, seg\u00fan la IA -","isPartOf":{"@id":"https:\/\/whatsappmexico.com\/#website"},"primaryImageOfPage":{"@id":"https:\/\/whatsappmexico.com\/?p=24019#primaryimage"},"image":{"@id":"https:\/\/whatsappmexico.com\/?p=24019#primaryimage"},"thumbnailUrl":"https:\/\/whatsappmexico.com\/wp-content\/uploads\/2025\/04\/WhatsApp-Image-2025-04-23-at-14.10.20.jpeg","datePublished":"2025-04-24T01:00:29+00:00","author":{"@id":"https:\/\/whatsappmexico.com\/#\/schema\/person\/082b02d197e5c0d9eeef91cf10d3643e"},"breadcrumb":{"@id":"https:\/\/whatsappmexico.com\/?p=24019#breadcrumb"},"inLanguage":"es","potentialAction":[{"@type":"ReadAction","target":["https:\/\/whatsappmexico.com\/?p=24019"]}]},{"@type":"ImageObject","inLanguage":"es","@id":"https:\/\/whatsappmexico.com\/?p=24019#primaryimage","url":"https:\/\/whatsappmexico.com\/wp-content\/uploads\/2025\/04\/WhatsApp-Image-2025-04-23-at-14.10.20.jpeg","contentUrl":"https:\/\/whatsappmexico.com\/wp-content\/uploads\/2025\/04\/WhatsApp-Image-2025-04-23-at-14.10.20.jpeg","width":980,"height":551},{"@type":"BreadcrumbList","@id":"https:\/\/whatsappmexico.com\/?p=24019#breadcrumb","itemListElement":[{"@type":"ListItem","position":1,"name":"Portada","item":"https:\/\/whatsappmexico.com\/"},{"@type":"ListItem","position":2,"name":"Robert Sarah, el cardenal africano que podr\u00eda suceder al papa Francisco, seg\u00fan la IA"}]},{"@type":"WebSite","@id":"https:\/\/whatsappmexico.com\/#website","url":"https:\/\/whatsappmexico.com\/","name":"","description":"La Noticia M\u00e1s R\u00e1pida","potentialAction":[{"@type":"SearchAction","target":{"@type":"EntryPoint","urlTemplate":"https:\/\/whatsappmexico.com\/?s={search_term_string}"},"query-input":{"@type":"PropertyValueSpecification","valueRequired":true,"valueName":"search_term_string"}}],"inLanguage":"es"},{"@type":"Person","@id":"https:\/\/whatsappmexico.com\/#\/schema\/person\/082b02d197e5c0d9eeef91cf10d3643e","name":"admin","image":{"@type":"ImageObject","inLanguage":"es","@id":"https:\/\/secure.gravatar.com\/avatar\/c2e50278fd314cf93ecf18c6171760d6d7972373780a207099fd11e86caef7a0?s=96&d=mm&r=g","url":"https:\/\/secure.gravatar.com\/avatar\/c2e50278fd314cf93ecf18c6171760d6d7972373780a207099fd11e86caef7a0?s=96&d=mm&r=g","contentUrl":"https:\/\/secure.gravatar.com\/avatar\/c2e50278fd314cf93ecf18c6171760d6d7972373780a207099fd11e86caef7a0?s=96&d=mm&r=g","caption":"admin"},"sameAs":["https:\/\/whatsappmexico.com"],"url":"https:\/\/whatsappmexico.com\/?author=1"}]}},"_links":{"self":[{"href":"https:\/\/whatsappmexico.com\/index.php?rest_route=\/wp\/v2\/posts\/24019","targetHints":{"allow":["GET"]}}],"collection":[{"href":"https:\/\/whatsappmexico.com\/index.php?rest_route=\/wp\/v2\/posts"}],"about":[{"href":"https:\/\/whatsappmexico.com\/index.php?rest_route=\/wp\/v2\/types\/post"}],"author":[{"embeddable":true,"href":"https:\/\/whatsappmexico.com\/index.php?rest_route=\/wp\/v2\/users\/1"}],"replies":[{"embeddable":true,"href":"https:\/\/whatsappmexico.com\/index.php?rest_route=%2Fwp%2Fv2%2Fcomments&post=24019"}],"version-history":[{"count":1,"href":"https:\/\/whatsappmexico.com\/index.php?rest_route=\/wp\/v2\/posts\/24019\/revisions"}],"predecessor-version":[{"id":24020,"href":"https:\/\/whatsappmexico.com\/index.php?rest_route=\/wp\/v2\/posts\/24019\/revisions\/24020"}],"wp:featuredmedia":[{"embeddable":true,"href":"https:\/\/whatsappmexico.com\/index.php?rest_route=\/wp\/v2\/media\/24021"}],"wp:attachment":[{"href":"https:\/\/whatsappmexico.com\/index.php?rest_route=%2Fwp%2Fv2%2Fmedia&parent=24019"}],"wp:term":[{"taxonomy":"category","embeddable":true,"href":"https:\/\/whatsappmexico.com\/index.php?rest_route=%2Fwp%2Fv2%2Fcategories&post=24019"},{"taxonomy":"post_tag","embeddable":true,"href":"https:\/\/whatsappmexico.com\/index.php?rest_route=%2Fwp%2Fv2%2Ftags&post=24019"}],"curies":[{"name":"wp","href":"https:\/\/api.w.org\/{rel}","templated":true}]}}