{"id":31648,"date":"2025-12-10T10:00:30","date_gmt":"2025-12-10T15:00:30","guid":{"rendered":"https:\/\/whatsappmexico.com\/?p=31648"},"modified":"2025-12-10T15:59:20","modified_gmt":"2025-12-10T15:59:20","slug":"pasion-de-cristo-de-iztapalapa-entra-en-la-lista-de-patrimonio-cultural-inmaterial-de-la-humanidad","status":"publish","type":"post","link":"https:\/\/whatsappmexico.com\/?p=31648","title":{"rendered":"Pasi\u00f3n de Cristo de Iztapalapa entra en la lista de Patrimonio Cultural Inmaterial de la Humanidad"},"content":{"rendered":"<p>\ud83d\udd38 La Unesco apunt\u00f3 que la Pasi\u00f3n de Cristo de Iztapalapa \u201cse trata de una manifestaci\u00f3n que trasciende lo religioso\u201d<\/p>\n<p>&nbsp;<\/p>\n<p>#CDMX | La Unesco inscribi\u00f3 este mi\u00e9rcoles 10 de diciembre de 2025 la Representaci\u00f3n de la Pasi\u00f3n, Muerte y Resurrecci\u00f3n de Cristo de Iztapalapa en su Lista Representativa del Patrimonio Cultural Inmaterial de la Humanidad, otorgando estatus global al mayor viacrucis de M\u00e9xico.<\/p>\n<p>&nbsp;<\/p>\n<p>&nbsp;<\/p>\n<p>&nbsp;<\/p>\n<p>&nbsp;<\/p>\n<p>\u201cSe trata de una manifestaci\u00f3n que trasciende lo religioso. Es un acto de unidad, fe, resiliencia, que convoca a miles de personas en un ejercicio colectivo de memoria, identidad y participaci\u00f3n\u201d, dijo la subdirectora de Patrimonio Inmaterial de M\u00e9xico, Edaly Quiroz, durante la vig\u00e9sima reuni\u00f3n del Comit\u00e9 Intergubernamental de la Unesco que se celebra en Nueva Delhi.<\/p>\n<p>&nbsp;<\/p>\n<p>&nbsp;<\/p>\n<p>La celebraci\u00f3n moviliza cada a\u00f1o a los ocho barrios originarios de Iztapalapa, al oriente de la Ciudad de M\u00e9xico, donde los vecinos transforman el espacio urbano en escenarios b\u00edblicos para escenificar los episodios de pasi\u00f3n y muerte de Cristo.<\/p>\n<p>&nbsp;<\/p>\n<p>&nbsp;<\/p>\n<p>Se trata de la representaci\u00f3n de Semana Santa m\u00e1s multitudinaria del pa\u00eds y una de las mayores concentraciones religiosas de Am\u00e9rica Latina. En 2024 reuni\u00f3 a m\u00e1s de 1,4 millones de asistentes y, en ediciones previas a la pandemia, lleg\u00f3 a superar los dos millones de personas en las calles.<\/p>\n<p>&nbsp;<\/p>\n<p>&nbsp;<\/p>\n<p>Esta tradici\u00f3n naci\u00f3 en 1833 como un voto comunitario para pedir el fin de una epidemia de c\u00f3lera que diezmaba a la poblaci\u00f3n. Una d\u00e9cada despu\u00e9s se formaliz\u00f3 aquel compromiso con la primera puesta en escena, iniciando en 1843 un ciclo que acumula ya m\u00e1s de 180 a\u00f1os de historia ininterrumpida.<\/p>\n<p>&nbsp;<\/p>\n<p>&nbsp;<\/p>\n<p>Iztapalapa, una alcald\u00eda hist\u00f3ricamente marcada por desaf\u00edos de seguridad y densidad demogr\u00e1fica, encuentra en el viacrucis su principal motor de cohesi\u00f3n social.<\/p>\n<p>&nbsp;<\/p>\n<p>&nbsp;<\/p>\n<p>M\u00e9xico defendi\u00f3 ante la Unesco que la tradici\u00f3n ha sabido evolucionar, integrando en sus estatutos principios de igualdad de g\u00e9nero y derechos humanos. El plan de salvaguardia aprobado contempla reforzar los archivos hist\u00f3ricos y consolidar al Comit\u00e9 Organizador de la Semana Santa en Iztapalapa (COSSIAC) como el \u00f3rgano rector leg\u00edtimo de la celebraci\u00f3n.<\/p>\n<p>&nbsp;<\/p>\n<p>&nbsp;<\/p>\n<p>Con esta inscripci\u00f3n, la Pasi\u00f3n de Cristo de Iztapalapa se suma a expresiones ic\u00f3nicas como la cocina tradicional, el D\u00eda de Muertos, el mariachi o el bolero, ampliando el cat\u00e1logo de manifestaciones mexicanas reconocidas por el organismo internacional.<\/p>\n","protected":false},"excerpt":{"rendered":"<p>\ud83d\udd38 La Unesco apunt\u00f3 que la Pasi\u00f3n de Cristo de Iztapalapa \u201cse trata de una manifestaci\u00f3n que trasciende lo religioso\u201d &nbsp; #CDMX | La Unesco inscribi\u00f3 este mi\u00e9rcoles 10 de diciembre de 2025 la Representaci\u00f3n de la Pasi\u00f3n, Muerte y&#8230;<\/p>\n","protected":false},"author":1,"featured_media":31650,"comment_status":"open","ping_status":"closed","sticky":false,"template":"","format":"standard","meta":{"footnotes":""},"categories":[144],"tags":[],"class_list":["post-31648","post","type-post","status-publish","format-standard","has-post-thumbnail","hentry","category-cdmx"],"yoast_head":"<!-- This site is optimized with the Yoast SEO plugin v27.4 - https:\/\/yoast.com\/product\/yoast-seo-wordpress\/ -->\n<title>Pasi\u00f3n de Cristo de Iztapalapa entra en la lista de Patrimonio Cultural Inmaterial de la Humanidad -<\/title>\n<meta name=\"robots\" content=\"index, follow, max-snippet:-1, max-image-preview:large, max-video-preview:-1\" \/>\n<link rel=\"canonical\" href=\"https:\/\/whatsappmexico.com\/?p=31648\" \/>\n<meta property=\"og:locale\" content=\"es_ES\" \/>\n<meta property=\"og:type\" content=\"article\" \/>\n<meta property=\"og:title\" content=\"Pasi\u00f3n de Cristo de Iztapalapa entra en la lista de Patrimonio Cultural Inmaterial de la Humanidad -\" \/>\n<meta property=\"og:description\" content=\"\ud83d\udd38 La Unesco apunt\u00f3 que la Pasi\u00f3n de Cristo de Iztapalapa \u201cse trata de una manifestaci\u00f3n que trasciende lo religioso\u201d &nbsp; #CDMX | La Unesco inscribi\u00f3 este mi\u00e9rcoles 10 de diciembre de 2025 la Representaci\u00f3n de la Pasi\u00f3n, Muerte y...\" \/>\n<meta property=\"og:url\" content=\"https:\/\/whatsappmexico.com\/?p=31648\" \/>\n<meta property=\"article:published_time\" content=\"2025-12-10T15:00:30+00:00\" \/>\n<meta property=\"article:modified_time\" content=\"2025-12-10T15:59:20+00:00\" \/>\n<meta name=\"author\" content=\"admin\" \/>\n<meta name=\"twitter:card\" content=\"summary_large_image\" \/>\n<meta name=\"twitter:label1\" content=\"Escrito por\" \/>\n\t<meta name=\"twitter:data1\" content=\"admin\" \/>\n\t<meta name=\"twitter:label2\" content=\"Tiempo de lectura\" \/>\n\t<meta name=\"twitter:data2\" content=\"2 minutos\" \/>\n<script type=\"application\/ld+json\" class=\"yoast-schema-graph\">{\"@context\":\"https:\\\/\\\/schema.org\",\"@graph\":[{\"@type\":\"Article\",\"@id\":\"https:\\\/\\\/whatsappmexico.com\\\/?p=31648#article\",\"isPartOf\":{\"@id\":\"https:\\\/\\\/whatsappmexico.com\\\/?p=31648\"},\"author\":{\"name\":\"admin\",\"@id\":\"https:\\\/\\\/whatsappmexico.com\\\/#\\\/schema\\\/person\\\/082b02d197e5c0d9eeef91cf10d3643e\"},\"headline\":\"Pasi\u00f3n de Cristo de Iztapalapa entra en la lista de Patrimonio Cultural Inmaterial de la Humanidad\",\"datePublished\":\"2025-12-10T15:00:30+00:00\",\"dateModified\":\"2025-12-10T15:59:20+00:00\",\"mainEntityOfPage\":{\"@id\":\"https:\\\/\\\/whatsappmexico.com\\\/?p=31648\"},\"wordCount\":443,\"commentCount\":0,\"image\":{\"@id\":\"https:\\\/\\\/whatsappmexico.com\\\/?p=31648#primaryimage\"},\"thumbnailUrl\":\"https:\\\/\\\/whatsappmexico.com\\\/wp-content\\\/uploads\\\/2025\\\/12\\\/WhatsApp-Image-2025-12-10-at-10.57.23.jpeg\",\"articleSection\":[\"CDMX\"],\"inLanguage\":\"es\",\"potentialAction\":[{\"@type\":\"CommentAction\",\"name\":\"Comment\",\"target\":[\"https:\\\/\\\/whatsappmexico.com\\\/?p=31648#respond\"]}]},{\"@type\":\"WebPage\",\"@id\":\"https:\\\/\\\/whatsappmexico.com\\\/?p=31648\",\"url\":\"https:\\\/\\\/whatsappmexico.com\\\/?p=31648\",\"name\":\"Pasi\u00f3n de Cristo de Iztapalapa entra en la lista de Patrimonio Cultural Inmaterial de la Humanidad -\",\"isPartOf\":{\"@id\":\"https:\\\/\\\/whatsappmexico.com\\\/#website\"},\"primaryImageOfPage\":{\"@id\":\"https:\\\/\\\/whatsappmexico.com\\\/?p=31648#primaryimage\"},\"image\":{\"@id\":\"https:\\\/\\\/whatsappmexico.com\\\/?p=31648#primaryimage\"},\"thumbnailUrl\":\"https:\\\/\\\/whatsappmexico.com\\\/wp-content\\\/uploads\\\/2025\\\/12\\\/WhatsApp-Image-2025-12-10-at-10.57.23.jpeg\",\"datePublished\":\"2025-12-10T15:00:30+00:00\",\"dateModified\":\"2025-12-10T15:59:20+00:00\",\"author\":{\"@id\":\"https:\\\/\\\/whatsappmexico.com\\\/#\\\/schema\\\/person\\\/082b02d197e5c0d9eeef91cf10d3643e\"},\"breadcrumb\":{\"@id\":\"https:\\\/\\\/whatsappmexico.com\\\/?p=31648#breadcrumb\"},\"inLanguage\":\"es\",\"potentialAction\":[{\"@type\":\"ReadAction\",\"target\":[\"https:\\\/\\\/whatsappmexico.com\\\/?p=31648\"]}]},{\"@type\":\"ImageObject\",\"inLanguage\":\"es\",\"@id\":\"https:\\\/\\\/whatsappmexico.com\\\/?p=31648#primaryimage\",\"url\":\"https:\\\/\\\/whatsappmexico.com\\\/wp-content\\\/uploads\\\/2025\\\/12\\\/WhatsApp-Image-2025-12-10-at-10.57.23.jpeg\",\"contentUrl\":\"https:\\\/\\\/whatsappmexico.com\\\/wp-content\\\/uploads\\\/2025\\\/12\\\/WhatsApp-Image-2025-12-10-at-10.57.23.jpeg\",\"width\":1600,\"height\":1066},{\"@type\":\"BreadcrumbList\",\"@id\":\"https:\\\/\\\/whatsappmexico.com\\\/?p=31648#breadcrumb\",\"itemListElement\":[{\"@type\":\"ListItem\",\"position\":1,\"name\":\"Portada\",\"item\":\"https:\\\/\\\/whatsappmexico.com\\\/\"},{\"@type\":\"ListItem\",\"position\":2,\"name\":\"Pasi\u00f3n de Cristo de Iztapalapa entra en la lista de Patrimonio Cultural Inmaterial de la Humanidad\"}]},{\"@type\":\"WebSite\",\"@id\":\"https:\\\/\\\/whatsappmexico.com\\\/#website\",\"url\":\"https:\\\/\\\/whatsappmexico.com\\\/\",\"name\":\"\",\"description\":\"La Noticia M\u00e1s R\u00e1pida\",\"potentialAction\":[{\"@type\":\"SearchAction\",\"target\":{\"@type\":\"EntryPoint\",\"urlTemplate\":\"https:\\\/\\\/whatsappmexico.com\\\/?s={search_term_string}\"},\"query-input\":{\"@type\":\"PropertyValueSpecification\",\"valueRequired\":true,\"valueName\":\"search_term_string\"}}],\"inLanguage\":\"es\"},{\"@type\":\"Person\",\"@id\":\"https:\\\/\\\/whatsappmexico.com\\\/#\\\/schema\\\/person\\\/082b02d197e5c0d9eeef91cf10d3643e\",\"name\":\"admin\",\"image\":{\"@type\":\"ImageObject\",\"inLanguage\":\"es\",\"@id\":\"https:\\\/\\\/secure.gravatar.com\\\/avatar\\\/c2e50278fd314cf93ecf18c6171760d6d7972373780a207099fd11e86caef7a0?s=96&d=mm&r=g\",\"url\":\"https:\\\/\\\/secure.gravatar.com\\\/avatar\\\/c2e50278fd314cf93ecf18c6171760d6d7972373780a207099fd11e86caef7a0?s=96&d=mm&r=g\",\"contentUrl\":\"https:\\\/\\\/secure.gravatar.com\\\/avatar\\\/c2e50278fd314cf93ecf18c6171760d6d7972373780a207099fd11e86caef7a0?s=96&d=mm&r=g\",\"caption\":\"admin\"},\"sameAs\":[\"https:\\\/\\\/whatsappmexico.com\"],\"url\":\"https:\\\/\\\/whatsappmexico.com\\\/?author=1\"}]}<\/script>\n<!-- \/ Yoast SEO plugin. -->","yoast_head_json":{"title":"Pasi\u00f3n de Cristo de Iztapalapa entra en la lista de Patrimonio Cultural Inmaterial de la Humanidad -","robots":{"index":"index","follow":"follow","max-snippet":"max-snippet:-1","max-image-preview":"max-image-preview:large","max-video-preview":"max-video-preview:-1"},"canonical":"https:\/\/whatsappmexico.com\/?p=31648","og_locale":"es_ES","og_type":"article","og_title":"Pasi\u00f3n de Cristo de Iztapalapa entra en la lista de Patrimonio Cultural Inmaterial de la Humanidad -","og_description":"\ud83d\udd38 La Unesco apunt\u00f3 que la Pasi\u00f3n de Cristo de Iztapalapa \u201cse trata de una manifestaci\u00f3n que trasciende lo religioso\u201d &nbsp; #CDMX | La Unesco inscribi\u00f3 este mi\u00e9rcoles 10 de diciembre de 2025 la Representaci\u00f3n de la Pasi\u00f3n, Muerte y...","og_url":"https:\/\/whatsappmexico.com\/?p=31648","article_published_time":"2025-12-10T15:00:30+00:00","article_modified_time":"2025-12-10T15:59:20+00:00","author":"admin","twitter_card":"summary_large_image","twitter_misc":{"Escrito por":"admin","Tiempo de lectura":"2 minutos"},"schema":{"@context":"https:\/\/schema.org","@graph":[{"@type":"Article","@id":"https:\/\/whatsappmexico.com\/?p=31648#article","isPartOf":{"@id":"https:\/\/whatsappmexico.com\/?p=31648"},"author":{"name":"admin","@id":"https:\/\/whatsappmexico.com\/#\/schema\/person\/082b02d197e5c0d9eeef91cf10d3643e"},"headline":"Pasi\u00f3n de Cristo de Iztapalapa entra en la lista de Patrimonio Cultural Inmaterial de la Humanidad","datePublished":"2025-12-10T15:00:30+00:00","dateModified":"2025-12-10T15:59:20+00:00","mainEntityOfPage":{"@id":"https:\/\/whatsappmexico.com\/?p=31648"},"wordCount":443,"commentCount":0,"image":{"@id":"https:\/\/whatsappmexico.com\/?p=31648#primaryimage"},"thumbnailUrl":"https:\/\/whatsappmexico.com\/wp-content\/uploads\/2025\/12\/WhatsApp-Image-2025-12-10-at-10.57.23.jpeg","articleSection":["CDMX"],"inLanguage":"es","potentialAction":[{"@type":"CommentAction","name":"Comment","target":["https:\/\/whatsappmexico.com\/?p=31648#respond"]}]},{"@type":"WebPage","@id":"https:\/\/whatsappmexico.com\/?p=31648","url":"https:\/\/whatsappmexico.com\/?p=31648","name":"Pasi\u00f3n de Cristo de Iztapalapa entra en la lista de Patrimonio Cultural Inmaterial de la Humanidad -","isPartOf":{"@id":"https:\/\/whatsappmexico.com\/#website"},"primaryImageOfPage":{"@id":"https:\/\/whatsappmexico.com\/?p=31648#primaryimage"},"image":{"@id":"https:\/\/whatsappmexico.com\/?p=31648#primaryimage"},"thumbnailUrl":"https:\/\/whatsappmexico.com\/wp-content\/uploads\/2025\/12\/WhatsApp-Image-2025-12-10-at-10.57.23.jpeg","datePublished":"2025-12-10T15:00:30+00:00","dateModified":"2025-12-10T15:59:20+00:00","author":{"@id":"https:\/\/whatsappmexico.com\/#\/schema\/person\/082b02d197e5c0d9eeef91cf10d3643e"},"breadcrumb":{"@id":"https:\/\/whatsappmexico.com\/?p=31648#breadcrumb"},"inLanguage":"es","potentialAction":[{"@type":"ReadAction","target":["https:\/\/whatsappmexico.com\/?p=31648"]}]},{"@type":"ImageObject","inLanguage":"es","@id":"https:\/\/whatsappmexico.com\/?p=31648#primaryimage","url":"https:\/\/whatsappmexico.com\/wp-content\/uploads\/2025\/12\/WhatsApp-Image-2025-12-10-at-10.57.23.jpeg","contentUrl":"https:\/\/whatsappmexico.com\/wp-content\/uploads\/2025\/12\/WhatsApp-Image-2025-12-10-at-10.57.23.jpeg","width":1600,"height":1066},{"@type":"BreadcrumbList","@id":"https:\/\/whatsappmexico.com\/?p=31648#breadcrumb","itemListElement":[{"@type":"ListItem","position":1,"name":"Portada","item":"https:\/\/whatsappmexico.com\/"},{"@type":"ListItem","position":2,"name":"Pasi\u00f3n de Cristo de Iztapalapa entra en la lista de Patrimonio Cultural Inmaterial de la Humanidad"}]},{"@type":"WebSite","@id":"https:\/\/whatsappmexico.com\/#website","url":"https:\/\/whatsappmexico.com\/","name":"","description":"La Noticia M\u00e1s R\u00e1pida","potentialAction":[{"@type":"SearchAction","target":{"@type":"EntryPoint","urlTemplate":"https:\/\/whatsappmexico.com\/?s={search_term_string}"},"query-input":{"@type":"PropertyValueSpecification","valueRequired":true,"valueName":"search_term_string"}}],"inLanguage":"es"},{"@type":"Person","@id":"https:\/\/whatsappmexico.com\/#\/schema\/person\/082b02d197e5c0d9eeef91cf10d3643e","name":"admin","image":{"@type":"ImageObject","inLanguage":"es","@id":"https:\/\/secure.gravatar.com\/avatar\/c2e50278fd314cf93ecf18c6171760d6d7972373780a207099fd11e86caef7a0?s=96&d=mm&r=g","url":"https:\/\/secure.gravatar.com\/avatar\/c2e50278fd314cf93ecf18c6171760d6d7972373780a207099fd11e86caef7a0?s=96&d=mm&r=g","contentUrl":"https:\/\/secure.gravatar.com\/avatar\/c2e50278fd314cf93ecf18c6171760d6d7972373780a207099fd11e86caef7a0?s=96&d=mm&r=g","caption":"admin"},"sameAs":["https:\/\/whatsappmexico.com"],"url":"https:\/\/whatsappmexico.com\/?author=1"}]}},"_links":{"self":[{"href":"https:\/\/whatsappmexico.com\/index.php?rest_route=\/wp\/v2\/posts\/31648","targetHints":{"allow":["GET"]}}],"collection":[{"href":"https:\/\/whatsappmexico.com\/index.php?rest_route=\/wp\/v2\/posts"}],"about":[{"href":"https:\/\/whatsappmexico.com\/index.php?rest_route=\/wp\/v2\/types\/post"}],"author":[{"embeddable":true,"href":"https:\/\/whatsappmexico.com\/index.php?rest_route=\/wp\/v2\/users\/1"}],"replies":[{"embeddable":true,"href":"https:\/\/whatsappmexico.com\/index.php?rest_route=%2Fwp%2Fv2%2Fcomments&post=31648"}],"version-history":[{"count":1,"href":"https:\/\/whatsappmexico.com\/index.php?rest_route=\/wp\/v2\/posts\/31648\/revisions"}],"predecessor-version":[{"id":31649,"href":"https:\/\/whatsappmexico.com\/index.php?rest_route=\/wp\/v2\/posts\/31648\/revisions\/31649"}],"wp:featuredmedia":[{"embeddable":true,"href":"https:\/\/whatsappmexico.com\/index.php?rest_route=\/wp\/v2\/media\/31650"}],"wp:attachment":[{"href":"https:\/\/whatsappmexico.com\/index.php?rest_route=%2Fwp%2Fv2%2Fmedia&parent=31648"}],"wp:term":[{"taxonomy":"category","embeddable":true,"href":"https:\/\/whatsappmexico.com\/index.php?rest_route=%2Fwp%2Fv2%2Fcategories&post=31648"},{"taxonomy":"post_tag","embeddable":true,"href":"https:\/\/whatsappmexico.com\/index.php?rest_route=%2Fwp%2Fv2%2Ftags&post=31648"}],"curies":[{"name":"wp","href":"https:\/\/api.w.org\/{rel}","templated":true}]}}