{"id":31696,"date":"2025-12-12T08:00:09","date_gmt":"2025-12-12T13:00:09","guid":{"rendered":"https:\/\/whatsappmexico.com\/?p=31696"},"modified":"2025-12-12T17:01:02","modified_gmt":"2025-12-12T17:01:02","slug":"se-registra-fuerte-movilizacion-en-ciudad-de-mexico-peregrinacion-por-el-dia-de-la-virgen-de-guadalupe","status":"publish","type":"post","link":"https:\/\/whatsappmexico.com\/?p=31696","title":{"rendered":"Se registra fuerte movilizaci\u00f3n en Ciudad de M\u00e9xico peregrinaci\u00f3n por el D\u00eda de la Virgen de Guadalupe"},"content":{"rendered":"<p>\ud83d\udd38 Cientos de peregrinos acuden a la Bas\u00edlica de Guadalupe cada a\u00f1o durante este 12 de diciembre.<\/p>\n<p>#CDMX | Este viernes 12 de diciembre de 2025, la Bas\u00edlica de Guadalupe en la Ciudad de M\u00e9xico se prepara para recibir a millones de fieles que a\u00fan siguen llegando desde distintos rincones del pa\u00eds y hasta del extranjero.<\/p>\n<p>Desde la madrugada, ya se siente cargada de emoci\u00f3n, con peregrinos aguardando el momento para poder entrar y rendir homenaje a la &#8216;Morenita del Tepeyac&#8217;. Las calles cercanas lucen abarrotadas de colores, cantos y ofrendas que marcan el inicio de una de las celebraciones religiosas m\u00e1s importantes de M\u00e9xico.<\/p>\n<p>La atmosfera de festejo se comenz\u00f3 a sentir desde la noche del jueves con el\u00a0sonido de las ma\u00f1anitas, interpretadas por mariachis y coros, que hicieron resonar en el recinto, mientras los fieles levantaban sus velas y flores en se\u00f1al de devoci\u00f3n. Este viernes la Bas\u00edlica se convierte en un epicentro de la f\u00e9 y celebraciones a la guadalupana.<\/p>\n<p>Este viernes 12 de diciembre, la L\u00ednea 6 no tendr\u00e1 servicio de la Villa a Gustavo A. Madero, hasta las 18:00 horas. Mientras que la L\u00ednea 7 no tendr\u00e1 servicio de Indios Verdes a Garrido, hasta las 18:00 horas.<\/p>\n<p>Ante ello, el Metrob\u00fas de la Ciudad de M\u00e9xico recomend\u00f3 a los usuarios a tomar precauciones en sus traslados y estar atentos a los comunicados especiales.<\/p>\n<p>Ante los cierres y afectaciones a vialidades en la GAM, quedan como alternativas viales: Avenida Insurgentes, Eje 1 Norte, Eje 2 Norte, Avenida Ferrocarril Hidalgo, Eje 3 Oriente Eduardo Molina, Anillo perif\u00e9rico y R\u00edo de los Remedios.<\/p>\n<p>Anualmente, la Secretar\u00eda de Seguridad Ciudadana (SSC) de la Ciudad de M\u00e9xico monta un operativo de vigilancia y tr\u00e1nsito en el per\u00edmetro cercano a la Bas\u00edlica de Guadalupe, por lo que algunas calles presentan cierres parciales o totales, entre ellas: 5 de febrero desde el Eje 4 Norte Avenida Euzkaro, Calzada de los Misterios desde la altura con Cantera, Fray Juan de Zumarraga entre Calzada de los Misterios y 5 de febrero (acceso principal), Carril derecho de Calzada de Guadalupe desde calle Hierro, Laterales de Calzada de Guadalupe a partir de Circuito Interior y Eje 5 Norte a la altura de Eje 1 Oriente.<\/p>\n<p>Debido a movilizaciones religiosas, el servicio de la L\u00ednea 6 del Metrob\u00fas presenta ajustes. Actualmente, opera en los tramos:\u00a0El Rosario &#8211; Riobamba, Villa de Arag\u00f3n &#8211; San Juan de Arag\u00f3n y No por el momento hay servicio entre Deportivo 18 de Marzo y Hospital General La Villa.<\/p>\n<p>#Peregrinaci\u00f3n #VirgenDeGuadalupe #CdMx<\/p>\n","protected":false},"excerpt":{"rendered":"<p>\ud83d\udd38 Cientos de peregrinos acuden a la Bas\u00edlica de Guadalupe cada a\u00f1o durante este 12 de diciembre. #CDMX | Este viernes 12 de diciembre de 2025, la Bas\u00edlica de Guadalupe en la Ciudad de M\u00e9xico se prepara para recibir a&#8230;<\/p>\n","protected":false},"author":1,"featured_media":31698,"comment_status":"open","ping_status":"closed","sticky":false,"template":"","format":"standard","meta":{"footnotes":""},"categories":[144,7],"tags":[],"class_list":["post-31696","post","type-post","status-publish","format-standard","has-post-thumbnail","hentry","category-cdmx","category-nacional"],"yoast_head":"<!-- This site is optimized with the Yoast SEO plugin v27.4 - https:\/\/yoast.com\/product\/yoast-seo-wordpress\/ -->\n<title>Se registra fuerte movilizaci\u00f3n en Ciudad de M\u00e9xico peregrinaci\u00f3n por el D\u00eda de la Virgen de Guadalupe -<\/title>\n<meta name=\"robots\" content=\"index, follow, max-snippet:-1, max-image-preview:large, max-video-preview:-1\" \/>\n<link rel=\"canonical\" href=\"https:\/\/whatsappmexico.com\/?p=31696\" \/>\n<meta property=\"og:locale\" content=\"es_ES\" \/>\n<meta property=\"og:type\" content=\"article\" \/>\n<meta property=\"og:title\" content=\"Se registra fuerte movilizaci\u00f3n en Ciudad de M\u00e9xico peregrinaci\u00f3n por el D\u00eda de la Virgen de Guadalupe -\" \/>\n<meta property=\"og:description\" content=\"\ud83d\udd38 Cientos de peregrinos acuden a la Bas\u00edlica de Guadalupe cada a\u00f1o durante este 12 de diciembre. #CDMX | Este viernes 12 de diciembre de 2025, la Bas\u00edlica de Guadalupe en la Ciudad de M\u00e9xico se prepara para recibir a...\" \/>\n<meta property=\"og:url\" content=\"https:\/\/whatsappmexico.com\/?p=31696\" \/>\n<meta property=\"article:published_time\" content=\"2025-12-12T13:00:09+00:00\" \/>\n<meta property=\"article:modified_time\" content=\"2025-12-12T17:01:02+00:00\" \/>\n<meta name=\"author\" content=\"admin\" \/>\n<meta name=\"twitter:card\" content=\"summary_large_image\" \/>\n<meta name=\"twitter:label1\" content=\"Escrito por\" \/>\n\t<meta name=\"twitter:data1\" content=\"admin\" \/>\n\t<meta name=\"twitter:label2\" content=\"Tiempo de lectura\" \/>\n\t<meta name=\"twitter:data2\" content=\"2 minutos\" \/>\n<script type=\"application\/ld+json\" class=\"yoast-schema-graph\">{\"@context\":\"https:\\\/\\\/schema.org\",\"@graph\":[{\"@type\":\"Article\",\"@id\":\"https:\\\/\\\/whatsappmexico.com\\\/?p=31696#article\",\"isPartOf\":{\"@id\":\"https:\\\/\\\/whatsappmexico.com\\\/?p=31696\"},\"author\":{\"name\":\"admin\",\"@id\":\"https:\\\/\\\/whatsappmexico.com\\\/#\\\/schema\\\/person\\\/082b02d197e5c0d9eeef91cf10d3643e\"},\"headline\":\"Se registra fuerte movilizaci\u00f3n en Ciudad de M\u00e9xico peregrinaci\u00f3n por el D\u00eda de la Virgen de Guadalupe\",\"datePublished\":\"2025-12-12T13:00:09+00:00\",\"dateModified\":\"2025-12-12T17:01:02+00:00\",\"mainEntityOfPage\":{\"@id\":\"https:\\\/\\\/whatsappmexico.com\\\/?p=31696\"},\"wordCount\":451,\"commentCount\":0,\"image\":{\"@id\":\"https:\\\/\\\/whatsappmexico.com\\\/?p=31696#primaryimage\"},\"thumbnailUrl\":\"https:\\\/\\\/whatsappmexico.com\\\/wp-content\\\/uploads\\\/2025\\\/12\\\/WhatsApp-Image-2025-12-12-at-09.19.47.jpeg\",\"articleSection\":[\"CDMX\",\"Nacional\"],\"inLanguage\":\"es\",\"potentialAction\":[{\"@type\":\"CommentAction\",\"name\":\"Comment\",\"target\":[\"https:\\\/\\\/whatsappmexico.com\\\/?p=31696#respond\"]}]},{\"@type\":\"WebPage\",\"@id\":\"https:\\\/\\\/whatsappmexico.com\\\/?p=31696\",\"url\":\"https:\\\/\\\/whatsappmexico.com\\\/?p=31696\",\"name\":\"Se registra fuerte movilizaci\u00f3n en Ciudad de M\u00e9xico peregrinaci\u00f3n por el D\u00eda de la Virgen de Guadalupe -\",\"isPartOf\":{\"@id\":\"https:\\\/\\\/whatsappmexico.com\\\/#website\"},\"primaryImageOfPage\":{\"@id\":\"https:\\\/\\\/whatsappmexico.com\\\/?p=31696#primaryimage\"},\"image\":{\"@id\":\"https:\\\/\\\/whatsappmexico.com\\\/?p=31696#primaryimage\"},\"thumbnailUrl\":\"https:\\\/\\\/whatsappmexico.com\\\/wp-content\\\/uploads\\\/2025\\\/12\\\/WhatsApp-Image-2025-12-12-at-09.19.47.jpeg\",\"datePublished\":\"2025-12-12T13:00:09+00:00\",\"dateModified\":\"2025-12-12T17:01:02+00:00\",\"author\":{\"@id\":\"https:\\\/\\\/whatsappmexico.com\\\/#\\\/schema\\\/person\\\/082b02d197e5c0d9eeef91cf10d3643e\"},\"breadcrumb\":{\"@id\":\"https:\\\/\\\/whatsappmexico.com\\\/?p=31696#breadcrumb\"},\"inLanguage\":\"es\",\"potentialAction\":[{\"@type\":\"ReadAction\",\"target\":[\"https:\\\/\\\/whatsappmexico.com\\\/?p=31696\"]}]},{\"@type\":\"ImageObject\",\"inLanguage\":\"es\",\"@id\":\"https:\\\/\\\/whatsappmexico.com\\\/?p=31696#primaryimage\",\"url\":\"https:\\\/\\\/whatsappmexico.com\\\/wp-content\\\/uploads\\\/2025\\\/12\\\/WhatsApp-Image-2025-12-12-at-09.19.47.jpeg\",\"contentUrl\":\"https:\\\/\\\/whatsappmexico.com\\\/wp-content\\\/uploads\\\/2025\\\/12\\\/WhatsApp-Image-2025-12-12-at-09.19.47.jpeg\",\"width\":1034,\"height\":584},{\"@type\":\"BreadcrumbList\",\"@id\":\"https:\\\/\\\/whatsappmexico.com\\\/?p=31696#breadcrumb\",\"itemListElement\":[{\"@type\":\"ListItem\",\"position\":1,\"name\":\"Portada\",\"item\":\"https:\\\/\\\/whatsappmexico.com\\\/\"},{\"@type\":\"ListItem\",\"position\":2,\"name\":\"Se registra fuerte movilizaci\u00f3n en Ciudad de M\u00e9xico peregrinaci\u00f3n por el D\u00eda de la Virgen de Guadalupe\"}]},{\"@type\":\"WebSite\",\"@id\":\"https:\\\/\\\/whatsappmexico.com\\\/#website\",\"url\":\"https:\\\/\\\/whatsappmexico.com\\\/\",\"name\":\"\",\"description\":\"La Noticia M\u00e1s R\u00e1pida\",\"potentialAction\":[{\"@type\":\"SearchAction\",\"target\":{\"@type\":\"EntryPoint\",\"urlTemplate\":\"https:\\\/\\\/whatsappmexico.com\\\/?s={search_term_string}\"},\"query-input\":{\"@type\":\"PropertyValueSpecification\",\"valueRequired\":true,\"valueName\":\"search_term_string\"}}],\"inLanguage\":\"es\"},{\"@type\":\"Person\",\"@id\":\"https:\\\/\\\/whatsappmexico.com\\\/#\\\/schema\\\/person\\\/082b02d197e5c0d9eeef91cf10d3643e\",\"name\":\"admin\",\"image\":{\"@type\":\"ImageObject\",\"inLanguage\":\"es\",\"@id\":\"https:\\\/\\\/secure.gravatar.com\\\/avatar\\\/c2e50278fd314cf93ecf18c6171760d6d7972373780a207099fd11e86caef7a0?s=96&d=mm&r=g\",\"url\":\"https:\\\/\\\/secure.gravatar.com\\\/avatar\\\/c2e50278fd314cf93ecf18c6171760d6d7972373780a207099fd11e86caef7a0?s=96&d=mm&r=g\",\"contentUrl\":\"https:\\\/\\\/secure.gravatar.com\\\/avatar\\\/c2e50278fd314cf93ecf18c6171760d6d7972373780a207099fd11e86caef7a0?s=96&d=mm&r=g\",\"caption\":\"admin\"},\"sameAs\":[\"https:\\\/\\\/whatsappmexico.com\"],\"url\":\"https:\\\/\\\/whatsappmexico.com\\\/?author=1\"}]}<\/script>\n<!-- \/ Yoast SEO plugin. -->","yoast_head_json":{"title":"Se registra fuerte movilizaci\u00f3n en Ciudad de M\u00e9xico peregrinaci\u00f3n por el D\u00eda de la Virgen de Guadalupe -","robots":{"index":"index","follow":"follow","max-snippet":"max-snippet:-1","max-image-preview":"max-image-preview:large","max-video-preview":"max-video-preview:-1"},"canonical":"https:\/\/whatsappmexico.com\/?p=31696","og_locale":"es_ES","og_type":"article","og_title":"Se registra fuerte movilizaci\u00f3n en Ciudad de M\u00e9xico peregrinaci\u00f3n por el D\u00eda de la Virgen de Guadalupe -","og_description":"\ud83d\udd38 Cientos de peregrinos acuden a la Bas\u00edlica de Guadalupe cada a\u00f1o durante este 12 de diciembre. #CDMX | Este viernes 12 de diciembre de 2025, la Bas\u00edlica de Guadalupe en la Ciudad de M\u00e9xico se prepara para recibir a...","og_url":"https:\/\/whatsappmexico.com\/?p=31696","article_published_time":"2025-12-12T13:00:09+00:00","article_modified_time":"2025-12-12T17:01:02+00:00","author":"admin","twitter_card":"summary_large_image","twitter_misc":{"Escrito por":"admin","Tiempo de lectura":"2 minutos"},"schema":{"@context":"https:\/\/schema.org","@graph":[{"@type":"Article","@id":"https:\/\/whatsappmexico.com\/?p=31696#article","isPartOf":{"@id":"https:\/\/whatsappmexico.com\/?p=31696"},"author":{"name":"admin","@id":"https:\/\/whatsappmexico.com\/#\/schema\/person\/082b02d197e5c0d9eeef91cf10d3643e"},"headline":"Se registra fuerte movilizaci\u00f3n en Ciudad de M\u00e9xico peregrinaci\u00f3n por el D\u00eda de la Virgen de Guadalupe","datePublished":"2025-12-12T13:00:09+00:00","dateModified":"2025-12-12T17:01:02+00:00","mainEntityOfPage":{"@id":"https:\/\/whatsappmexico.com\/?p=31696"},"wordCount":451,"commentCount":0,"image":{"@id":"https:\/\/whatsappmexico.com\/?p=31696#primaryimage"},"thumbnailUrl":"https:\/\/whatsappmexico.com\/wp-content\/uploads\/2025\/12\/WhatsApp-Image-2025-12-12-at-09.19.47.jpeg","articleSection":["CDMX","Nacional"],"inLanguage":"es","potentialAction":[{"@type":"CommentAction","name":"Comment","target":["https:\/\/whatsappmexico.com\/?p=31696#respond"]}]},{"@type":"WebPage","@id":"https:\/\/whatsappmexico.com\/?p=31696","url":"https:\/\/whatsappmexico.com\/?p=31696","name":"Se registra fuerte movilizaci\u00f3n en Ciudad de M\u00e9xico peregrinaci\u00f3n por el D\u00eda de la Virgen de Guadalupe -","isPartOf":{"@id":"https:\/\/whatsappmexico.com\/#website"},"primaryImageOfPage":{"@id":"https:\/\/whatsappmexico.com\/?p=31696#primaryimage"},"image":{"@id":"https:\/\/whatsappmexico.com\/?p=31696#primaryimage"},"thumbnailUrl":"https:\/\/whatsappmexico.com\/wp-content\/uploads\/2025\/12\/WhatsApp-Image-2025-12-12-at-09.19.47.jpeg","datePublished":"2025-12-12T13:00:09+00:00","dateModified":"2025-12-12T17:01:02+00:00","author":{"@id":"https:\/\/whatsappmexico.com\/#\/schema\/person\/082b02d197e5c0d9eeef91cf10d3643e"},"breadcrumb":{"@id":"https:\/\/whatsappmexico.com\/?p=31696#breadcrumb"},"inLanguage":"es","potentialAction":[{"@type":"ReadAction","target":["https:\/\/whatsappmexico.com\/?p=31696"]}]},{"@type":"ImageObject","inLanguage":"es","@id":"https:\/\/whatsappmexico.com\/?p=31696#primaryimage","url":"https:\/\/whatsappmexico.com\/wp-content\/uploads\/2025\/12\/WhatsApp-Image-2025-12-12-at-09.19.47.jpeg","contentUrl":"https:\/\/whatsappmexico.com\/wp-content\/uploads\/2025\/12\/WhatsApp-Image-2025-12-12-at-09.19.47.jpeg","width":1034,"height":584},{"@type":"BreadcrumbList","@id":"https:\/\/whatsappmexico.com\/?p=31696#breadcrumb","itemListElement":[{"@type":"ListItem","position":1,"name":"Portada","item":"https:\/\/whatsappmexico.com\/"},{"@type":"ListItem","position":2,"name":"Se registra fuerte movilizaci\u00f3n en Ciudad de M\u00e9xico peregrinaci\u00f3n por el D\u00eda de la Virgen de Guadalupe"}]},{"@type":"WebSite","@id":"https:\/\/whatsappmexico.com\/#website","url":"https:\/\/whatsappmexico.com\/","name":"","description":"La Noticia M\u00e1s R\u00e1pida","potentialAction":[{"@type":"SearchAction","target":{"@type":"EntryPoint","urlTemplate":"https:\/\/whatsappmexico.com\/?s={search_term_string}"},"query-input":{"@type":"PropertyValueSpecification","valueRequired":true,"valueName":"search_term_string"}}],"inLanguage":"es"},{"@type":"Person","@id":"https:\/\/whatsappmexico.com\/#\/schema\/person\/082b02d197e5c0d9eeef91cf10d3643e","name":"admin","image":{"@type":"ImageObject","inLanguage":"es","@id":"https:\/\/secure.gravatar.com\/avatar\/c2e50278fd314cf93ecf18c6171760d6d7972373780a207099fd11e86caef7a0?s=96&d=mm&r=g","url":"https:\/\/secure.gravatar.com\/avatar\/c2e50278fd314cf93ecf18c6171760d6d7972373780a207099fd11e86caef7a0?s=96&d=mm&r=g","contentUrl":"https:\/\/secure.gravatar.com\/avatar\/c2e50278fd314cf93ecf18c6171760d6d7972373780a207099fd11e86caef7a0?s=96&d=mm&r=g","caption":"admin"},"sameAs":["https:\/\/whatsappmexico.com"],"url":"https:\/\/whatsappmexico.com\/?author=1"}]}},"_links":{"self":[{"href":"https:\/\/whatsappmexico.com\/index.php?rest_route=\/wp\/v2\/posts\/31696","targetHints":{"allow":["GET"]}}],"collection":[{"href":"https:\/\/whatsappmexico.com\/index.php?rest_route=\/wp\/v2\/posts"}],"about":[{"href":"https:\/\/whatsappmexico.com\/index.php?rest_route=\/wp\/v2\/types\/post"}],"author":[{"embeddable":true,"href":"https:\/\/whatsappmexico.com\/index.php?rest_route=\/wp\/v2\/users\/1"}],"replies":[{"embeddable":true,"href":"https:\/\/whatsappmexico.com\/index.php?rest_route=%2Fwp%2Fv2%2Fcomments&post=31696"}],"version-history":[{"count":1,"href":"https:\/\/whatsappmexico.com\/index.php?rest_route=\/wp\/v2\/posts\/31696\/revisions"}],"predecessor-version":[{"id":31697,"href":"https:\/\/whatsappmexico.com\/index.php?rest_route=\/wp\/v2\/posts\/31696\/revisions\/31697"}],"wp:featuredmedia":[{"embeddable":true,"href":"https:\/\/whatsappmexico.com\/index.php?rest_route=\/wp\/v2\/media\/31698"}],"wp:attachment":[{"href":"https:\/\/whatsappmexico.com\/index.php?rest_route=%2Fwp%2Fv2%2Fmedia&parent=31696"}],"wp:term":[{"taxonomy":"category","embeddable":true,"href":"https:\/\/whatsappmexico.com\/index.php?rest_route=%2Fwp%2Fv2%2Fcategories&post=31696"},{"taxonomy":"post_tag","embeddable":true,"href":"https:\/\/whatsappmexico.com\/index.php?rest_route=%2Fwp%2Fv2%2Ftags&post=31696"}],"curies":[{"name":"wp","href":"https:\/\/api.w.org\/{rel}","templated":true}]}}