{"id":33405,"date":"2026-01-26T08:00:33","date_gmt":"2026-01-26T13:00:33","guid":{"rendered":"https:\/\/whatsappmexico.com\/?p=33405"},"modified":"2026-01-26T13:59:15","modified_gmt":"2026-01-26T13:59:15","slug":"ricardo-monreal-anticipa-un-periodo-legislativo-intenso-con-reformas-clave-en-san-lazaro","status":"publish","type":"post","link":"https:\/\/whatsappmexico.com\/?p=33405","title":{"rendered":"Ricardo Monreal anticipa un periodo legislativo \u201cintenso\u201d con reformas clave en San L\u00e1zaro"},"content":{"rendered":"<p>\ud83d\udd38 Morena priorizar\u00e1 cambios en justicia, medio ambiente y derechos laborales, mientras espera la definici\u00f3n de la reforma electoral.<\/p>\n<p>#CDMX | El coordinador de Morena en la C\u00e1mara de Diputados, Ricardo Monreal \u00c1vila, inform\u00f3 que a partir del pr\u00f3ximo 1 de febrero iniciar\u00e1 un \u201cintenso\u201d periodo ordinario de sesiones, en el que se abordar\u00e1n temas de alto impacto como la reducci\u00f3n de la jornada laboral a 40 horas semanales y la regulaci\u00f3n de los denominados \u201cjueces sin rostro\u201d.<\/p>\n<p>A trav\u00e9s de un mensaje en video, el legislador detall\u00f3 que su grupo parlamentario ya defini\u00f3 una agenda legislativa prioritaria, aunque aclar\u00f3 que el Congreso a\u00fan est\u00e1 a la espera de recibir la iniciativa de reforma electoral. Dicha propuesta, se\u00f1al\u00f3, \u201cest\u00e1 en la mesa de negociaci\u00f3n de la Secretar\u00eda de Gobernaci\u00f3n\u201d.<\/p>\n<p>Monreal explic\u00f3 que Morena buscar\u00e1 impulsar reformas en materia de medio ambiente, migraci\u00f3n y combate a la corrupci\u00f3n, as\u00ed como modificaciones al sistema de justicia penal para hacerlo m\u00e1s eficiente y fortalecer los derechos de las v\u00edctimas.<\/p>\n<p>Destac\u00f3 tambi\u00e9n la propuesta para reducir la jornada laboral de 48 a 40 horas semanales sin disminuci\u00f3n salarial, adem\u00e1s de otras iniciativas pendientes, como la modificaci\u00f3n del art\u00edculo 127 de la Constituci\u00f3n para limitar pensiones vitalicias y jubilaciones, as\u00ed como la derogaci\u00f3n de la actual Ley de Migraci\u00f3n.<\/p>\n<p>La agenda legislativa de Morena contempla siete reformas e iniciativas que a\u00fan se encuentran en el Congreso: la Ley Federal de Procedimiento Contencioso Administrativo; la Ley para Impulsar el Incremento Sostenido de la Productividad y la Competitividad de la Econom\u00eda Social; reformas al C\u00f3digo Penal Federal en materia de abuso sexual; reformas al mismo c\u00f3digo en delitos contra el ambiente y la gesti\u00f3n ambiental; cambios al C\u00f3digo Nacional de Procedimientos Penales y en materia de delincuencia organizada; la reforma laboral para reducir la jornada laboral a 40 horas, y la reforma a la Ley Federal de Protecci\u00f3n a la Propiedad Industrial.<\/p>\n<p>\u201cTenemos bastante trabajo en este pr\u00f3ximo periodo. Estar\u00e9 informando oportunamente de los acuerdos y los resultados dentro de la C\u00e1mara de Diputados\u201d, concluy\u00f3 Monreal.<\/p>\n","protected":false},"excerpt":{"rendered":"<p>\ud83d\udd38 Morena priorizar\u00e1 cambios en justicia, medio ambiente y derechos laborales, mientras espera la definici\u00f3n de la reforma electoral. #CDMX | El coordinador de Morena en la C\u00e1mara de Diputados, Ricardo Monreal \u00c1vila, inform\u00f3 que a partir del pr\u00f3ximo 1&#8230;<\/p>\n","protected":false},"author":1,"featured_media":33407,"comment_status":"open","ping_status":"closed","sticky":false,"template":"","format":"standard","meta":{"footnotes":""},"categories":[144,7],"tags":[],"class_list":["post-33405","post","type-post","status-publish","format-standard","has-post-thumbnail","hentry","category-cdmx","category-nacional"],"yoast_head":"<!-- This site is optimized with the Yoast SEO plugin v27.4 - https:\/\/yoast.com\/product\/yoast-seo-wordpress\/ -->\n<title>Ricardo Monreal anticipa un periodo legislativo \u201cintenso\u201d con reformas clave en San L\u00e1zaro -<\/title>\n<meta name=\"robots\" content=\"index, follow, max-snippet:-1, max-image-preview:large, max-video-preview:-1\" \/>\n<link rel=\"canonical\" href=\"https:\/\/whatsappmexico.com\/?p=33405\" \/>\n<meta property=\"og:locale\" content=\"es_ES\" \/>\n<meta property=\"og:type\" content=\"article\" \/>\n<meta property=\"og:title\" content=\"Ricardo Monreal anticipa un periodo legislativo \u201cintenso\u201d con reformas clave en San L\u00e1zaro -\" \/>\n<meta property=\"og:description\" content=\"\ud83d\udd38 Morena priorizar\u00e1 cambios en justicia, medio ambiente y derechos laborales, mientras espera la definici\u00f3n de la reforma electoral. #CDMX | El coordinador de Morena en la C\u00e1mara de Diputados, Ricardo Monreal \u00c1vila, inform\u00f3 que a partir del pr\u00f3ximo 1...\" \/>\n<meta property=\"og:url\" content=\"https:\/\/whatsappmexico.com\/?p=33405\" \/>\n<meta property=\"article:published_time\" content=\"2026-01-26T13:00:33+00:00\" \/>\n<meta property=\"article:modified_time\" content=\"2026-01-26T13:59:15+00:00\" \/>\n<meta name=\"author\" content=\"admin\" \/>\n<meta name=\"twitter:card\" content=\"summary_large_image\" \/>\n<meta name=\"twitter:label1\" content=\"Escrito por\" \/>\n\t<meta name=\"twitter:data1\" content=\"admin\" \/>\n\t<meta name=\"twitter:label2\" content=\"Tiempo de lectura\" \/>\n\t<meta name=\"twitter:data2\" content=\"2 minutos\" \/>\n<script type=\"application\/ld+json\" class=\"yoast-schema-graph\">{\"@context\":\"https:\\\/\\\/schema.org\",\"@graph\":[{\"@type\":\"Article\",\"@id\":\"https:\\\/\\\/whatsappmexico.com\\\/?p=33405#article\",\"isPartOf\":{\"@id\":\"https:\\\/\\\/whatsappmexico.com\\\/?p=33405\"},\"author\":{\"name\":\"admin\",\"@id\":\"https:\\\/\\\/whatsappmexico.com\\\/#\\\/schema\\\/person\\\/082b02d197e5c0d9eeef91cf10d3643e\"},\"headline\":\"Ricardo Monreal anticipa un periodo legislativo \u201cintenso\u201d con reformas clave en San L\u00e1zaro\",\"datePublished\":\"2026-01-26T13:00:33+00:00\",\"dateModified\":\"2026-01-26T13:59:15+00:00\",\"mainEntityOfPage\":{\"@id\":\"https:\\\/\\\/whatsappmexico.com\\\/?p=33405\"},\"wordCount\":378,\"commentCount\":0,\"image\":{\"@id\":\"https:\\\/\\\/whatsappmexico.com\\\/?p=33405#primaryimage\"},\"thumbnailUrl\":\"https:\\\/\\\/whatsappmexico.com\\\/wp-content\\\/uploads\\\/2026\\\/01\\\/WhatsApp-Image-2026-01-26-at-08.17.03.jpeg\",\"articleSection\":[\"CDMX\",\"Nacional\"],\"inLanguage\":\"es\",\"potentialAction\":[{\"@type\":\"CommentAction\",\"name\":\"Comment\",\"target\":[\"https:\\\/\\\/whatsappmexico.com\\\/?p=33405#respond\"]}]},{\"@type\":\"WebPage\",\"@id\":\"https:\\\/\\\/whatsappmexico.com\\\/?p=33405\",\"url\":\"https:\\\/\\\/whatsappmexico.com\\\/?p=33405\",\"name\":\"Ricardo Monreal anticipa un periodo legislativo \u201cintenso\u201d con reformas clave en San L\u00e1zaro -\",\"isPartOf\":{\"@id\":\"https:\\\/\\\/whatsappmexico.com\\\/#website\"},\"primaryImageOfPage\":{\"@id\":\"https:\\\/\\\/whatsappmexico.com\\\/?p=33405#primaryimage\"},\"image\":{\"@id\":\"https:\\\/\\\/whatsappmexico.com\\\/?p=33405#primaryimage\"},\"thumbnailUrl\":\"https:\\\/\\\/whatsappmexico.com\\\/wp-content\\\/uploads\\\/2026\\\/01\\\/WhatsApp-Image-2026-01-26-at-08.17.03.jpeg\",\"datePublished\":\"2026-01-26T13:00:33+00:00\",\"dateModified\":\"2026-01-26T13:59:15+00:00\",\"author\":{\"@id\":\"https:\\\/\\\/whatsappmexico.com\\\/#\\\/schema\\\/person\\\/082b02d197e5c0d9eeef91cf10d3643e\"},\"breadcrumb\":{\"@id\":\"https:\\\/\\\/whatsappmexico.com\\\/?p=33405#breadcrumb\"},\"inLanguage\":\"es\",\"potentialAction\":[{\"@type\":\"ReadAction\",\"target\":[\"https:\\\/\\\/whatsappmexico.com\\\/?p=33405\"]}]},{\"@type\":\"ImageObject\",\"inLanguage\":\"es\",\"@id\":\"https:\\\/\\\/whatsappmexico.com\\\/?p=33405#primaryimage\",\"url\":\"https:\\\/\\\/whatsappmexico.com\\\/wp-content\\\/uploads\\\/2026\\\/01\\\/WhatsApp-Image-2026-01-26-at-08.17.03.jpeg\",\"contentUrl\":\"https:\\\/\\\/whatsappmexico.com\\\/wp-content\\\/uploads\\\/2026\\\/01\\\/WhatsApp-Image-2026-01-26-at-08.17.03.jpeg\",\"width\":1100,\"height\":550},{\"@type\":\"BreadcrumbList\",\"@id\":\"https:\\\/\\\/whatsappmexico.com\\\/?p=33405#breadcrumb\",\"itemListElement\":[{\"@type\":\"ListItem\",\"position\":1,\"name\":\"Portada\",\"item\":\"https:\\\/\\\/whatsappmexico.com\\\/\"},{\"@type\":\"ListItem\",\"position\":2,\"name\":\"Ricardo Monreal anticipa un periodo legislativo \u201cintenso\u201d con reformas clave en San L\u00e1zaro\"}]},{\"@type\":\"WebSite\",\"@id\":\"https:\\\/\\\/whatsappmexico.com\\\/#website\",\"url\":\"https:\\\/\\\/whatsappmexico.com\\\/\",\"name\":\"\",\"description\":\"La Noticia M\u00e1s R\u00e1pida\",\"potentialAction\":[{\"@type\":\"SearchAction\",\"target\":{\"@type\":\"EntryPoint\",\"urlTemplate\":\"https:\\\/\\\/whatsappmexico.com\\\/?s={search_term_string}\"},\"query-input\":{\"@type\":\"PropertyValueSpecification\",\"valueRequired\":true,\"valueName\":\"search_term_string\"}}],\"inLanguage\":\"es\"},{\"@type\":\"Person\",\"@id\":\"https:\\\/\\\/whatsappmexico.com\\\/#\\\/schema\\\/person\\\/082b02d197e5c0d9eeef91cf10d3643e\",\"name\":\"admin\",\"image\":{\"@type\":\"ImageObject\",\"inLanguage\":\"es\",\"@id\":\"https:\\\/\\\/secure.gravatar.com\\\/avatar\\\/c2e50278fd314cf93ecf18c6171760d6d7972373780a207099fd11e86caef7a0?s=96&d=mm&r=g\",\"url\":\"https:\\\/\\\/secure.gravatar.com\\\/avatar\\\/c2e50278fd314cf93ecf18c6171760d6d7972373780a207099fd11e86caef7a0?s=96&d=mm&r=g\",\"contentUrl\":\"https:\\\/\\\/secure.gravatar.com\\\/avatar\\\/c2e50278fd314cf93ecf18c6171760d6d7972373780a207099fd11e86caef7a0?s=96&d=mm&r=g\",\"caption\":\"admin\"},\"sameAs\":[\"https:\\\/\\\/whatsappmexico.com\"],\"url\":\"https:\\\/\\\/whatsappmexico.com\\\/?author=1\"}]}<\/script>\n<!-- \/ Yoast SEO plugin. -->","yoast_head_json":{"title":"Ricardo Monreal anticipa un periodo legislativo \u201cintenso\u201d con reformas clave en San L\u00e1zaro -","robots":{"index":"index","follow":"follow","max-snippet":"max-snippet:-1","max-image-preview":"max-image-preview:large","max-video-preview":"max-video-preview:-1"},"canonical":"https:\/\/whatsappmexico.com\/?p=33405","og_locale":"es_ES","og_type":"article","og_title":"Ricardo Monreal anticipa un periodo legislativo \u201cintenso\u201d con reformas clave en San L\u00e1zaro -","og_description":"\ud83d\udd38 Morena priorizar\u00e1 cambios en justicia, medio ambiente y derechos laborales, mientras espera la definici\u00f3n de la reforma electoral. #CDMX | El coordinador de Morena en la C\u00e1mara de Diputados, Ricardo Monreal \u00c1vila, inform\u00f3 que a partir del pr\u00f3ximo 1...","og_url":"https:\/\/whatsappmexico.com\/?p=33405","article_published_time":"2026-01-26T13:00:33+00:00","article_modified_time":"2026-01-26T13:59:15+00:00","author":"admin","twitter_card":"summary_large_image","twitter_misc":{"Escrito por":"admin","Tiempo de lectura":"2 minutos"},"schema":{"@context":"https:\/\/schema.org","@graph":[{"@type":"Article","@id":"https:\/\/whatsappmexico.com\/?p=33405#article","isPartOf":{"@id":"https:\/\/whatsappmexico.com\/?p=33405"},"author":{"name":"admin","@id":"https:\/\/whatsappmexico.com\/#\/schema\/person\/082b02d197e5c0d9eeef91cf10d3643e"},"headline":"Ricardo Monreal anticipa un periodo legislativo \u201cintenso\u201d con reformas clave en San L\u00e1zaro","datePublished":"2026-01-26T13:00:33+00:00","dateModified":"2026-01-26T13:59:15+00:00","mainEntityOfPage":{"@id":"https:\/\/whatsappmexico.com\/?p=33405"},"wordCount":378,"commentCount":0,"image":{"@id":"https:\/\/whatsappmexico.com\/?p=33405#primaryimage"},"thumbnailUrl":"https:\/\/whatsappmexico.com\/wp-content\/uploads\/2026\/01\/WhatsApp-Image-2026-01-26-at-08.17.03.jpeg","articleSection":["CDMX","Nacional"],"inLanguage":"es","potentialAction":[{"@type":"CommentAction","name":"Comment","target":["https:\/\/whatsappmexico.com\/?p=33405#respond"]}]},{"@type":"WebPage","@id":"https:\/\/whatsappmexico.com\/?p=33405","url":"https:\/\/whatsappmexico.com\/?p=33405","name":"Ricardo Monreal anticipa un periodo legislativo \u201cintenso\u201d con reformas clave en San L\u00e1zaro -","isPartOf":{"@id":"https:\/\/whatsappmexico.com\/#website"},"primaryImageOfPage":{"@id":"https:\/\/whatsappmexico.com\/?p=33405#primaryimage"},"image":{"@id":"https:\/\/whatsappmexico.com\/?p=33405#primaryimage"},"thumbnailUrl":"https:\/\/whatsappmexico.com\/wp-content\/uploads\/2026\/01\/WhatsApp-Image-2026-01-26-at-08.17.03.jpeg","datePublished":"2026-01-26T13:00:33+00:00","dateModified":"2026-01-26T13:59:15+00:00","author":{"@id":"https:\/\/whatsappmexico.com\/#\/schema\/person\/082b02d197e5c0d9eeef91cf10d3643e"},"breadcrumb":{"@id":"https:\/\/whatsappmexico.com\/?p=33405#breadcrumb"},"inLanguage":"es","potentialAction":[{"@type":"ReadAction","target":["https:\/\/whatsappmexico.com\/?p=33405"]}]},{"@type":"ImageObject","inLanguage":"es","@id":"https:\/\/whatsappmexico.com\/?p=33405#primaryimage","url":"https:\/\/whatsappmexico.com\/wp-content\/uploads\/2026\/01\/WhatsApp-Image-2026-01-26-at-08.17.03.jpeg","contentUrl":"https:\/\/whatsappmexico.com\/wp-content\/uploads\/2026\/01\/WhatsApp-Image-2026-01-26-at-08.17.03.jpeg","width":1100,"height":550},{"@type":"BreadcrumbList","@id":"https:\/\/whatsappmexico.com\/?p=33405#breadcrumb","itemListElement":[{"@type":"ListItem","position":1,"name":"Portada","item":"https:\/\/whatsappmexico.com\/"},{"@type":"ListItem","position":2,"name":"Ricardo Monreal anticipa un periodo legislativo \u201cintenso\u201d con reformas clave en San L\u00e1zaro"}]},{"@type":"WebSite","@id":"https:\/\/whatsappmexico.com\/#website","url":"https:\/\/whatsappmexico.com\/","name":"","description":"La Noticia M\u00e1s R\u00e1pida","potentialAction":[{"@type":"SearchAction","target":{"@type":"EntryPoint","urlTemplate":"https:\/\/whatsappmexico.com\/?s={search_term_string}"},"query-input":{"@type":"PropertyValueSpecification","valueRequired":true,"valueName":"search_term_string"}}],"inLanguage":"es"},{"@type":"Person","@id":"https:\/\/whatsappmexico.com\/#\/schema\/person\/082b02d197e5c0d9eeef91cf10d3643e","name":"admin","image":{"@type":"ImageObject","inLanguage":"es","@id":"https:\/\/secure.gravatar.com\/avatar\/c2e50278fd314cf93ecf18c6171760d6d7972373780a207099fd11e86caef7a0?s=96&d=mm&r=g","url":"https:\/\/secure.gravatar.com\/avatar\/c2e50278fd314cf93ecf18c6171760d6d7972373780a207099fd11e86caef7a0?s=96&d=mm&r=g","contentUrl":"https:\/\/secure.gravatar.com\/avatar\/c2e50278fd314cf93ecf18c6171760d6d7972373780a207099fd11e86caef7a0?s=96&d=mm&r=g","caption":"admin"},"sameAs":["https:\/\/whatsappmexico.com"],"url":"https:\/\/whatsappmexico.com\/?author=1"}]}},"_links":{"self":[{"href":"https:\/\/whatsappmexico.com\/index.php?rest_route=\/wp\/v2\/posts\/33405","targetHints":{"allow":["GET"]}}],"collection":[{"href":"https:\/\/whatsappmexico.com\/index.php?rest_route=\/wp\/v2\/posts"}],"about":[{"href":"https:\/\/whatsappmexico.com\/index.php?rest_route=\/wp\/v2\/types\/post"}],"author":[{"embeddable":true,"href":"https:\/\/whatsappmexico.com\/index.php?rest_route=\/wp\/v2\/users\/1"}],"replies":[{"embeddable":true,"href":"https:\/\/whatsappmexico.com\/index.php?rest_route=%2Fwp%2Fv2%2Fcomments&post=33405"}],"version-history":[{"count":1,"href":"https:\/\/whatsappmexico.com\/index.php?rest_route=\/wp\/v2\/posts\/33405\/revisions"}],"predecessor-version":[{"id":33406,"href":"https:\/\/whatsappmexico.com\/index.php?rest_route=\/wp\/v2\/posts\/33405\/revisions\/33406"}],"wp:featuredmedia":[{"embeddable":true,"href":"https:\/\/whatsappmexico.com\/index.php?rest_route=\/wp\/v2\/media\/33407"}],"wp:attachment":[{"href":"https:\/\/whatsappmexico.com\/index.php?rest_route=%2Fwp%2Fv2%2Fmedia&parent=33405"}],"wp:term":[{"taxonomy":"category","embeddable":true,"href":"https:\/\/whatsappmexico.com\/index.php?rest_route=%2Fwp%2Fv2%2Fcategories&post=33405"},{"taxonomy":"post_tag","embeddable":true,"href":"https:\/\/whatsappmexico.com\/index.php?rest_route=%2Fwp%2Fv2%2Ftags&post=33405"}],"curies":[{"name":"wp","href":"https:\/\/api.w.org\/{rel}","templated":true}]}}