{"id":33417,"date":"2026-01-26T12:00:01","date_gmt":"2026-01-26T17:00:01","guid":{"rendered":"https:\/\/whatsappmexico.com\/?p=33417"},"modified":"2026-01-26T15:18:53","modified_gmt":"2026-01-26T15:18:53","slug":"mexico-registra-el-primer-deceso-por-sarampion-en-2026","status":"publish","type":"post","link":"https:\/\/whatsappmexico.com\/?p=33417","title":{"rendered":"M\u00e9xico registra el primer deceso\u00a0por sarampi\u00f3n en 2026"},"content":{"rendered":"<p>\ud83d\udd38\u00a0Las autoridades sanitarias llaman a reforzar la vacunaci\u00f3n ante un brote activo que ya afecta a todo el pa\u00eds<\/p>\n<p>&nbsp;<\/p>\n<p>&nbsp;<\/p>\n<p>#NACIONAL | La Secretar\u00eda de Salud federal confirm\u00f3 el primer fallecimiento por sarampi\u00f3n en M\u00e9xico en 2026, registrado en el estado de Michoac\u00e1n, mientras el brote de la enfermedad contin\u00faa activo y con transmisi\u00f3n en las 32 entidades del pa\u00eds.<\/p>\n<p>&nbsp;<\/p>\n<p>Seg\u00fan el Informe Diario del Brote de Sarampi\u00f3n con corte al 23 de enero, adem\u00e1s del deceso, el pa\u00eds acumula m\u00e1s de 7 400 casos confirmados, con repuntes notables en estados como Jalisco, Chiapas y Sinaloa.<\/p>\n<p>&nbsp;<\/p>\n<p>Las autoridades han destacado que la mayor\u00eda de contagios y las muertes previas se presentan entre personas con esquema de vacunaci\u00f3n incompleto o sin ninguna dosis, por lo que han reforzado la campa\u00f1a de inmunizaci\u00f3n como la medida m\u00e1s eficaz para contener la epidemia.<\/p>\n<p>Desde el inicio del brote en 2025, M\u00e9xico hab\u00eda registrado 25 muertes por la enfermedad, principalmente en Chihuahua; con este nuevo caso en 2026 la cifra total asciende a 26, lo que mantiene en alerta al sistema de vigilancia epidemiol\u00f3gica.<\/p>\n<p>&nbsp;<\/p>\n<p>La Secretar\u00eda de Salud reiter\u00f3 la importancia de completar los esquemas de vacunaci\u00f3n \u2014especialmente en ni\u00f1os y j\u00f3venes\u2014 y mantener la vigilancia para detectar y confirmar casos r\u00e1pidamente, a fin de reducir la propagaci\u00f3n del sarampi\u00f3n en el pa\u00eds.<\/p>\n<p>&nbsp;<\/p>\n<p>&nbsp;<\/p>\n","protected":false},"excerpt":{"rendered":"<p>\ud83d\udd38\u00a0Las autoridades sanitarias llaman a reforzar la vacunaci\u00f3n ante un brote activo que ya afecta a todo el pa\u00eds &nbsp; &nbsp; #NACIONAL | La Secretar\u00eda de Salud federal confirm\u00f3 el primer fallecimiento por sarampi\u00f3n en M\u00e9xico en 2026, registrado en&#8230;<\/p>\n","protected":false},"author":1,"featured_media":33419,"comment_status":"open","ping_status":"closed","sticky":false,"template":"","format":"standard","meta":{"footnotes":""},"categories":[7],"tags":[],"class_list":["post-33417","post","type-post","status-publish","format-standard","has-post-thumbnail","hentry","category-nacional"],"yoast_head":"<!-- This site is optimized with the Yoast SEO plugin v27.4 - https:\/\/yoast.com\/product\/yoast-seo-wordpress\/ -->\n<title>M\u00e9xico registra el primer deceso\u00a0por sarampi\u00f3n en 2026 -<\/title>\n<meta name=\"robots\" content=\"index, follow, max-snippet:-1, max-image-preview:large, max-video-preview:-1\" \/>\n<link rel=\"canonical\" href=\"https:\/\/whatsappmexico.com\/?p=33417\" \/>\n<meta property=\"og:locale\" content=\"es_ES\" \/>\n<meta property=\"og:type\" content=\"article\" \/>\n<meta property=\"og:title\" content=\"M\u00e9xico registra el primer deceso\u00a0por sarampi\u00f3n en 2026 -\" \/>\n<meta property=\"og:description\" content=\"\ud83d\udd38\u00a0Las autoridades sanitarias llaman a reforzar la vacunaci\u00f3n ante un brote activo que ya afecta a todo el pa\u00eds &nbsp; &nbsp; #NACIONAL | La Secretar\u00eda de Salud federal confirm\u00f3 el primer fallecimiento por sarampi\u00f3n en M\u00e9xico en 2026, registrado en...\" \/>\n<meta property=\"og:url\" content=\"https:\/\/whatsappmexico.com\/?p=33417\" \/>\n<meta property=\"article:published_time\" content=\"2026-01-26T17:00:01+00:00\" \/>\n<meta property=\"og:image\" content=\"https:\/\/whatsappmexico.com\/wp-content\/uploads\/2026\/01\/WhatsApp-Image-2026-01-26-at-10.16.52.jpeg\" \/>\n\t<meta property=\"og:image:width\" content=\"1600\" \/>\n\t<meta property=\"og:image:height\" content=\"1066\" \/>\n\t<meta property=\"og:image:type\" content=\"image\/jpeg\" \/>\n<meta name=\"author\" content=\"admin\" \/>\n<meta name=\"twitter:card\" content=\"summary_large_image\" \/>\n<meta name=\"twitter:label1\" content=\"Escrito por\" \/>\n\t<meta name=\"twitter:data1\" content=\"admin\" \/>\n\t<meta name=\"twitter:label2\" content=\"Tiempo de lectura\" \/>\n\t<meta name=\"twitter:data2\" content=\"1 minuto\" \/>\n<script type=\"application\/ld+json\" class=\"yoast-schema-graph\">{\"@context\":\"https:\\\/\\\/schema.org\",\"@graph\":[{\"@type\":\"Article\",\"@id\":\"https:\\\/\\\/whatsappmexico.com\\\/?p=33417#article\",\"isPartOf\":{\"@id\":\"https:\\\/\\\/whatsappmexico.com\\\/?p=33417\"},\"author\":{\"name\":\"admin\",\"@id\":\"https:\\\/\\\/whatsappmexico.com\\\/#\\\/schema\\\/person\\\/082b02d197e5c0d9eeef91cf10d3643e\"},\"headline\":\"M\u00e9xico registra el primer deceso\u00a0por sarampi\u00f3n en 2026\",\"datePublished\":\"2026-01-26T17:00:01+00:00\",\"mainEntityOfPage\":{\"@id\":\"https:\\\/\\\/whatsappmexico.com\\\/?p=33417\"},\"wordCount\":255,\"commentCount\":0,\"image\":{\"@id\":\"https:\\\/\\\/whatsappmexico.com\\\/?p=33417#primaryimage\"},\"thumbnailUrl\":\"https:\\\/\\\/whatsappmexico.com\\\/wp-content\\\/uploads\\\/2026\\\/01\\\/WhatsApp-Image-2026-01-26-at-10.16.52.jpeg\",\"articleSection\":[\"Nacional\"],\"inLanguage\":\"es\",\"potentialAction\":[{\"@type\":\"CommentAction\",\"name\":\"Comment\",\"target\":[\"https:\\\/\\\/whatsappmexico.com\\\/?p=33417#respond\"]}]},{\"@type\":\"WebPage\",\"@id\":\"https:\\\/\\\/whatsappmexico.com\\\/?p=33417\",\"url\":\"https:\\\/\\\/whatsappmexico.com\\\/?p=33417\",\"name\":\"M\u00e9xico registra el primer deceso\u00a0por sarampi\u00f3n en 2026 -\",\"isPartOf\":{\"@id\":\"https:\\\/\\\/whatsappmexico.com\\\/#website\"},\"primaryImageOfPage\":{\"@id\":\"https:\\\/\\\/whatsappmexico.com\\\/?p=33417#primaryimage\"},\"image\":{\"@id\":\"https:\\\/\\\/whatsappmexico.com\\\/?p=33417#primaryimage\"},\"thumbnailUrl\":\"https:\\\/\\\/whatsappmexico.com\\\/wp-content\\\/uploads\\\/2026\\\/01\\\/WhatsApp-Image-2026-01-26-at-10.16.52.jpeg\",\"datePublished\":\"2026-01-26T17:00:01+00:00\",\"author\":{\"@id\":\"https:\\\/\\\/whatsappmexico.com\\\/#\\\/schema\\\/person\\\/082b02d197e5c0d9eeef91cf10d3643e\"},\"breadcrumb\":{\"@id\":\"https:\\\/\\\/whatsappmexico.com\\\/?p=33417#breadcrumb\"},\"inLanguage\":\"es\",\"potentialAction\":[{\"@type\":\"ReadAction\",\"target\":[\"https:\\\/\\\/whatsappmexico.com\\\/?p=33417\"]}]},{\"@type\":\"ImageObject\",\"inLanguage\":\"es\",\"@id\":\"https:\\\/\\\/whatsappmexico.com\\\/?p=33417#primaryimage\",\"url\":\"https:\\\/\\\/whatsappmexico.com\\\/wp-content\\\/uploads\\\/2026\\\/01\\\/WhatsApp-Image-2026-01-26-at-10.16.52.jpeg\",\"contentUrl\":\"https:\\\/\\\/whatsappmexico.com\\\/wp-content\\\/uploads\\\/2026\\\/01\\\/WhatsApp-Image-2026-01-26-at-10.16.52.jpeg\",\"width\":1600,\"height\":1066},{\"@type\":\"BreadcrumbList\",\"@id\":\"https:\\\/\\\/whatsappmexico.com\\\/?p=33417#breadcrumb\",\"itemListElement\":[{\"@type\":\"ListItem\",\"position\":1,\"name\":\"Portada\",\"item\":\"https:\\\/\\\/whatsappmexico.com\\\/\"},{\"@type\":\"ListItem\",\"position\":2,\"name\":\"M\u00e9xico registra el primer deceso\u00a0por sarampi\u00f3n en 2026\"}]},{\"@type\":\"WebSite\",\"@id\":\"https:\\\/\\\/whatsappmexico.com\\\/#website\",\"url\":\"https:\\\/\\\/whatsappmexico.com\\\/\",\"name\":\"\",\"description\":\"La Noticia M\u00e1s R\u00e1pida\",\"potentialAction\":[{\"@type\":\"SearchAction\",\"target\":{\"@type\":\"EntryPoint\",\"urlTemplate\":\"https:\\\/\\\/whatsappmexico.com\\\/?s={search_term_string}\"},\"query-input\":{\"@type\":\"PropertyValueSpecification\",\"valueRequired\":true,\"valueName\":\"search_term_string\"}}],\"inLanguage\":\"es\"},{\"@type\":\"Person\",\"@id\":\"https:\\\/\\\/whatsappmexico.com\\\/#\\\/schema\\\/person\\\/082b02d197e5c0d9eeef91cf10d3643e\",\"name\":\"admin\",\"image\":{\"@type\":\"ImageObject\",\"inLanguage\":\"es\",\"@id\":\"https:\\\/\\\/secure.gravatar.com\\\/avatar\\\/c2e50278fd314cf93ecf18c6171760d6d7972373780a207099fd11e86caef7a0?s=96&d=mm&r=g\",\"url\":\"https:\\\/\\\/secure.gravatar.com\\\/avatar\\\/c2e50278fd314cf93ecf18c6171760d6d7972373780a207099fd11e86caef7a0?s=96&d=mm&r=g\",\"contentUrl\":\"https:\\\/\\\/secure.gravatar.com\\\/avatar\\\/c2e50278fd314cf93ecf18c6171760d6d7972373780a207099fd11e86caef7a0?s=96&d=mm&r=g\",\"caption\":\"admin\"},\"sameAs\":[\"https:\\\/\\\/whatsappmexico.com\"],\"url\":\"https:\\\/\\\/whatsappmexico.com\\\/?author=1\"}]}<\/script>\n<!-- \/ Yoast SEO plugin. -->","yoast_head_json":{"title":"M\u00e9xico registra el primer deceso\u00a0por sarampi\u00f3n en 2026 -","robots":{"index":"index","follow":"follow","max-snippet":"max-snippet:-1","max-image-preview":"max-image-preview:large","max-video-preview":"max-video-preview:-1"},"canonical":"https:\/\/whatsappmexico.com\/?p=33417","og_locale":"es_ES","og_type":"article","og_title":"M\u00e9xico registra el primer deceso\u00a0por sarampi\u00f3n en 2026 -","og_description":"\ud83d\udd38\u00a0Las autoridades sanitarias llaman a reforzar la vacunaci\u00f3n ante un brote activo que ya afecta a todo el pa\u00eds &nbsp; &nbsp; #NACIONAL | La Secretar\u00eda de Salud federal confirm\u00f3 el primer fallecimiento por sarampi\u00f3n en M\u00e9xico en 2026, registrado en...","og_url":"https:\/\/whatsappmexico.com\/?p=33417","article_published_time":"2026-01-26T17:00:01+00:00","og_image":[{"width":1600,"height":1066,"url":"https:\/\/whatsappmexico.com\/wp-content\/uploads\/2026\/01\/WhatsApp-Image-2026-01-26-at-10.16.52.jpeg","type":"image\/jpeg"}],"author":"admin","twitter_card":"summary_large_image","twitter_misc":{"Escrito por":"admin","Tiempo de lectura":"1 minuto"},"schema":{"@context":"https:\/\/schema.org","@graph":[{"@type":"Article","@id":"https:\/\/whatsappmexico.com\/?p=33417#article","isPartOf":{"@id":"https:\/\/whatsappmexico.com\/?p=33417"},"author":{"name":"admin","@id":"https:\/\/whatsappmexico.com\/#\/schema\/person\/082b02d197e5c0d9eeef91cf10d3643e"},"headline":"M\u00e9xico registra el primer deceso\u00a0por sarampi\u00f3n en 2026","datePublished":"2026-01-26T17:00:01+00:00","mainEntityOfPage":{"@id":"https:\/\/whatsappmexico.com\/?p=33417"},"wordCount":255,"commentCount":0,"image":{"@id":"https:\/\/whatsappmexico.com\/?p=33417#primaryimage"},"thumbnailUrl":"https:\/\/whatsappmexico.com\/wp-content\/uploads\/2026\/01\/WhatsApp-Image-2026-01-26-at-10.16.52.jpeg","articleSection":["Nacional"],"inLanguage":"es","potentialAction":[{"@type":"CommentAction","name":"Comment","target":["https:\/\/whatsappmexico.com\/?p=33417#respond"]}]},{"@type":"WebPage","@id":"https:\/\/whatsappmexico.com\/?p=33417","url":"https:\/\/whatsappmexico.com\/?p=33417","name":"M\u00e9xico registra el primer deceso\u00a0por sarampi\u00f3n en 2026 -","isPartOf":{"@id":"https:\/\/whatsappmexico.com\/#website"},"primaryImageOfPage":{"@id":"https:\/\/whatsappmexico.com\/?p=33417#primaryimage"},"image":{"@id":"https:\/\/whatsappmexico.com\/?p=33417#primaryimage"},"thumbnailUrl":"https:\/\/whatsappmexico.com\/wp-content\/uploads\/2026\/01\/WhatsApp-Image-2026-01-26-at-10.16.52.jpeg","datePublished":"2026-01-26T17:00:01+00:00","author":{"@id":"https:\/\/whatsappmexico.com\/#\/schema\/person\/082b02d197e5c0d9eeef91cf10d3643e"},"breadcrumb":{"@id":"https:\/\/whatsappmexico.com\/?p=33417#breadcrumb"},"inLanguage":"es","potentialAction":[{"@type":"ReadAction","target":["https:\/\/whatsappmexico.com\/?p=33417"]}]},{"@type":"ImageObject","inLanguage":"es","@id":"https:\/\/whatsappmexico.com\/?p=33417#primaryimage","url":"https:\/\/whatsappmexico.com\/wp-content\/uploads\/2026\/01\/WhatsApp-Image-2026-01-26-at-10.16.52.jpeg","contentUrl":"https:\/\/whatsappmexico.com\/wp-content\/uploads\/2026\/01\/WhatsApp-Image-2026-01-26-at-10.16.52.jpeg","width":1600,"height":1066},{"@type":"BreadcrumbList","@id":"https:\/\/whatsappmexico.com\/?p=33417#breadcrumb","itemListElement":[{"@type":"ListItem","position":1,"name":"Portada","item":"https:\/\/whatsappmexico.com\/"},{"@type":"ListItem","position":2,"name":"M\u00e9xico registra el primer deceso\u00a0por sarampi\u00f3n en 2026"}]},{"@type":"WebSite","@id":"https:\/\/whatsappmexico.com\/#website","url":"https:\/\/whatsappmexico.com\/","name":"","description":"La Noticia M\u00e1s R\u00e1pida","potentialAction":[{"@type":"SearchAction","target":{"@type":"EntryPoint","urlTemplate":"https:\/\/whatsappmexico.com\/?s={search_term_string}"},"query-input":{"@type":"PropertyValueSpecification","valueRequired":true,"valueName":"search_term_string"}}],"inLanguage":"es"},{"@type":"Person","@id":"https:\/\/whatsappmexico.com\/#\/schema\/person\/082b02d197e5c0d9eeef91cf10d3643e","name":"admin","image":{"@type":"ImageObject","inLanguage":"es","@id":"https:\/\/secure.gravatar.com\/avatar\/c2e50278fd314cf93ecf18c6171760d6d7972373780a207099fd11e86caef7a0?s=96&d=mm&r=g","url":"https:\/\/secure.gravatar.com\/avatar\/c2e50278fd314cf93ecf18c6171760d6d7972373780a207099fd11e86caef7a0?s=96&d=mm&r=g","contentUrl":"https:\/\/secure.gravatar.com\/avatar\/c2e50278fd314cf93ecf18c6171760d6d7972373780a207099fd11e86caef7a0?s=96&d=mm&r=g","caption":"admin"},"sameAs":["https:\/\/whatsappmexico.com"],"url":"https:\/\/whatsappmexico.com\/?author=1"}]}},"_links":{"self":[{"href":"https:\/\/whatsappmexico.com\/index.php?rest_route=\/wp\/v2\/posts\/33417","targetHints":{"allow":["GET"]}}],"collection":[{"href":"https:\/\/whatsappmexico.com\/index.php?rest_route=\/wp\/v2\/posts"}],"about":[{"href":"https:\/\/whatsappmexico.com\/index.php?rest_route=\/wp\/v2\/types\/post"}],"author":[{"embeddable":true,"href":"https:\/\/whatsappmexico.com\/index.php?rest_route=\/wp\/v2\/users\/1"}],"replies":[{"embeddable":true,"href":"https:\/\/whatsappmexico.com\/index.php?rest_route=%2Fwp%2Fv2%2Fcomments&post=33417"}],"version-history":[{"count":1,"href":"https:\/\/whatsappmexico.com\/index.php?rest_route=\/wp\/v2\/posts\/33417\/revisions"}],"predecessor-version":[{"id":33418,"href":"https:\/\/whatsappmexico.com\/index.php?rest_route=\/wp\/v2\/posts\/33417\/revisions\/33418"}],"wp:featuredmedia":[{"embeddable":true,"href":"https:\/\/whatsappmexico.com\/index.php?rest_route=\/wp\/v2\/media\/33419"}],"wp:attachment":[{"href":"https:\/\/whatsappmexico.com\/index.php?rest_route=%2Fwp%2Fv2%2Fmedia&parent=33417"}],"wp:term":[{"taxonomy":"category","embeddable":true,"href":"https:\/\/whatsappmexico.com\/index.php?rest_route=%2Fwp%2Fv2%2Fcategories&post=33417"},{"taxonomy":"post_tag","embeddable":true,"href":"https:\/\/whatsappmexico.com\/index.php?rest_route=%2Fwp%2Fv2%2Ftags&post=33417"}],"curies":[{"name":"wp","href":"https:\/\/api.w.org\/{rel}","templated":true}]}}