{"id":36443,"date":"2026-04-28T10:00:27","date_gmt":"2026-04-28T15:00:27","guid":{"rendered":"https:\/\/whatsappmexico.com\/?p=36443"},"modified":"2026-04-28T16:25:56","modified_gmt":"2026-04-28T16:25:56","slug":"mexico-preve-mas-ciclones-en-el-pacifico-y-calor-intenso-este-verano","status":"publish","type":"post","link":"https:\/\/whatsappmexico.com\/?p=36443","title":{"rendered":"M\u00e9xico prev\u00e9 m\u00e1s ciclones en el Pac\u00edfico y calor intenso este verano"},"content":{"rendered":"<p>\ud83d\udd38 El coordinador general del SMN detall\u00f3 que las lluvias se extender\u00e1n a todo el pa\u00eds a partir de junio, pero el calor prevalecer\u00e1 en julio y agosto<\/p>\n<p>&nbsp;<\/p>\n<p>#NACIONAL | M\u00e9xico prev\u00e9 que la temporada de lluvias de 2026 inicie en mayo, con mayor actividad cicl\u00f3nica en el Pac\u00edfico y temperaturas superiores al promedio, seg\u00fan inform\u00f3 este lunes el Servicio Meteorol\u00f3gico Nacional (SMN).<\/p>\n<p>El coordinador general del SMN, Fabi\u00e1n V\u00e1zquez Roma\u00f1a, detall\u00f3 en un comunicado que las lluvias se extender\u00e1n a todo el pa\u00eds a partir de junio.<\/p>\n<p>Sin embargo, indic\u00f3 que en julio podr\u00edan disminuir o mantenerse por debajo de lo habitual en varias regiones -especialmente en el noreste, centro, oriente, sur y sureste- debido a la influencia de El Ni\u00f1o, un fen\u00f3meno clim\u00e1tico que altera los patrones de lluvia.<\/p>\n<p>En cuanto a las condiciones t\u00e9rmicas, se\u00f1al\u00f3 que se esperan temperaturas por arriba del promedio durante gran parte del verano, con alto riesgo de ondas de calor en julio y agosto, especialmente en el noreste del pa\u00eds.<\/p>\n<p>Sobre la temporada de ciclones, V\u00e1zquez Roma\u00f1a explic\u00f3 que se prev\u00e9 una mayor actividad en el oc\u00e9ano Pac\u00edfico y niveles cercanos o por debajo del promedio en el Atl\u00e1ntico, en l\u00ednea con la influencia de El Ni\u00f1o.<\/p>\n<p>Hist\u00f3ricamente, refiri\u00f3, los estados m\u00e1s afectados por ciclones en M\u00e9xico son Baja California Sur y Sinaloa, Tamaulipas, Veracruz y Quintana Roo.<\/p>\n<p>No obstante, el funcionario advirti\u00f3 que un menor n\u00famero de sistemas no significa ausencia de riesgo, ya que un solo cicl\u00f3n puede causar afectaciones severas.<\/p>\n<p>Para 2026, el SMN prev\u00e9 en el Pac\u00edfico entre 18 y 21 ciclones con nombre: de nueve a diez tormentas tropicales, de cinco a seis huracanes categor\u00eda 1 o 2, y de cuatro a cinco huracanes mayores.<\/p>\n<p>Mientras que en el Atl\u00e1ntico, se estima la formaci\u00f3n de entre 11 y 15 sistemas: de siete a ocho tormentas tropicales, de tres a cinco huracanes categor\u00eda 1 o 2, y hasta dos huracanes mayores.<\/p>\n<p>Adem\u00e1s, el SMN prev\u00e9 un 61 % de probabilidad de que se forme El Ni\u00f1o entre mayo y julio, con posible intensificaci\u00f3n entre agosto y octubre, en plena temporada de ciclones, y 25 % de que se convierta en un evento fuerte hacia el invierno.<\/p>\n<p>En 2025, la temporada de lluvias y ciclones en M\u00e9xico, de mayo a noviembre, dej\u00f3 31 ciclones con nombre, uno m\u00e1s que en 2024. En el Pac\u00edfico, el SMN contabiliz\u00f3 18 sistemas y en el Atl\u00e1ntico, 13.<\/p>\n","protected":false},"excerpt":{"rendered":"<p>\ud83d\udd38 El coordinador general del SMN detall\u00f3 que las lluvias se extender\u00e1n a todo el pa\u00eds a partir de junio, pero el calor prevalecer\u00e1 en julio y agosto &nbsp; #NACIONAL | M\u00e9xico prev\u00e9 que la temporada de lluvias de 2026&#8230;<\/p>\n","protected":false},"author":1,"featured_media":36445,"comment_status":"open","ping_status":"closed","sticky":false,"template":"","format":"standard","meta":{"footnotes":""},"categories":[7],"tags":[],"class_list":["post-36443","post","type-post","status-publish","format-standard","has-post-thumbnail","hentry","category-nacional"],"yoast_head":"<!-- This site is optimized with the Yoast SEO plugin v27.4 - https:\/\/yoast.com\/product\/yoast-seo-wordpress\/ -->\n<title>M\u00e9xico prev\u00e9 m\u00e1s ciclones en el Pac\u00edfico y calor intenso este verano -<\/title>\n<meta name=\"robots\" content=\"index, follow, max-snippet:-1, max-image-preview:large, max-video-preview:-1\" \/>\n<link rel=\"canonical\" href=\"https:\/\/whatsappmexico.com\/?p=36443\" \/>\n<meta property=\"og:locale\" content=\"es_ES\" \/>\n<meta property=\"og:type\" content=\"article\" \/>\n<meta property=\"og:title\" content=\"M\u00e9xico prev\u00e9 m\u00e1s ciclones en el Pac\u00edfico y calor intenso este verano -\" \/>\n<meta property=\"og:description\" content=\"\ud83d\udd38 El coordinador general del SMN detall\u00f3 que las lluvias se extender\u00e1n a todo el pa\u00eds a partir de junio, pero el calor prevalecer\u00e1 en julio y agosto &nbsp; #NACIONAL | M\u00e9xico prev\u00e9 que la temporada de lluvias de 2026...\" \/>\n<meta property=\"og:url\" content=\"https:\/\/whatsappmexico.com\/?p=36443\" \/>\n<meta property=\"article:published_time\" content=\"2026-04-28T15:00:27+00:00\" \/>\n<meta property=\"article:modified_time\" content=\"2026-04-28T16:25:56+00:00\" \/>\n<meta name=\"author\" content=\"admin\" \/>\n<meta name=\"twitter:card\" content=\"summary_large_image\" \/>\n<meta name=\"twitter:label1\" content=\"Escrito por\" \/>\n\t<meta name=\"twitter:data1\" content=\"admin\" \/>\n\t<meta name=\"twitter:label2\" content=\"Tiempo de lectura\" \/>\n\t<meta name=\"twitter:data2\" content=\"2 minutos\" \/>\n<script type=\"application\/ld+json\" class=\"yoast-schema-graph\">{\"@context\":\"https:\\\/\\\/schema.org\",\"@graph\":[{\"@type\":\"Article\",\"@id\":\"https:\\\/\\\/whatsappmexico.com\\\/?p=36443#article\",\"isPartOf\":{\"@id\":\"https:\\\/\\\/whatsappmexico.com\\\/?p=36443\"},\"author\":{\"name\":\"admin\",\"@id\":\"https:\\\/\\\/whatsappmexico.com\\\/#\\\/schema\\\/person\\\/082b02d197e5c0d9eeef91cf10d3643e\"},\"headline\":\"M\u00e9xico prev\u00e9 m\u00e1s ciclones en el Pac\u00edfico y calor intenso este verano\",\"datePublished\":\"2026-04-28T15:00:27+00:00\",\"dateModified\":\"2026-04-28T16:25:56+00:00\",\"mainEntityOfPage\":{\"@id\":\"https:\\\/\\\/whatsappmexico.com\\\/?p=36443\"},\"wordCount\":443,\"commentCount\":0,\"image\":{\"@id\":\"https:\\\/\\\/whatsappmexico.com\\\/?p=36443#primaryimage\"},\"thumbnailUrl\":\"https:\\\/\\\/whatsappmexico.com\\\/wp-content\\\/uploads\\\/2026\\\/04\\\/WhatsApp-Image-2026-04-28-at-08.58.21.jpeg\",\"articleSection\":[\"Nacional\"],\"inLanguage\":\"es\",\"potentialAction\":[{\"@type\":\"CommentAction\",\"name\":\"Comment\",\"target\":[\"https:\\\/\\\/whatsappmexico.com\\\/?p=36443#respond\"]}]},{\"@type\":\"WebPage\",\"@id\":\"https:\\\/\\\/whatsappmexico.com\\\/?p=36443\",\"url\":\"https:\\\/\\\/whatsappmexico.com\\\/?p=36443\",\"name\":\"M\u00e9xico prev\u00e9 m\u00e1s ciclones en el Pac\u00edfico y calor intenso este verano -\",\"isPartOf\":{\"@id\":\"https:\\\/\\\/whatsappmexico.com\\\/#website\"},\"primaryImageOfPage\":{\"@id\":\"https:\\\/\\\/whatsappmexico.com\\\/?p=36443#primaryimage\"},\"image\":{\"@id\":\"https:\\\/\\\/whatsappmexico.com\\\/?p=36443#primaryimage\"},\"thumbnailUrl\":\"https:\\\/\\\/whatsappmexico.com\\\/wp-content\\\/uploads\\\/2026\\\/04\\\/WhatsApp-Image-2026-04-28-at-08.58.21.jpeg\",\"datePublished\":\"2026-04-28T15:00:27+00:00\",\"dateModified\":\"2026-04-28T16:25:56+00:00\",\"author\":{\"@id\":\"https:\\\/\\\/whatsappmexico.com\\\/#\\\/schema\\\/person\\\/082b02d197e5c0d9eeef91cf10d3643e\"},\"breadcrumb\":{\"@id\":\"https:\\\/\\\/whatsappmexico.com\\\/?p=36443#breadcrumb\"},\"inLanguage\":\"es\",\"potentialAction\":[{\"@type\":\"ReadAction\",\"target\":[\"https:\\\/\\\/whatsappmexico.com\\\/?p=36443\"]}]},{\"@type\":\"ImageObject\",\"inLanguage\":\"es\",\"@id\":\"https:\\\/\\\/whatsappmexico.com\\\/?p=36443#primaryimage\",\"url\":\"https:\\\/\\\/whatsappmexico.com\\\/wp-content\\\/uploads\\\/2026\\\/04\\\/WhatsApp-Image-2026-04-28-at-08.58.21.jpeg\",\"contentUrl\":\"https:\\\/\\\/whatsappmexico.com\\\/wp-content\\\/uploads\\\/2026\\\/04\\\/WhatsApp-Image-2026-04-28-at-08.58.21.jpeg\",\"width\":1600,\"height\":1066},{\"@type\":\"BreadcrumbList\",\"@id\":\"https:\\\/\\\/whatsappmexico.com\\\/?p=36443#breadcrumb\",\"itemListElement\":[{\"@type\":\"ListItem\",\"position\":1,\"name\":\"Portada\",\"item\":\"https:\\\/\\\/whatsappmexico.com\\\/\"},{\"@type\":\"ListItem\",\"position\":2,\"name\":\"M\u00e9xico prev\u00e9 m\u00e1s ciclones en el Pac\u00edfico y calor intenso este verano\"}]},{\"@type\":\"WebSite\",\"@id\":\"https:\\\/\\\/whatsappmexico.com\\\/#website\",\"url\":\"https:\\\/\\\/whatsappmexico.com\\\/\",\"name\":\"\",\"description\":\"La Noticia M\u00e1s R\u00e1pida\",\"potentialAction\":[{\"@type\":\"SearchAction\",\"target\":{\"@type\":\"EntryPoint\",\"urlTemplate\":\"https:\\\/\\\/whatsappmexico.com\\\/?s={search_term_string}\"},\"query-input\":{\"@type\":\"PropertyValueSpecification\",\"valueRequired\":true,\"valueName\":\"search_term_string\"}}],\"inLanguage\":\"es\"},{\"@type\":\"Person\",\"@id\":\"https:\\\/\\\/whatsappmexico.com\\\/#\\\/schema\\\/person\\\/082b02d197e5c0d9eeef91cf10d3643e\",\"name\":\"admin\",\"image\":{\"@type\":\"ImageObject\",\"inLanguage\":\"es\",\"@id\":\"https:\\\/\\\/secure.gravatar.com\\\/avatar\\\/c2e50278fd314cf93ecf18c6171760d6d7972373780a207099fd11e86caef7a0?s=96&d=mm&r=g\",\"url\":\"https:\\\/\\\/secure.gravatar.com\\\/avatar\\\/c2e50278fd314cf93ecf18c6171760d6d7972373780a207099fd11e86caef7a0?s=96&d=mm&r=g\",\"contentUrl\":\"https:\\\/\\\/secure.gravatar.com\\\/avatar\\\/c2e50278fd314cf93ecf18c6171760d6d7972373780a207099fd11e86caef7a0?s=96&d=mm&r=g\",\"caption\":\"admin\"},\"sameAs\":[\"https:\\\/\\\/whatsappmexico.com\"],\"url\":\"https:\\\/\\\/whatsappmexico.com\\\/?author=1\"}]}<\/script>\n<!-- \/ Yoast SEO plugin. -->","yoast_head_json":{"title":"M\u00e9xico prev\u00e9 m\u00e1s ciclones en el Pac\u00edfico y calor intenso este verano -","robots":{"index":"index","follow":"follow","max-snippet":"max-snippet:-1","max-image-preview":"max-image-preview:large","max-video-preview":"max-video-preview:-1"},"canonical":"https:\/\/whatsappmexico.com\/?p=36443","og_locale":"es_ES","og_type":"article","og_title":"M\u00e9xico prev\u00e9 m\u00e1s ciclones en el Pac\u00edfico y calor intenso este verano -","og_description":"\ud83d\udd38 El coordinador general del SMN detall\u00f3 que las lluvias se extender\u00e1n a todo el pa\u00eds a partir de junio, pero el calor prevalecer\u00e1 en julio y agosto &nbsp; #NACIONAL | M\u00e9xico prev\u00e9 que la temporada de lluvias de 2026...","og_url":"https:\/\/whatsappmexico.com\/?p=36443","article_published_time":"2026-04-28T15:00:27+00:00","article_modified_time":"2026-04-28T16:25:56+00:00","author":"admin","twitter_card":"summary_large_image","twitter_misc":{"Escrito por":"admin","Tiempo de lectura":"2 minutos"},"schema":{"@context":"https:\/\/schema.org","@graph":[{"@type":"Article","@id":"https:\/\/whatsappmexico.com\/?p=36443#article","isPartOf":{"@id":"https:\/\/whatsappmexico.com\/?p=36443"},"author":{"name":"admin","@id":"https:\/\/whatsappmexico.com\/#\/schema\/person\/082b02d197e5c0d9eeef91cf10d3643e"},"headline":"M\u00e9xico prev\u00e9 m\u00e1s ciclones en el Pac\u00edfico y calor intenso este verano","datePublished":"2026-04-28T15:00:27+00:00","dateModified":"2026-04-28T16:25:56+00:00","mainEntityOfPage":{"@id":"https:\/\/whatsappmexico.com\/?p=36443"},"wordCount":443,"commentCount":0,"image":{"@id":"https:\/\/whatsappmexico.com\/?p=36443#primaryimage"},"thumbnailUrl":"https:\/\/whatsappmexico.com\/wp-content\/uploads\/2026\/04\/WhatsApp-Image-2026-04-28-at-08.58.21.jpeg","articleSection":["Nacional"],"inLanguage":"es","potentialAction":[{"@type":"CommentAction","name":"Comment","target":["https:\/\/whatsappmexico.com\/?p=36443#respond"]}]},{"@type":"WebPage","@id":"https:\/\/whatsappmexico.com\/?p=36443","url":"https:\/\/whatsappmexico.com\/?p=36443","name":"M\u00e9xico prev\u00e9 m\u00e1s ciclones en el Pac\u00edfico y calor intenso este verano -","isPartOf":{"@id":"https:\/\/whatsappmexico.com\/#website"},"primaryImageOfPage":{"@id":"https:\/\/whatsappmexico.com\/?p=36443#primaryimage"},"image":{"@id":"https:\/\/whatsappmexico.com\/?p=36443#primaryimage"},"thumbnailUrl":"https:\/\/whatsappmexico.com\/wp-content\/uploads\/2026\/04\/WhatsApp-Image-2026-04-28-at-08.58.21.jpeg","datePublished":"2026-04-28T15:00:27+00:00","dateModified":"2026-04-28T16:25:56+00:00","author":{"@id":"https:\/\/whatsappmexico.com\/#\/schema\/person\/082b02d197e5c0d9eeef91cf10d3643e"},"breadcrumb":{"@id":"https:\/\/whatsappmexico.com\/?p=36443#breadcrumb"},"inLanguage":"es","potentialAction":[{"@type":"ReadAction","target":["https:\/\/whatsappmexico.com\/?p=36443"]}]},{"@type":"ImageObject","inLanguage":"es","@id":"https:\/\/whatsappmexico.com\/?p=36443#primaryimage","url":"https:\/\/whatsappmexico.com\/wp-content\/uploads\/2026\/04\/WhatsApp-Image-2026-04-28-at-08.58.21.jpeg","contentUrl":"https:\/\/whatsappmexico.com\/wp-content\/uploads\/2026\/04\/WhatsApp-Image-2026-04-28-at-08.58.21.jpeg","width":1600,"height":1066},{"@type":"BreadcrumbList","@id":"https:\/\/whatsappmexico.com\/?p=36443#breadcrumb","itemListElement":[{"@type":"ListItem","position":1,"name":"Portada","item":"https:\/\/whatsappmexico.com\/"},{"@type":"ListItem","position":2,"name":"M\u00e9xico prev\u00e9 m\u00e1s ciclones en el Pac\u00edfico y calor intenso este verano"}]},{"@type":"WebSite","@id":"https:\/\/whatsappmexico.com\/#website","url":"https:\/\/whatsappmexico.com\/","name":"","description":"La Noticia M\u00e1s R\u00e1pida","potentialAction":[{"@type":"SearchAction","target":{"@type":"EntryPoint","urlTemplate":"https:\/\/whatsappmexico.com\/?s={search_term_string}"},"query-input":{"@type":"PropertyValueSpecification","valueRequired":true,"valueName":"search_term_string"}}],"inLanguage":"es"},{"@type":"Person","@id":"https:\/\/whatsappmexico.com\/#\/schema\/person\/082b02d197e5c0d9eeef91cf10d3643e","name":"admin","image":{"@type":"ImageObject","inLanguage":"es","@id":"https:\/\/secure.gravatar.com\/avatar\/c2e50278fd314cf93ecf18c6171760d6d7972373780a207099fd11e86caef7a0?s=96&d=mm&r=g","url":"https:\/\/secure.gravatar.com\/avatar\/c2e50278fd314cf93ecf18c6171760d6d7972373780a207099fd11e86caef7a0?s=96&d=mm&r=g","contentUrl":"https:\/\/secure.gravatar.com\/avatar\/c2e50278fd314cf93ecf18c6171760d6d7972373780a207099fd11e86caef7a0?s=96&d=mm&r=g","caption":"admin"},"sameAs":["https:\/\/whatsappmexico.com"],"url":"https:\/\/whatsappmexico.com\/?author=1"}]}},"_links":{"self":[{"href":"https:\/\/whatsappmexico.com\/index.php?rest_route=\/wp\/v2\/posts\/36443","targetHints":{"allow":["GET"]}}],"collection":[{"href":"https:\/\/whatsappmexico.com\/index.php?rest_route=\/wp\/v2\/posts"}],"about":[{"href":"https:\/\/whatsappmexico.com\/index.php?rest_route=\/wp\/v2\/types\/post"}],"author":[{"embeddable":true,"href":"https:\/\/whatsappmexico.com\/index.php?rest_route=\/wp\/v2\/users\/1"}],"replies":[{"embeddable":true,"href":"https:\/\/whatsappmexico.com\/index.php?rest_route=%2Fwp%2Fv2%2Fcomments&post=36443"}],"version-history":[{"count":1,"href":"https:\/\/whatsappmexico.com\/index.php?rest_route=\/wp\/v2\/posts\/36443\/revisions"}],"predecessor-version":[{"id":36444,"href":"https:\/\/whatsappmexico.com\/index.php?rest_route=\/wp\/v2\/posts\/36443\/revisions\/36444"}],"wp:featuredmedia":[{"embeddable":true,"href":"https:\/\/whatsappmexico.com\/index.php?rest_route=\/wp\/v2\/media\/36445"}],"wp:attachment":[{"href":"https:\/\/whatsappmexico.com\/index.php?rest_route=%2Fwp%2Fv2%2Fmedia&parent=36443"}],"wp:term":[{"taxonomy":"category","embeddable":true,"href":"https:\/\/whatsappmexico.com\/index.php?rest_route=%2Fwp%2Fv2%2Fcategories&post=36443"},{"taxonomy":"post_tag","embeddable":true,"href":"https:\/\/whatsappmexico.com\/index.php?rest_route=%2Fwp%2Fv2%2Ftags&post=36443"}],"curies":[{"name":"wp","href":"https:\/\/api.w.org\/{rel}","templated":true}]}}