{"id":8365,"date":"2022-08-13T17:21:49","date_gmt":"2022-08-13T17:21:49","guid":{"rendered":"https:\/\/whatsappmexico.com\/?p=8365"},"modified":"2022-08-13T17:21:49","modified_gmt":"2022-08-13T17:21:49","slug":"anuncian-el-festival-internacional-del-mariachi-en-tamaulipas-habra-una-megacaravana","status":"publish","type":"post","link":"https:\/\/whatsappmexico.com\/?p=8365","title":{"rendered":"Anuncian el Festival Internacional del Mariachi en Tamaulipas, \u00a1habr\u00e1 una megacaravana!"},"content":{"rendered":"<h4>Los eventos del Festival Internacional del Mariachi, que se llevar\u00e1n a cabo en el norte de Tamaulipas, ser\u00e1n gratuitos<\/h4>\n<p>Festival Internacional del Mariachi: Anuncian caravana musical en el Festival Internacional del Mariachi<\/p>\n<p>Dos a\u00f1os despu\u00e9s que callaron por la pandemia, artistas de Reynosa vuelven a sonar con las notas m\u00e1s altas.<\/p>\n<p>Ademas que esta vez realizar\u00e1n el Festival Internacional del Mariachi que ser\u00e1 una megacaravana que ir\u00e1 de Nuevo Laredo a Matamoros.<\/p>\n<p>Sin mencionar que\u00a0contar\u00e1 con invitados internacionales.<\/p>\n<p>Ad\u00e1n Alan Pardo, primera voz del Mariachi Tierra Brava.<\/p>\n<p>Con esto se anunci\u00f3 el Festival Internacional del Mariachi en Tamaulipas que se llevar\u00e1 a cabo por toda la frontera, desde Nuevo Laredo hasta Matamoros.<\/p>\n<h4>En esta semana de eventos art\u00edsticos tambi\u00e9n estar\u00e1n participando invitados de talento internacional representando a pa\u00edses como:<\/h4>\n<p>Espa\u00f1a<\/p>\n<p>Costa Rica<\/p>\n<p>Chile<\/p>\n<p>Ecuador<\/p>\n<p>Argentina<\/p>\n<p>Jap\u00f3n<\/p>\n<p>Colombia<\/p>\n<p>Estados Unidos<\/p>\n<p>\u201cParticipar\u00e1n en una Caravana del 18 al 30 de septiembre de Nuevo Laredo a Matamoros\u201d.<\/p>\n<p>\u201cAdemas de\u00a0cantantes de diversos estados mexicanos vendr\u00e1n al rescate de nuestra m\u00fasica y tradiciones como patrimonio de la humanidad\u201d.<\/p>\n<p>Coment\u00f3 el cantante reynosense.<\/p>\n<h4>Al Festival Internacional del Mariachi llegar\u00e1n artistas de 9 entidades<\/h4>\n<p>Asimismo llegar\u00e1n a la frontera tamaulipeca representando a 12 agrupaciones musicales de los estados de:<\/p>\n<p>Sonora<\/p>\n<p>Baja California Norte<\/p>\n<p>Chihuahua<\/p>\n<p>Puebla<\/p>\n<p>Quintana Roo<\/p>\n<p>Tlaxcala<\/p>\n<p>Ciudad de M\u00e9xico<\/p>\n<p>Jalisco<\/p>\n<p>Tamaulipas<\/p>\n<h4>Adem\u00e1s, dieron a conocer que del 26 al 30 de septiembre se contar\u00e1 con la presencia de maestros arreglistas musicales que trabajaron con:<\/h4>\n<p>Juan Gabriel, Luis Miguel, segundas voces de Lucha Villa y Aida Cuevas.<\/p>\n<p>Anunciaron que existe la posibilidad de presentar en escenario a los nietos de Jos\u00e9 Alfredo Jim\u00e9nez, Pedro Infante y Javier Sol\u00eds.<\/p>\n<p>Los eventos del Festival Internacional del Mariachi se llevar\u00e1 a cabo de Nuevo Laredo a Matamoros<\/p>\n<p>Asistentes del festival del mariachi estar\u00e1n seguros y bajo protecci\u00f3n<\/p>\n<p>Representantes jur\u00eddicos de la Comisi\u00f3n Internacional de Derechos Humanos, M\u00e1ximo Mayo Rom\u00e1n y Mar\u00eda Guadalupe Marines Hern\u00e1ndez.<\/p>\n<p>Ademas que confirmaron que tendr\u00e1n algunas comisiones en apoyo de salud, protecci\u00f3n y diversas atenciones entre otros para los participantes.<\/p>\n<p>Este festival se realiza con el af\u00e1n de rescatar la cultura folcl\u00f3rica, este pr\u00f3ximo semana se definir\u00e1 la sede para las presentaciones.<\/p>\n<p>As\u00ed mismo de estar\u00a0llevando la responsabilidad de la organizaci\u00f3n el Mariachi Tierra Brava y Casa Brava Producciones.<\/p>\n<p>Ademas de estar asistidos por la Comisi\u00f3n Internacional de los Derechos Humanos, con sede en Reynosa.<\/p>\n<p>En el festival del mariachi del 26 al 30 de septiembre se contar\u00e1 con la presencia de maestros arreglistas<\/p>\n<p>Todos los eventos ser\u00e1n totalmente gratuitos, ya que adem\u00e1s de la megacaravana del Festival Internacional del Mariachi, los asistentes podr\u00e1n disfrutar tambi\u00e9n de<\/p>\n<p>Conciertos musicales<\/p>\n<p>La presentaci\u00f3n de una pel\u00edculas filmada en Reynosa con el nombre de \u201cRosita\u201d<\/p>\n<p>Una cabalgata en el D\u00eda Del Turismo<\/p>\n<p>Un homenaje a 12 compositores de Tamaulipas<\/p>\n<p>Talleres art\u00edsticos<\/p>\n","protected":false},"excerpt":{"rendered":"<p>Los eventos del Festival Internacional del Mariachi, que se llevar\u00e1n a cabo en el norte de Tamaulipas, ser\u00e1n gratuitos Festival Internacional del Mariachi: Anuncian caravana musical en el Festival Internacional del Mariachi Dos a\u00f1os despu\u00e9s que callaron por la pandemia,&#8230;<\/p>\n","protected":false},"author":1,"featured_media":8366,"comment_status":"open","ping_status":"open","sticky":false,"template":"","format":"standard","meta":{"footnotes":""},"categories":[2,4],"tags":[],"class_list":["post-8365","post","type-post","status-publish","format-standard","has-post-thumbnail","hentry","category-cultural","category-espectaculos"],"yoast_head":"<!-- This site is optimized with the Yoast SEO plugin v27.5 - https:\/\/yoast.com\/product\/yoast-seo-wordpress\/ -->\n<title>Anuncian el Festival Internacional del Mariachi en Tamaulipas<\/title>\n<meta name=\"description\" content=\"Anuncian el Festival Internacional del Mariachi en Tamaulipas, \u00a1habr\u00e1 una megacaravana! artistas de Reynosa vuelven a sonar con m\u00e1s altas.\" \/>\n<meta name=\"robots\" content=\"index, follow, max-snippet:-1, max-image-preview:large, max-video-preview:-1\" \/>\n<link rel=\"canonical\" href=\"https:\/\/whatsappmexico.com\/?p=8365\" \/>\n<meta property=\"og:locale\" content=\"es_ES\" \/>\n<meta property=\"og:type\" content=\"article\" \/>\n<meta property=\"og:title\" content=\"Anuncian el Festival Internacional del Mariachi en Tamaulipas\" \/>\n<meta property=\"og:description\" content=\"Anuncian el Festival Internacional del Mariachi en Tamaulipas, \u00a1habr\u00e1 una megacaravana! artistas de Reynosa vuelven a sonar con m\u00e1s altas.\" \/>\n<meta property=\"og:url\" content=\"https:\/\/whatsappmexico.com\/?p=8365\" \/>\n<meta property=\"article:published_time\" content=\"2022-08-13T17:21:49+00:00\" \/>\n<meta property=\"og:image\" content=\"https:\/\/whatsappmexico.com\/wp-content\/uploads\/2022\/08\/1111111111111111-1.jpg\" \/>\n\t<meta property=\"og:image:width\" content=\"1140\" \/>\n\t<meta property=\"og:image:height\" content=\"712\" \/>\n\t<meta property=\"og:image:type\" content=\"image\/jpeg\" \/>\n<meta name=\"author\" content=\"admin\" \/>\n<meta name=\"twitter:card\" content=\"summary_large_image\" \/>\n<meta name=\"twitter:label1\" content=\"Escrito por\" \/>\n\t<meta name=\"twitter:data1\" content=\"admin\" \/>\n\t<meta name=\"twitter:label2\" content=\"Tiempo de lectura\" \/>\n\t<meta name=\"twitter:data2\" content=\"3 minutos\" \/>\n<script type=\"application\/ld+json\" class=\"yoast-schema-graph\">{\"@context\":\"https:\\\/\\\/schema.org\",\"@graph\":[{\"@type\":\"Article\",\"@id\":\"https:\\\/\\\/whatsappmexico.com\\\/?p=8365#article\",\"isPartOf\":{\"@id\":\"https:\\\/\\\/whatsappmexico.com\\\/?p=8365\"},\"author\":{\"name\":\"admin\",\"@id\":\"https:\\\/\\\/whatsappmexico.com\\\/#\\\/schema\\\/person\\\/082b02d197e5c0d9eeef91cf10d3643e\"},\"headline\":\"Anuncian el Festival Internacional del Mariachi en Tamaulipas, \u00a1habr\u00e1 una megacaravana!\",\"datePublished\":\"2022-08-13T17:21:49+00:00\",\"mainEntityOfPage\":{\"@id\":\"https:\\\/\\\/whatsappmexico.com\\\/?p=8365\"},\"wordCount\":513,\"commentCount\":0,\"image\":{\"@id\":\"https:\\\/\\\/whatsappmexico.com\\\/?p=8365#primaryimage\"},\"thumbnailUrl\":\"https:\\\/\\\/whatsappmexico.com\\\/wp-content\\\/uploads\\\/2022\\\/08\\\/1111111111111111-1.jpg\",\"articleSection\":[\"Cultural\",\"Espectaculos\"],\"inLanguage\":\"es\",\"potentialAction\":[{\"@type\":\"CommentAction\",\"name\":\"Comment\",\"target\":[\"https:\\\/\\\/whatsappmexico.com\\\/?p=8365#respond\"]}]},{\"@type\":\"WebPage\",\"@id\":\"https:\\\/\\\/whatsappmexico.com\\\/?p=8365\",\"url\":\"https:\\\/\\\/whatsappmexico.com\\\/?p=8365\",\"name\":\"Anuncian el Festival Internacional del Mariachi en Tamaulipas\",\"isPartOf\":{\"@id\":\"https:\\\/\\\/whatsappmexico.com\\\/#website\"},\"primaryImageOfPage\":{\"@id\":\"https:\\\/\\\/whatsappmexico.com\\\/?p=8365#primaryimage\"},\"image\":{\"@id\":\"https:\\\/\\\/whatsappmexico.com\\\/?p=8365#primaryimage\"},\"thumbnailUrl\":\"https:\\\/\\\/whatsappmexico.com\\\/wp-content\\\/uploads\\\/2022\\\/08\\\/1111111111111111-1.jpg\",\"datePublished\":\"2022-08-13T17:21:49+00:00\",\"author\":{\"@id\":\"https:\\\/\\\/whatsappmexico.com\\\/#\\\/schema\\\/person\\\/082b02d197e5c0d9eeef91cf10d3643e\"},\"description\":\"Anuncian el Festival Internacional del Mariachi en Tamaulipas, \u00a1habr\u00e1 una megacaravana! artistas de Reynosa vuelven a sonar con m\u00e1s altas.\",\"breadcrumb\":{\"@id\":\"https:\\\/\\\/whatsappmexico.com\\\/?p=8365#breadcrumb\"},\"inLanguage\":\"es\",\"potentialAction\":[{\"@type\":\"ReadAction\",\"target\":[\"https:\\\/\\\/whatsappmexico.com\\\/?p=8365\"]}]},{\"@type\":\"ImageObject\",\"inLanguage\":\"es\",\"@id\":\"https:\\\/\\\/whatsappmexico.com\\\/?p=8365#primaryimage\",\"url\":\"https:\\\/\\\/whatsappmexico.com\\\/wp-content\\\/uploads\\\/2022\\\/08\\\/1111111111111111-1.jpg\",\"contentUrl\":\"https:\\\/\\\/whatsappmexico.com\\\/wp-content\\\/uploads\\\/2022\\\/08\\\/1111111111111111-1.jpg\",\"width\":1140,\"height\":712,\"caption\":\"Anuncian el Festival Internacional del Mariachi en Tamaulipas, \u00a1habr\u00e1 una megacaravana!\"},{\"@type\":\"BreadcrumbList\",\"@id\":\"https:\\\/\\\/whatsappmexico.com\\\/?p=8365#breadcrumb\",\"itemListElement\":[{\"@type\":\"ListItem\",\"position\":1,\"name\":\"Portada\",\"item\":\"https:\\\/\\\/whatsappmexico.com\\\/\"},{\"@type\":\"ListItem\",\"position\":2,\"name\":\"Anuncian el Festival Internacional del Mariachi en Tamaulipas, \u00a1habr\u00e1 una megacaravana!\"}]},{\"@type\":\"WebSite\",\"@id\":\"https:\\\/\\\/whatsappmexico.com\\\/#website\",\"url\":\"https:\\\/\\\/whatsappmexico.com\\\/\",\"name\":\"\",\"description\":\"La Noticia M\u00e1s R\u00e1pida\",\"potentialAction\":[{\"@type\":\"SearchAction\",\"target\":{\"@type\":\"EntryPoint\",\"urlTemplate\":\"https:\\\/\\\/whatsappmexico.com\\\/?s={search_term_string}\"},\"query-input\":{\"@type\":\"PropertyValueSpecification\",\"valueRequired\":true,\"valueName\":\"search_term_string\"}}],\"inLanguage\":\"es\"},{\"@type\":\"Person\",\"@id\":\"https:\\\/\\\/whatsappmexico.com\\\/#\\\/schema\\\/person\\\/082b02d197e5c0d9eeef91cf10d3643e\",\"name\":\"admin\",\"image\":{\"@type\":\"ImageObject\",\"inLanguage\":\"es\",\"@id\":\"https:\\\/\\\/secure.gravatar.com\\\/avatar\\\/c2e50278fd314cf93ecf18c6171760d6d7972373780a207099fd11e86caef7a0?s=96&d=mm&r=g\",\"url\":\"https:\\\/\\\/secure.gravatar.com\\\/avatar\\\/c2e50278fd314cf93ecf18c6171760d6d7972373780a207099fd11e86caef7a0?s=96&d=mm&r=g\",\"contentUrl\":\"https:\\\/\\\/secure.gravatar.com\\\/avatar\\\/c2e50278fd314cf93ecf18c6171760d6d7972373780a207099fd11e86caef7a0?s=96&d=mm&r=g\",\"caption\":\"admin\"},\"sameAs\":[\"https:\\\/\\\/whatsappmexico.com\"],\"url\":\"https:\\\/\\\/whatsappmexico.com\\\/?author=1\"}]}<\/script>\n<!-- \/ Yoast SEO plugin. -->","yoast_head_json":{"title":"Anuncian el Festival Internacional del Mariachi en Tamaulipas","description":"Anuncian el Festival Internacional del Mariachi en Tamaulipas, \u00a1habr\u00e1 una megacaravana! artistas de Reynosa vuelven a sonar con m\u00e1s altas.","robots":{"index":"index","follow":"follow","max-snippet":"max-snippet:-1","max-image-preview":"max-image-preview:large","max-video-preview":"max-video-preview:-1"},"canonical":"https:\/\/whatsappmexico.com\/?p=8365","og_locale":"es_ES","og_type":"article","og_title":"Anuncian el Festival Internacional del Mariachi en Tamaulipas","og_description":"Anuncian el Festival Internacional del Mariachi en Tamaulipas, \u00a1habr\u00e1 una megacaravana! artistas de Reynosa vuelven a sonar con m\u00e1s altas.","og_url":"https:\/\/whatsappmexico.com\/?p=8365","article_published_time":"2022-08-13T17:21:49+00:00","og_image":[{"width":1140,"height":712,"url":"https:\/\/whatsappmexico.com\/wp-content\/uploads\/2022\/08\/1111111111111111-1.jpg","type":"image\/jpeg"}],"author":"admin","twitter_card":"summary_large_image","twitter_misc":{"Escrito por":"admin","Tiempo de lectura":"3 minutos"},"schema":{"@context":"https:\/\/schema.org","@graph":[{"@type":"Article","@id":"https:\/\/whatsappmexico.com\/?p=8365#article","isPartOf":{"@id":"https:\/\/whatsappmexico.com\/?p=8365"},"author":{"name":"admin","@id":"https:\/\/whatsappmexico.com\/#\/schema\/person\/082b02d197e5c0d9eeef91cf10d3643e"},"headline":"Anuncian el Festival Internacional del Mariachi en Tamaulipas, \u00a1habr\u00e1 una megacaravana!","datePublished":"2022-08-13T17:21:49+00:00","mainEntityOfPage":{"@id":"https:\/\/whatsappmexico.com\/?p=8365"},"wordCount":513,"commentCount":0,"image":{"@id":"https:\/\/whatsappmexico.com\/?p=8365#primaryimage"},"thumbnailUrl":"https:\/\/whatsappmexico.com\/wp-content\/uploads\/2022\/08\/1111111111111111-1.jpg","articleSection":["Cultural","Espectaculos"],"inLanguage":"es","potentialAction":[{"@type":"CommentAction","name":"Comment","target":["https:\/\/whatsappmexico.com\/?p=8365#respond"]}]},{"@type":"WebPage","@id":"https:\/\/whatsappmexico.com\/?p=8365","url":"https:\/\/whatsappmexico.com\/?p=8365","name":"Anuncian el Festival Internacional del Mariachi en Tamaulipas","isPartOf":{"@id":"https:\/\/whatsappmexico.com\/#website"},"primaryImageOfPage":{"@id":"https:\/\/whatsappmexico.com\/?p=8365#primaryimage"},"image":{"@id":"https:\/\/whatsappmexico.com\/?p=8365#primaryimage"},"thumbnailUrl":"https:\/\/whatsappmexico.com\/wp-content\/uploads\/2022\/08\/1111111111111111-1.jpg","datePublished":"2022-08-13T17:21:49+00:00","author":{"@id":"https:\/\/whatsappmexico.com\/#\/schema\/person\/082b02d197e5c0d9eeef91cf10d3643e"},"description":"Anuncian el Festival Internacional del Mariachi en Tamaulipas, \u00a1habr\u00e1 una megacaravana! artistas de Reynosa vuelven a sonar con m\u00e1s altas.","breadcrumb":{"@id":"https:\/\/whatsappmexico.com\/?p=8365#breadcrumb"},"inLanguage":"es","potentialAction":[{"@type":"ReadAction","target":["https:\/\/whatsappmexico.com\/?p=8365"]}]},{"@type":"ImageObject","inLanguage":"es","@id":"https:\/\/whatsappmexico.com\/?p=8365#primaryimage","url":"https:\/\/whatsappmexico.com\/wp-content\/uploads\/2022\/08\/1111111111111111-1.jpg","contentUrl":"https:\/\/whatsappmexico.com\/wp-content\/uploads\/2022\/08\/1111111111111111-1.jpg","width":1140,"height":712,"caption":"Anuncian el Festival Internacional del Mariachi en Tamaulipas, \u00a1habr\u00e1 una megacaravana!"},{"@type":"BreadcrumbList","@id":"https:\/\/whatsappmexico.com\/?p=8365#breadcrumb","itemListElement":[{"@type":"ListItem","position":1,"name":"Portada","item":"https:\/\/whatsappmexico.com\/"},{"@type":"ListItem","position":2,"name":"Anuncian el Festival Internacional del Mariachi en Tamaulipas, \u00a1habr\u00e1 una megacaravana!"}]},{"@type":"WebSite","@id":"https:\/\/whatsappmexico.com\/#website","url":"https:\/\/whatsappmexico.com\/","name":"","description":"La Noticia M\u00e1s R\u00e1pida","potentialAction":[{"@type":"SearchAction","target":{"@type":"EntryPoint","urlTemplate":"https:\/\/whatsappmexico.com\/?s={search_term_string}"},"query-input":{"@type":"PropertyValueSpecification","valueRequired":true,"valueName":"search_term_string"}}],"inLanguage":"es"},{"@type":"Person","@id":"https:\/\/whatsappmexico.com\/#\/schema\/person\/082b02d197e5c0d9eeef91cf10d3643e","name":"admin","image":{"@type":"ImageObject","inLanguage":"es","@id":"https:\/\/secure.gravatar.com\/avatar\/c2e50278fd314cf93ecf18c6171760d6d7972373780a207099fd11e86caef7a0?s=96&d=mm&r=g","url":"https:\/\/secure.gravatar.com\/avatar\/c2e50278fd314cf93ecf18c6171760d6d7972373780a207099fd11e86caef7a0?s=96&d=mm&r=g","contentUrl":"https:\/\/secure.gravatar.com\/avatar\/c2e50278fd314cf93ecf18c6171760d6d7972373780a207099fd11e86caef7a0?s=96&d=mm&r=g","caption":"admin"},"sameAs":["https:\/\/whatsappmexico.com"],"url":"https:\/\/whatsappmexico.com\/?author=1"}]}},"_links":{"self":[{"href":"https:\/\/whatsappmexico.com\/index.php?rest_route=\/wp\/v2\/posts\/8365","targetHints":{"allow":["GET"]}}],"collection":[{"href":"https:\/\/whatsappmexico.com\/index.php?rest_route=\/wp\/v2\/posts"}],"about":[{"href":"https:\/\/whatsappmexico.com\/index.php?rest_route=\/wp\/v2\/types\/post"}],"author":[{"embeddable":true,"href":"https:\/\/whatsappmexico.com\/index.php?rest_route=\/wp\/v2\/users\/1"}],"replies":[{"embeddable":true,"href":"https:\/\/whatsappmexico.com\/index.php?rest_route=%2Fwp%2Fv2%2Fcomments&post=8365"}],"version-history":[{"count":1,"href":"https:\/\/whatsappmexico.com\/index.php?rest_route=\/wp\/v2\/posts\/8365\/revisions"}],"predecessor-version":[{"id":8367,"href":"https:\/\/whatsappmexico.com\/index.php?rest_route=\/wp\/v2\/posts\/8365\/revisions\/8367"}],"wp:featuredmedia":[{"embeddable":true,"href":"https:\/\/whatsappmexico.com\/index.php?rest_route=\/wp\/v2\/media\/8366"}],"wp:attachment":[{"href":"https:\/\/whatsappmexico.com\/index.php?rest_route=%2Fwp%2Fv2%2Fmedia&parent=8365"}],"wp:term":[{"taxonomy":"category","embeddable":true,"href":"https:\/\/whatsappmexico.com\/index.php?rest_route=%2Fwp%2Fv2%2Fcategories&post=8365"},{"taxonomy":"post_tag","embeddable":true,"href":"https:\/\/whatsappmexico.com\/index.php?rest_route=%2Fwp%2Fv2%2Ftags&post=8365"}],"curies":[{"name":"wp","href":"https:\/\/api.w.org\/{rel}","templated":true}]}}